{"id":369,"date":"2017-12-27T21:00:00","date_gmt":"2017-12-27T18:00:00","guid":{"rendered":"https:\/\/yeni.assamcongress.com\/meclis-baskani-basbakan-yardimcisi-ve-bakanlarin-kongremizi-tebrik-mektuplari-ar\/"},"modified":"2017-12-27T21:00:00","modified_gmt":"2017-12-27T18:00:00","slug":"meclis-baskani-basbakan-yardimcisi-ve-bakanlarin-kongremizi-tebrik-mektuplari-ar","status":"publish","type":"post","link":"https:\/\/assamcongress.com\/ar\/meclis-baskani-basbakan-yardimcisi-ve-bakanlarin-kongremizi-tebrik-mektuplari-ar\/","title":{"rendered":"\u0631\u0633\u0627\u0626\u0644 \u0627\u0644\u062a\u0647\u0646\u0626\u0629 \u0645\u0646 \u0642\u0628\u0644 \u0645\u0624\u062a\u0645\u0631 \u0627\u0644\u0648\u0632\u0631\u0627\u0621 \u0648 \u0645\u0639\u0627\u0648\u0646\u0648\u0627 \u0631\u0626\u064a\u0633 \u0627\u0644\u0648\u0632\u0631\u0627\u0621 \u0648\u0631\u0626\u064a\u0633 \u0627\u0644\u0645\u062c\u0644\u0633."},"content":{"rendered":"<p dir=\"rtl\">\u0623\u0631\u0633\u0644 \u0643\u0644 \u0645\u0646 \u0648\u0632\u064a\u0631\u0629 \u0627\u0644\u0639\u0645\u0644 \u0648\u0627\u0644\u0636\u0645\u0627\u0646 \u0627\u0644\u0625\u062c\u062a\u0645\u0627\u0639\u064a \u0627\u0644\u0633\u064a\u062f\u0629 \u062c\u0648\u0644\u064a\u062f\u0627 \u0635\u0627\u0631\u064a\u0627\u0631\u0623\u0648\u063a\u0644\u0648 \u0648\u0648\u0632\u064a\u0631 \u0627\u0644\u0635\u0646\u0627\u0639\u0629 \u0648\u0627\u0644\u0639\u0644\u0648\u0645 \u0648\u0627\u0644\u062a\u0643\u0646\u0627\u0644\u0648\u062c\u064a\u0627 \u0627\u0644\u0633\u064a\u062f \u0641\u0627\u0631\u0648\u0642 \u0623\u0648\u0632\u0644\u0648 \u0648\u0648\u0632\u064a\u0631 \u0627\u0644\u062a\u0631\u0628\u064a\u0629 \u0627\u0644\u0648\u0637\u0646\u064a\u0629 \u0627\u0644\u0633\u064a\u062f \u0625\u0633\u0645\u0627\u0639\u064a\u0644 \u064a\u0644\u0645\u0627\u0632 \u0648\u0645\u0639\u0627\u0648\u0646 \u0631\u0626\u064a\u0633 \u0627\u0644\u0648\u0632\u0631\u0627\u0621 \u0627\u0644\u0628\u0631\u0648\u0641\u0633\u0648\u0631 \u0627\u0644\u062f\u0643\u062a\u0648\u0631 \u0631\u062c\u0628 \u0623\u0643\u062f\u0627\u063a \u0648\u0631\u0626\u064a\u0633 \u0627\u0644\u0645\u062c\u0644\u0633 \u0627\u0644\u0633\u064a\u062f \u0625\u0633\u0645\u0627\u0639\u064a\u0644 \u0643\u0647\u0631\u0645\u0627\u0646\u060c \u0628\u0631\u0642\u064a\u0627\u062a \u0627\u0644\u062a\u0647\u0646\u0626\u0629 \u0625\u0644\u0649 \u0645\u0624\u062a\u0645\u0631 \u0623\u0633\u0651\u0627\u0645\u00a0 ASSAM \u0627\u0644\u062f\u0648\u0644\u064a \u0627\u0644\u0623\u0648\u0644 \u0644\u0644\u0648\u062d\u062f\u0629 \u0627\u0644\u0625\u0633\u0644\u0627\u0645\u064a\u0629\u00a0 \u0627\u0644\u0645\u0646\u0639\u0642\u062f \u0641\u064a \u062a\u0627\u0631\u064a\u062e 23-24 \u062a\u0634\u0631\u064a\u0646 \u0627\u0644\u062b\u0627\u0646\u064a\/\u0646\u0648\u0641\u0645\u0628\u06312017.<\/p>\n<div class=\"k2_video\">\n<div class=\"k2_video_caption\">Meclis Ba\u015fkan\u0131 ,Ba\u015fbakan Yard\u0131mc\u0131s\u0131 ve Bakanlar\u0131n Telgraflar\u0131<\/div>\n<p><a href=\"https:\/\/www.youtube.com\/watch?v=U&#038;video_id=cEpwAS0-uNc\">https:\/\/www.youtube.com\/watch?v=U&amp;video_id=cEpwAS0-uNc<\/a><\/p>\n<div class=\"k2_video_credits\">www.assamcongress.com<\/div>\n<\/div>\n","protected":false},"excerpt":{"rendered":"<p>\u0623\u0631\u0633\u0644 \u0643\u0644 \u0645\u0646 \u0648\u0632\u064a\u0631\u0629 \u0627\u0644\u0639\u0645\u0644 \u0648\u0627\u0644\u0636\u0645\u0627\u0646 \u0627\u0644\u0625\u062c\u062a\u0645\u0627\u0639\u064a \u0627\u0644\u0633\u064a\u062f\u0629 \u062c\u0648\u0644\u064a\u062f\u0627 \u0635\u0627\u0631\u064a\u0627\u0631\u0623\u0648\u063a\u0644\u0648 \u0648\u0648\u0632\u064a\u0631 \u0627\u0644\u0635\u0646\u0627\u0639\u0629 \u0648\u0627\u0644\u0639\u0644\u0648\u0645 \u0648\u0627\u0644\u062a\u0643\u0646\u0627\u0644\u0648\u062c\u064a\u0627 \u0627\u0644\u0633\u064a\u062f \u0641\u0627\u0631\u0648\u0642 \u0623\u0648\u0632\u0644\u0648 \u0648\u0648\u0632\u064a\u0631 \u0627\u0644\u062a\u0631\u0628\u064a\u0629 \u0627\u0644\u0648\u0637\u0646\u064a\u0629 \u0627\u0644\u0633\u064a\u062f \u0625\u0633\u0645\u0627\u0639\u064a\u0644 \u064a\u0644\u0645\u0627\u0632 \u0648\u0645\u0639\u0627\u0648\u0646 \u0631\u0626\u064a\u0633 \u0627\u0644\u0648\u0632\u0631\u0627\u0621 \u0627\u0644\u0628\u0631\u0648\u0641\u0633\u0648\u0631 \u0627\u0644\u062f\u0643\u062a\u0648\u0631 \u0631\u062c\u0628 \u0623\u0643\u062f\u0627\u063a \u0648\u0631\u0626\u064a\u0633 \u0627\u0644\u0645\u062c\u0644\u0633 \u0627\u0644\u0633\u064a\u062f \u0625\u0633\u0645\u0627\u0639\u064a\u0644 \u0643\u0647\u0631\u0645\u0627\u0646\u060c \u0628\u0631\u0642\u064a\u0627\u062a \u0627\u0644\u062a\u0647\u0646\u0626\u0629 \u0625\u0644\u0649 \u0645\u0624\u062a\u0645\u0631 \u0623\u0633\u0651\u0627\u0645\u00a0 ASSAM \u0627\u0644\u062f\u0648\u0644\u064a \u0627\u0644\u0623\u0648\u0644 \u0644\u0644\u0648\u062d\u062f\u0629 \u0627\u0644\u0625\u0633\u0644\u0627\u0645\u064a\u0629\u00a0 \u0627\u0644\u0645\u0646\u0639\u0642\u062f \u0641\u064a \u062a\u0627\u0631\u064a\u062e 23-24 \u062a\u0634\u0631\u064a\u0646 \u0627\u0644\u062b\u0627\u0646\u064a\/\u0646\u0648\u0641\u0645\u0628\u06312017. Meclis Ba\u015fkan\u0131 ,Ba\u015fbakan Yard\u0131mc\u0131s\u0131 [&hellip;]<\/p>\n","protected":false},"author":13,"featured_media":0,"comment_status":"open","ping_status":"open","sticky":false,"template":"","format":"standard","meta":{"_acf_changed":false,"footnotes":""},"categories":[28],"tags":[368,366],"class_list":["post-369","post","type-post","status-publish","format-standard","hentry","category-1st-congress-videos","tag-basbakan-yardimcisi","tag-meslic-baskani"],"acf":[],"yoast_head":"<!-- This site is optimized with the Yoast SEO plugin v26.0 - https:\/\/yoast.com\/wordpress\/plugins\/seo\/ -->\n<title>\u0631\u0633\u0627\u0626\u0644 \u0627\u0644\u062a\u0647\u0646\u0626\u0629 \u0645\u0646 \u0642\u0628\u0644 \u0645\u0624\u062a\u0645\u0631 \u0627\u0644\u0648\u0632\u0631\u0627\u0621 \u0648 \u0645\u0639\u0627\u0648\u0646\u0648\u0627 \u0631\u0626\u064a\u0633 \u0627\u0644\u0648\u0632\u0631\u0627\u0621 \u0648\u0631\u0626\u064a\u0633 \u0627\u0644\u0645\u062c\u0644\u0633. - ASSAM Congress<\/title>\n<meta name=\"robots\" content=\"index, follow, max-snippet:-1, max-image-preview:large, max-video-preview:-1\" \/>\n<link rel=\"canonical\" href=\"https:\/\/assamcongress.com\/ar\/meclis-baskani-basbakan-yardimcisi-ve-bakanlarin-kongremizi-tebrik-mektuplari-ar\/\" \/>\n<meta property=\"og:locale\" content=\"ar_AR\" \/>\n<meta property=\"og:type\" content=\"article\" \/>\n<meta property=\"og:title\" content=\"\u0631\u0633\u0627\u0626\u0644 \u0627\u0644\u062a\u0647\u0646\u0626\u0629 \u0645\u0646 \u0642\u0628\u0644 \u0645\u0624\u062a\u0645\u0631 \u0627\u0644\u0648\u0632\u0631\u0627\u0621 \u0648 \u0645\u0639\u0627\u0648\u0646\u0648\u0627 \u0631\u0626\u064a\u0633 \u0627\u0644\u0648\u0632\u0631\u0627\u0621 \u0648\u0631\u0626\u064a\u0633 \u0627\u0644\u0645\u062c\u0644\u0633. - ASSAM Congress\" \/>\n<meta property=\"og:description\" content=\"\u0623\u0631\u0633\u0644 \u0643\u0644 \u0645\u0646 \u0648\u0632\u064a\u0631\u0629 \u0627\u0644\u0639\u0645\u0644 \u0648\u0627\u0644\u0636\u0645\u0627\u0646 \u0627\u0644\u0625\u062c\u062a\u0645\u0627\u0639\u064a \u0627\u0644\u0633\u064a\u062f\u0629 \u062c\u0648\u0644\u064a\u062f\u0627 \u0635\u0627\u0631\u064a\u0627\u0631\u0623\u0648\u063a\u0644\u0648 \u0648\u0648\u0632\u064a\u0631 \u0627\u0644\u0635\u0646\u0627\u0639\u0629 \u0648\u0627\u0644\u0639\u0644\u0648\u0645 \u0648\u0627\u0644\u062a\u0643\u0646\u0627\u0644\u0648\u062c\u064a\u0627 \u0627\u0644\u0633\u064a\u062f \u0641\u0627\u0631\u0648\u0642 \u0623\u0648\u0632\u0644\u0648 \u0648\u0648\u0632\u064a\u0631 \u0627\u0644\u062a\u0631\u0628\u064a\u0629 \u0627\u0644\u0648\u0637\u0646\u064a\u0629 \u0627\u0644\u0633\u064a\u062f \u0625\u0633\u0645\u0627\u0639\u064a\u0644 \u064a\u0644\u0645\u0627\u0632 \u0648\u0645\u0639\u0627\u0648\u0646 \u0631\u0626\u064a\u0633 \u0627\u0644\u0648\u0632\u0631\u0627\u0621 \u0627\u0644\u0628\u0631\u0648\u0641\u0633\u0648\u0631 \u0627\u0644\u062f\u0643\u062a\u0648\u0631 \u0631\u062c\u0628 \u0623\u0643\u062f\u0627\u063a \u0648\u0631\u0626\u064a\u0633 \u0627\u0644\u0645\u062c\u0644\u0633 \u0627\u0644\u0633\u064a\u062f \u0625\u0633\u0645\u0627\u0639\u064a\u0644 \u0643\u0647\u0631\u0645\u0627\u0646\u060c \u0628\u0631\u0642\u064a\u0627\u062a \u0627\u0644\u062a\u0647\u0646\u0626\u0629 \u0625\u0644\u0649 \u0645\u0624\u062a\u0645\u0631 \u0623\u0633\u0651\u0627\u0645\u00a0 ASSAM \u0627\u0644\u062f\u0648\u0644\u064a \u0627\u0644\u0623\u0648\u0644 \u0644\u0644\u0648\u062d\u062f\u0629 \u0627\u0644\u0625\u0633\u0644\u0627\u0645\u064a\u0629\u00a0 \u0627\u0644\u0645\u0646\u0639\u0642\u062f \u0641\u064a \u062a\u0627\u0631\u064a\u062e 23-24 \u062a\u0634\u0631\u064a\u0646 \u0627\u0644\u062b\u0627\u0646\u064a\/\u0646\u0648\u0641\u0645\u0628\u06312017. Meclis Ba\u015fkan\u0131 ,Ba\u015fbakan Yard\u0131mc\u0131s\u0131 [&hellip;]\" \/>\n<meta property=\"og:url\" content=\"https:\/\/assamcongress.com\/ar\/meclis-baskani-basbakan-yardimcisi-ve-bakanlarin-kongremizi-tebrik-mektuplari-ar\/\" \/>\n<meta property=\"og:site_name\" content=\"ASSAM Congress\" \/>\n<meta property=\"article:publisher\" content=\"https:\/\/facebook.com\/assamcongresses\" \/>\n<meta property=\"article:published_time\" content=\"2017-12-27T18:00:00+00:00\" \/>\n<meta name=\"author\" content=\"ASSAM Web Admin\" \/>\n<meta name=\"twitter:card\" content=\"summary_large_image\" \/>\n<meta name=\"twitter:creator\" content=\"@assamcongresses\" \/>\n<meta name=\"twitter:site\" content=\"@assamcongresses\" \/>\n<meta name=\"twitter:label1\" content=\"\u0643\u064f\u062a\u0628 \u0628\u0648\u0627\u0633\u0637\u0629\" \/>\n\t<meta name=\"twitter:data1\" content=\"ASSAM Web Admin\" \/>\n<script type=\"application\/ld+json\" class=\"yoast-schema-graph\">{\"@context\":\"https:\/\/schema.org\",\"@graph\":[{\"@type\":\"Article\",\"@id\":\"https:\/\/assamcongress.com\/ar\/meclis-baskani-basbakan-yardimcisi-ve-bakanlarin-kongremizi-tebrik-mektuplari-ar\/#article\",\"isPartOf\":{\"@id\":\"https:\/\/assamcongress.com\/ar\/meclis-baskani-basbakan-yardimcisi-ve-bakanlarin-kongremizi-tebrik-mektuplari-ar\/\"},\"author\":{\"name\":\"ASSAM Web Admin\",\"@id\":\"https:\/\/assamcongress.com\/ar\/#\/schema\/person\/88ab876df3f064629243273a9d94ceed\"},\"headline\":\"\u0631\u0633\u0627\u0626\u0644 \u0627\u0644\u062a\u0647\u0646\u0626\u0629 \u0645\u0646 \u0642\u0628\u0644 \u0645\u0624\u062a\u0645\u0631 \u0627\u0644\u0648\u0632\u0631\u0627\u0621 \u0648 \u0645\u0639\u0627\u0648\u0646\u0648\u0627 \u0631\u0626\u064a\u0633 \u0627\u0644\u0648\u0632\u0631\u0627\u0621 \u0648\u0631\u0626\u064a\u0633 \u0627\u0644\u0645\u062c\u0644\u0633.\",\"datePublished\":\"2017-12-27T18:00:00+00:00\",\"mainEntityOfPage\":{\"@id\":\"https:\/\/assamcongress.com\/ar\/meclis-baskani-basbakan-yardimcisi-ve-bakanlarin-kongremizi-tebrik-mektuplari-ar\/\"},\"wordCount\":30,\"commentCount\":0,\"publisher\":{\"@id\":\"https:\/\/assamcongress.com\/ar\/#organization\"},\"keywords\":[\"ba\u015fbakan yard\u0131mc\u0131s\u0131\",\"meslic ba\u015fkan\u0131\"],\"articleSection\":[\"1st Congress Videos\"],\"inLanguage\":\"ar\"},{\"@type\":\"WebPage\",\"@id\":\"https:\/\/assamcongress.com\/ar\/meclis-baskani-basbakan-yardimcisi-ve-bakanlarin-kongremizi-tebrik-mektuplari-ar\/\",\"url\":\"https:\/\/assamcongress.com\/ar\/meclis-baskani-basbakan-yardimcisi-ve-bakanlarin-kongremizi-tebrik-mektuplari-ar\/\",\"name\":\"\u0631\u0633\u0627\u0626\u0644 \u0627\u0644\u062a\u0647\u0646\u0626\u0629 \u0645\u0646 \u0642\u0628\u0644 \u0645\u0624\u062a\u0645\u0631 \u0627\u0644\u0648\u0632\u0631\u0627\u0621 \u0648 \u0645\u0639\u0627\u0648\u0646\u0648\u0627 \u0631\u0626\u064a\u0633 \u0627\u0644\u0648\u0632\u0631\u0627\u0621 \u0648\u0631\u0626\u064a\u0633 \u0627\u0644\u0645\u062c\u0644\u0633. - ASSAM Congress\",\"isPartOf\":{\"@id\":\"https:\/\/assamcongress.com\/ar\/#website\"},\"datePublished\":\"2017-12-27T18:00:00+00:00\",\"breadcrumb\":{\"@id\":\"https:\/\/assamcongress.com\/ar\/meclis-baskani-basbakan-yardimcisi-ve-bakanlarin-kongremizi-tebrik-mektuplari-ar\/#breadcrumb\"},\"inLanguage\":\"ar\",\"potentialAction\":[{\"@type\":\"ReadAction\",\"target\":[\"https:\/\/assamcongress.com\/ar\/meclis-baskani-basbakan-yardimcisi-ve-bakanlarin-kongremizi-tebrik-mektuplari-ar\/\"]}]},{\"@type\":\"BreadcrumbList\",\"@id\":\"https:\/\/assamcongress.com\/ar\/meclis-baskani-basbakan-yardimcisi-ve-bakanlarin-kongremizi-tebrik-mektuplari-ar\/#breadcrumb\",\"itemListElement\":[{\"@type\":\"ListItem\",\"position\":1,\"name\":\"Home\",\"item\":\"https:\/\/assamcongress.com\/ar\/\"},{\"@type\":\"ListItem\",\"position\":2,\"name\":\"\u0631\u0633\u0627\u0626\u0644 \u0627\u0644\u062a\u0647\u0646\u0626\u0629 \u0645\u0646 \u0642\u0628\u0644 \u0645\u0624\u062a\u0645\u0631 \u0627\u0644\u0648\u0632\u0631\u0627\u0621 \u0648 \u0645\u0639\u0627\u0648\u0646\u0648\u0627 \u0631\u0626\u064a\u0633 \u0627\u0644\u0648\u0632\u0631\u0627\u0621 \u0648\u0631\u0626\u064a\u0633 \u0627\u0644\u0645\u062c\u0644\u0633.\"}]},{\"@type\":\"WebSite\",\"@id\":\"https:\/\/assamcongress.com\/ar\/#website\",\"url\":\"https:\/\/assamcongress.com\/ar\/\",\"name\":\"ASSAM International Congresses\",\"description\":\"Adaleti Savunanlar Stratejik Ara\u015ft\u0131rmalar Merkezi\",\"publisher\":{\"@id\":\"https:\/\/assamcongress.com\/ar\/#organization\"},\"potentialAction\":[{\"@type\":\"SearchAction\",\"target\":{\"@type\":\"EntryPoint\",\"urlTemplate\":\"https:\/\/assamcongress.com\/ar\/?s={search_term_string}\"},\"query-input\":{\"@type\":\"PropertyValueSpecification\",\"valueRequired\":true,\"valueName\":\"search_term_string\"}}],\"inLanguage\":\"ar\"},{\"@type\":\"Organization\",\"@id\":\"https:\/\/assamcongress.com\/ar\/#organization\",\"name\":\"ASSAM - Justice Defenders Strategic Studies Center\",\"url\":\"https:\/\/assamcongress.com\/ar\/\",\"logo\":{\"@type\":\"ImageObject\",\"inLanguage\":\"ar\",\"@id\":\"https:\/\/assamcongress.com\/ar\/#\/schema\/logo\/image\/\",\"url\":\"https:\/\/assamcongress.com\/download\/2025\/09\/ASSAM-Logo-2023-1-scaled.png\",\"contentUrl\":\"https:\/\/assamcongress.com\/download\/2025\/09\/ASSAM-Logo-2023-1-scaled.png\",\"width\":2560,\"height\":2560,\"caption\":\"ASSAM - Justice Defenders Strategic Studies Center\"},\"image\":{\"@id\":\"https:\/\/assamcongress.com\/ar\/#\/schema\/logo\/image\/\"},\"sameAs\":[\"https:\/\/facebook.com\/assamcongresses\",\"https:\/\/x.com\/assamcongresses\",\"https:\/\/linkedin.com\/showcase\/assamcongresses\",\"http:\/\/youtube.com\/ASSAMCongress\",\"https:\/\/sosyal.teknofest.app\/@assam_der\"]},{\"@type\":\"Person\",\"@id\":\"https:\/\/assamcongress.com\/ar\/#\/schema\/person\/88ab876df3f064629243273a9d94ceed\",\"name\":\"ASSAM Web Admin\",\"image\":{\"@type\":\"ImageObject\",\"inLanguage\":\"ar\",\"@id\":\"https:\/\/assamcongress.com\/ar\/#\/schema\/person\/image\/\",\"url\":\"https:\/\/secure.gravatar.com\/avatar\/b64b9f9a11c3402664510c42229973ea79f05e8f86997d5123fb1c02cf533ea4?s=96&d=mm&r=g\",\"contentUrl\":\"https:\/\/secure.gravatar.com\/avatar\/b64b9f9a11c3402664510c42229973ea79f05e8f86997d5123fb1c02cf533ea4?s=96&d=mm&r=g\",\"caption\":\"ASSAM Web Admin\"},\"url\":\"https:\/\/assamcongress.com\/ar\/author\/assamkongre\/\"}]}<\/script>\n<!-- \/ Yoast SEO plugin. -->","yoast_head_json":{"title":"\u0631\u0633\u0627\u0626\u0644 \u0627\u0644\u062a\u0647\u0646\u0626\u0629 \u0645\u0646 \u0642\u0628\u0644 \u0645\u0624\u062a\u0645\u0631 \u0627\u0644\u0648\u0632\u0631\u0627\u0621 \u0648 \u0645\u0639\u0627\u0648\u0646\u0648\u0627 \u0631\u0626\u064a\u0633 \u0627\u0644\u0648\u0632\u0631\u0627\u0621 \u0648\u0631\u0626\u064a\u0633 \u0627\u0644\u0645\u062c\u0644\u0633. - ASSAM Congress","robots":{"index":"index","follow":"follow","max-snippet":"max-snippet:-1","max-image-preview":"max-image-preview:large","max-video-preview":"max-video-preview:-1"},"canonical":"https:\/\/assamcongress.com\/ar\/meclis-baskani-basbakan-yardimcisi-ve-bakanlarin-kongremizi-tebrik-mektuplari-ar\/","og_locale":"ar_AR","og_type":"article","og_title":"\u0631\u0633\u0627\u0626\u0644 \u0627\u0644\u062a\u0647\u0646\u0626\u0629 \u0645\u0646 \u0642\u0628\u0644 \u0645\u0624\u062a\u0645\u0631 \u0627\u0644\u0648\u0632\u0631\u0627\u0621 \u0648 \u0645\u0639\u0627\u0648\u0646\u0648\u0627 \u0631\u0626\u064a\u0633 \u0627\u0644\u0648\u0632\u0631\u0627\u0621 \u0648\u0631\u0626\u064a\u0633 \u0627\u0644\u0645\u062c\u0644\u0633. - ASSAM Congress","og_description":"\u0623\u0631\u0633\u0644 \u0643\u0644 \u0645\u0646 \u0648\u0632\u064a\u0631\u0629 \u0627\u0644\u0639\u0645\u0644 \u0648\u0627\u0644\u0636\u0645\u0627\u0646 \u0627\u0644\u0625\u062c\u062a\u0645\u0627\u0639\u064a \u0627\u0644\u0633\u064a\u062f\u0629 \u062c\u0648\u0644\u064a\u062f\u0627 \u0635\u0627\u0631\u064a\u0627\u0631\u0623\u0648\u063a\u0644\u0648 \u0648\u0648\u0632\u064a\u0631 \u0627\u0644\u0635\u0646\u0627\u0639\u0629 \u0648\u0627\u0644\u0639\u0644\u0648\u0645 \u0648\u0627\u0644\u062a\u0643\u0646\u0627\u0644\u0648\u062c\u064a\u0627 \u0627\u0644\u0633\u064a\u062f \u0641\u0627\u0631\u0648\u0642 \u0623\u0648\u0632\u0644\u0648 \u0648\u0648\u0632\u064a\u0631 \u0627\u0644\u062a\u0631\u0628\u064a\u0629 \u0627\u0644\u0648\u0637\u0646\u064a\u0629 \u0627\u0644\u0633\u064a\u062f \u0625\u0633\u0645\u0627\u0639\u064a\u0644 \u064a\u0644\u0645\u0627\u0632 \u0648\u0645\u0639\u0627\u0648\u0646 \u0631\u0626\u064a\u0633 \u0627\u0644\u0648\u0632\u0631\u0627\u0621 \u0627\u0644\u0628\u0631\u0648\u0641\u0633\u0648\u0631 \u0627\u0644\u062f\u0643\u062a\u0648\u0631 \u0631\u062c\u0628 \u0623\u0643\u062f\u0627\u063a \u0648\u0631\u0626\u064a\u0633 \u0627\u0644\u0645\u062c\u0644\u0633 \u0627\u0644\u0633\u064a\u062f \u0625\u0633\u0645\u0627\u0639\u064a\u0644 \u0643\u0647\u0631\u0645\u0627\u0646\u060c \u0628\u0631\u0642\u064a\u0627\u062a \u0627\u0644\u062a\u0647\u0646\u0626\u0629 \u0625\u0644\u0649 \u0645\u0624\u062a\u0645\u0631 \u0623\u0633\u0651\u0627\u0645\u00a0 ASSAM \u0627\u0644\u062f\u0648\u0644\u064a \u0627\u0644\u0623\u0648\u0644 \u0644\u0644\u0648\u062d\u062f\u0629 \u0627\u0644\u0625\u0633\u0644\u0627\u0645\u064a\u0629\u00a0 \u0627\u0644\u0645\u0646\u0639\u0642\u062f \u0641\u064a \u062a\u0627\u0631\u064a\u062e 23-24 \u062a\u0634\u0631\u064a\u0646 \u0627\u0644\u062b\u0627\u0646\u064a\/\u0646\u0648\u0641\u0645\u0628\u06312017. Meclis Ba\u015fkan\u0131 ,Ba\u015fbakan Yard\u0131mc\u0131s\u0131 [&hellip;]","og_url":"https:\/\/assamcongress.com\/ar\/meclis-baskani-basbakan-yardimcisi-ve-bakanlarin-kongremizi-tebrik-mektuplari-ar\/","og_site_name":"ASSAM Congress","article_publisher":"https:\/\/facebook.com\/assamcongresses","article_published_time":"2017-12-27T18:00:00+00:00","author":"ASSAM Web Admin","twitter_card":"summary_large_image","twitter_creator":"@assamcongresses","twitter_site":"@assamcongresses","twitter_misc":{"\u0643\u064f\u062a\u0628 \u0628\u0648\u0627\u0633\u0637\u0629":"ASSAM Web Admin"},"schema":{"@context":"https:\/\/schema.org","@graph":[{"@type":"Article","@id":"https:\/\/assamcongress.com\/ar\/meclis-baskani-basbakan-yardimcisi-ve-bakanlarin-kongremizi-tebrik-mektuplari-ar\/#article","isPartOf":{"@id":"https:\/\/assamcongress.com\/ar\/meclis-baskani-basbakan-yardimcisi-ve-bakanlarin-kongremizi-tebrik-mektuplari-ar\/"},"author":{"name":"ASSAM Web Admin","@id":"https:\/\/assamcongress.com\/ar\/#\/schema\/person\/88ab876df3f064629243273a9d94ceed"},"headline":"\u0631\u0633\u0627\u0626\u0644 \u0627\u0644\u062a\u0647\u0646\u0626\u0629 \u0645\u0646 \u0642\u0628\u0644 \u0645\u0624\u062a\u0645\u0631 \u0627\u0644\u0648\u0632\u0631\u0627\u0621 \u0648 \u0645\u0639\u0627\u0648\u0646\u0648\u0627 \u0631\u0626\u064a\u0633 \u0627\u0644\u0648\u0632\u0631\u0627\u0621 \u0648\u0631\u0626\u064a\u0633 \u0627\u0644\u0645\u062c\u0644\u0633.","datePublished":"2017-12-27T18:00:00+00:00","mainEntityOfPage":{"@id":"https:\/\/assamcongress.com\/ar\/meclis-baskani-basbakan-yardimcisi-ve-bakanlarin-kongremizi-tebrik-mektuplari-ar\/"},"wordCount":30,"commentCount":0,"publisher":{"@id":"https:\/\/assamcongress.com\/ar\/#organization"},"keywords":["ba\u015fbakan yard\u0131mc\u0131s\u0131","meslic ba\u015fkan\u0131"],"articleSection":["1st Congress Videos"],"inLanguage":"ar"},{"@type":"WebPage","@id":"https:\/\/assamcongress.com\/ar\/meclis-baskani-basbakan-yardimcisi-ve-bakanlarin-kongremizi-tebrik-mektuplari-ar\/","url":"https:\/\/assamcongress.com\/ar\/meclis-baskani-basbakan-yardimcisi-ve-bakanlarin-kongremizi-tebrik-mektuplari-ar\/","name":"\u0631\u0633\u0627\u0626\u0644 \u0627\u0644\u062a\u0647\u0646\u0626\u0629 \u0645\u0646 \u0642\u0628\u0644 \u0645\u0624\u062a\u0645\u0631 \u0627\u0644\u0648\u0632\u0631\u0627\u0621 \u0648 \u0645\u0639\u0627\u0648\u0646\u0648\u0627 \u0631\u0626\u064a\u0633 \u0627\u0644\u0648\u0632\u0631\u0627\u0621 \u0648\u0631\u0626\u064a\u0633 \u0627\u0644\u0645\u062c\u0644\u0633. - ASSAM Congress","isPartOf":{"@id":"https:\/\/assamcongress.com\/ar\/#website"},"datePublished":"2017-12-27T18:00:00+00:00","breadcrumb":{"@id":"https:\/\/assamcongress.com\/ar\/meclis-baskani-basbakan-yardimcisi-ve-bakanlarin-kongremizi-tebrik-mektuplari-ar\/#breadcrumb"},"inLanguage":"ar","potentialAction":[{"@type":"ReadAction","target":["https:\/\/assamcongress.com\/ar\/meclis-baskani-basbakan-yardimcisi-ve-bakanlarin-kongremizi-tebrik-mektuplari-ar\/"]}]},{"@type":"BreadcrumbList","@id":"https:\/\/assamcongress.com\/ar\/meclis-baskani-basbakan-yardimcisi-ve-bakanlarin-kongremizi-tebrik-mektuplari-ar\/#breadcrumb","itemListElement":[{"@type":"ListItem","position":1,"name":"Home","item":"https:\/\/assamcongress.com\/ar\/"},{"@type":"ListItem","position":2,"name":"\u0631\u0633\u0627\u0626\u0644 \u0627\u0644\u062a\u0647\u0646\u0626\u0629 \u0645\u0646 \u0642\u0628\u0644 \u0645\u0624\u062a\u0645\u0631 \u0627\u0644\u0648\u0632\u0631\u0627\u0621 \u0648 \u0645\u0639\u0627\u0648\u0646\u0648\u0627 \u0631\u0626\u064a\u0633 \u0627\u0644\u0648\u0632\u0631\u0627\u0621 \u0648\u0631\u0626\u064a\u0633 \u0627\u0644\u0645\u062c\u0644\u0633."}]},{"@type":"WebSite","@id":"https:\/\/assamcongress.com\/ar\/#website","url":"https:\/\/assamcongress.com\/ar\/","name":"ASSAM International Congresses","description":"Adaleti Savunanlar Stratejik Ara\u015ft\u0131rmalar Merkezi","publisher":{"@id":"https:\/\/assamcongress.com\/ar\/#organization"},"potentialAction":[{"@type":"SearchAction","target":{"@type":"EntryPoint","urlTemplate":"https:\/\/assamcongress.com\/ar\/?s={search_term_string}"},"query-input":{"@type":"PropertyValueSpecification","valueRequired":true,"valueName":"search_term_string"}}],"inLanguage":"ar"},{"@type":"Organization","@id":"https:\/\/assamcongress.com\/ar\/#organization","name":"ASSAM - Justice Defenders Strategic Studies Center","url":"https:\/\/assamcongress.com\/ar\/","logo":{"@type":"ImageObject","inLanguage":"ar","@id":"https:\/\/assamcongress.com\/ar\/#\/schema\/logo\/image\/","url":"https:\/\/assamcongress.com\/download\/2025\/09\/ASSAM-Logo-2023-1-scaled.png","contentUrl":"https:\/\/assamcongress.com\/download\/2025\/09\/ASSAM-Logo-2023-1-scaled.png","width":2560,"height":2560,"caption":"ASSAM - Justice Defenders Strategic Studies Center"},"image":{"@id":"https:\/\/assamcongress.com\/ar\/#\/schema\/logo\/image\/"},"sameAs":["https:\/\/facebook.com\/assamcongresses","https:\/\/x.com\/assamcongresses","https:\/\/linkedin.com\/showcase\/assamcongresses","http:\/\/youtube.com\/ASSAMCongress","https:\/\/sosyal.teknofest.app\/@assam_der"]},{"@type":"Person","@id":"https:\/\/assamcongress.com\/ar\/#\/schema\/person\/88ab876df3f064629243273a9d94ceed","name":"ASSAM Web Admin","image":{"@type":"ImageObject","inLanguage":"ar","@id":"https:\/\/assamcongress.com\/ar\/#\/schema\/person\/image\/","url":"https:\/\/secure.gravatar.com\/avatar\/b64b9f9a11c3402664510c42229973ea79f05e8f86997d5123fb1c02cf533ea4?s=96&d=mm&r=g","contentUrl":"https:\/\/secure.gravatar.com\/avatar\/b64b9f9a11c3402664510c42229973ea79f05e8f86997d5123fb1c02cf533ea4?s=96&d=mm&r=g","caption":"ASSAM Web Admin"},"url":"https:\/\/assamcongress.com\/ar\/author\/assamkongre\/"}]}},"_links":{"self":[{"href":"https:\/\/assamcongress.com\/ar\/wp-json\/wp\/v2\/posts\/369","targetHints":{"allow":["GET"]}}],"collection":[{"href":"https:\/\/assamcongress.com\/ar\/wp-json\/wp\/v2\/posts"}],"about":[{"href":"https:\/\/assamcongress.com\/ar\/wp-json\/wp\/v2\/types\/post"}],"author":[{"embeddable":true,"href":"https:\/\/assamcongress.com\/ar\/wp-json\/wp\/v2\/users\/13"}],"replies":[{"embeddable":true,"href":"https:\/\/assamcongress.com\/ar\/wp-json\/wp\/v2\/comments?post=369"}],"version-history":[{"count":0,"href":"https:\/\/assamcongress.com\/ar\/wp-json\/wp\/v2\/posts\/369\/revisions"}],"wp:attachment":[{"href":"https:\/\/assamcongress.com\/ar\/wp-json\/wp\/v2\/media?parent=369"}],"wp:term":[{"taxonomy":"category","embeddable":true,"href":"https:\/\/assamcongress.com\/ar\/wp-json\/wp\/v2\/categories?post=369"},{"taxonomy":"post_tag","embeddable":true,"href":"https:\/\/assamcongress.com\/ar\/wp-json\/wp\/v2\/tags?post=369"}],"curies":[{"name":"wp","href":"https:\/\/api.w.org\/{rel}","templated":true}]}}