{"id":1339,"date":"2023-05-12T07:11:46","date_gmt":"2023-05-12T04:11:46","guid":{"rendered":"https:\/\/yeni.assamcongress.com\/islam-birligi-icin-musterek-adalet-sistemi-usul-ve-esaslarinin-tespiti\/"},"modified":"2023-05-12T07:11:46","modified_gmt":"2023-05-12T04:11:46","slug":"islam-birligi-icin-musterek-adalet-sistemi-usul-ve-esaslarinin-tespiti","status":"publish","type":"post","link":"https:\/\/assamcongress.com\/tr\/islam-birligi-icin-musterek-adalet-sistemi-usul-ve-esaslarinin-tespiti\/","title":{"rendered":"Model ASR\u0130KA Konfederasyonu Adalet Sistemi"},"content":{"rendered":"<p style=\"text-align: center;\"><span style=\"font-size: 18pt;\"><strong>YED\u0130NC\u0130 ULUSLARARASI ASSAM \u0130SLAM B\u0130RL\u0130\u011e\u0130 MODEL\u0130<br \/> KONGRE BEYANNAMES\u0130<\/strong><\/span><\/p>\n<p style=\"text-align: justify;\"><span style=\"font-size: 18pt;\">GENEL<\/span><\/p>\n<p style=\"text-align: justify;\"><span style=\"font-size: 18pt;\">Uluslararas\u0131 ASSAM \u0130slam Birli\u011fi Modeli Kongreleri\u2019nin amac\u0131; \u0130slam \u00fclkeleri co\u011frafyas\u0131 ba\u015fta olmak \u00fczere d\u00fcnya siyasetinde g\u00fcncel sorunlarla ilgili olarak akademik ve siyasal bir zemin \u00fczerinde tespitler yapmak, <strong>\u0130sl\u00e2m \u00fclkelerinin bir irade alt\u0131nda toplanmas\u0131 i\u00e7in gerekli m\u00fcesseseleri ve bu m\u00fcesseseler i\u00e7in gerekli mevzuat hakk\u0131nda \u0130slam d\u00fcnyas\u0131na ve karar vericilere bir hal tarz\u0131 sunmakt\u0131r.<\/strong><\/span><\/p>\n<p style=\"text-align: justify;\"><span style=\"font-size: 18pt;\"><strong>Uluslararas\u0131 ASSAM \u0130slam Birli\u011fi Modeli Kongreleri\u2019nin <\/strong>Birincisine 27 \u0130sl\u00e2m \u00fclkesinden kat\u0131lan STK temsilcileri ve akademisyenlerle yap\u0131lan isti\u015fare sonucunda s\u00fcreklili\u011finin sa\u011flanmas\u0131na karar verilmi\u015ftir.<\/span><\/p>\n<p style=\"text-align: justify;\"><span style=\"font-size: 18pt;\"><strong>Devletlerin asl\u00ee faaliyet alanlar\u0131 <\/strong>da dikkate al\u0131narak, <strong>ilki 2017<\/strong>, <strong>ikincisi 2018, \u00fc\u00e7\u00fcnc\u00fcs\u00fc 2019, d\u00f6rd\u00fcnc\u00fcs\u00fc 2020, be\u015fincisi 2021, alt\u0131nc\u0131s\u0131 2022 y\u0131l\u0131nda<\/strong> ger\u00e7ekle\u015ftirilen ve her y\u0131l icra edilmesi planlanan <strong>&#8220;Uluslararas\u0131 ASSAM \u0130sl\u00e2m Birli\u011fi Modeli Kongreleri&#8221; serisinin, ge\u00e7mi\u015f y\u0131llarda uygulanan ve\u00a0bu y\u0131l uygulanacak ana konular\u0131<\/strong>;<\/span><\/p>\n<ol style=\"text-align: justify;\">\n<li><span style=\"font-size: 18pt;\">\u0130slam Birli\u011fi i\u00e7in <strong>Y\u00f6netim \u015eekil ve Organlar\u0131 Mevzuat\u0131n\u0131n <\/strong>Tespiti <strong>(2017-Yap\u0131ld\u0131)<\/strong><\/span><\/li>\n<li><span style=\"font-size: 18pt;\">\u0130slam Birli\u011fi i\u00e7in <strong>Ekonomik \u0130\u015f Birli\u011fi Usul ve Esaslar\u0131n\u0131n <\/strong>Tespiti <strong>(2018-Yap\u0131ld\u0131)<\/strong><\/span><\/li>\n<li><span style=\"font-size: 18pt;\">\u0130sl\u00e2m Birli\u011fi i\u00e7in <strong>Savunma Sanayi \u0130\u015f Birli\u011fi Usul ve Esaslar\u0131n\u0131n <\/strong>Tespiti <strong>(2019-Yap\u0131ld\u0131)<\/strong><\/span><\/li>\n<li><span style=\"font-size: 18pt;\">\u0130sl\u00e2m Birli\u011fi i\u00e7in <strong>Ortak Savunma Sistemi Usul ve Esaslar\u0131n\u0131n <\/strong>Tespiti <strong>(2020-Yap\u0131ld\u0131)<\/strong><\/span><\/li>\n<li><span style=\"font-size: 18pt;\">\u0130sl\u00e2m Birli\u011fi i\u00e7in <strong>Ortak D\u0131\u015f Politika Usul ve Esaslar\u0131n\u0131n <\/strong>Tespiti <strong>(2021-Yap\u0131ld\u0131)<\/strong><\/span><\/li>\n<li><span style=\"font-size: 18pt;\">\u0130sl\u00e2m Birli\u011fi i\u00e7in<strong> Ortak Asayi\u015f ve G\u00fcvenlik Usul ve Esaslar\u0131n\u0131n <\/strong>Tespiti<strong> (2022-Yap\u0131ld\u0131)<\/strong><\/span><\/li>\n<li><span style=\"color: #ff0000; font-size: 18pt;\"><strong>\u0130sl\u00e2m Birli\u011fi i\u00e7in Ortak Adalet Sistemi Usul ve Esaslar\u0131n\u0131n Tespiti (2023)<\/strong><\/span><\/li>\n<\/ol>\n<p style=\"text-align: justify;\"><span style=\"font-size: 18pt;\">\u015feklinde se\u00e7ilmi\u015f ve sonunda <strong>\u0130slam \u00fclkelerinin bir irade alt\u0131nda toplanmas\u0131 i\u00e7in gereken m\u00fcesseseler ve bu m\u00fcesseselerin mevzuat\u0131n\u0131n bir model olarak ortaya konulmas\u0131 <\/strong>ama\u00e7lanm\u0131\u015ft\u0131r.<\/span><\/p>\n<p style=\"text-align: justify;\"><span style=\"font-size: 18pt;\"><strong>Kongrenin birincisi ASSAM merkezinin bulundu\u011fu \u0130stanbul\u2019da, \u00dcsk\u00fcdar \u00dcniversitesi, Adaleti Savunanlar Derne\u011fi (ASDER) ve \u0130slam D\u00fcnyas\u0131 Sivil Toplum Kurulu\u015flar\u0131 Birli\u011fi\u2019nin (\u0130DSB) i\u015f birli\u011fi ile 23-24 Kas\u0131m 2017 tarihinde yap\u0131lm\u0131\u015ft\u0131r.<\/strong><\/span><\/p>\n<p style=\"text-align: justify;\"><span style=\"font-size: 18pt;\">Birinci Uluslararas\u0131 <strong>ASSAM<\/strong> \u0130sl\u00e2m Birli\u011fi Modeli Kongresi\u2019ne <strong>27 \u0130sl\u00e2m \u00fclkesinden sivil toplum kurulu\u015fu temsilcisi ve akademisyen <\/strong>kat\u0131lm\u0131\u015f olup, <strong>11 \u00fclkeden 31 akademisyen <\/strong>taraf\u0131ndan bildiri \u00f6zetleri sunulmu\u015f ve bildiriler <strong>ASSAM Kongre web sitesinde yay\u0131nlanm\u0131\u015ft\u0131r<\/strong>. <strong>[<a href=\"#_edn1\" name=\"_ednref1\">[i]<\/a>]<\/strong><\/span><\/p>\n<p style=\"text-align: justify;\"><span style=\"font-size: 18pt;\">Kongre sonucunda <strong>\u201c\u0130sl\u00e2m \u00dclkeleri Parlamentosu\u201d<\/strong> kurulmas\u0131 ve her \u0130sl\u00e2m \u00fclkesinin bakanlar kurulunda <strong>\u201c\u0130sl\u00e2m Birli\u011fi Bakanl\u0131\u011f\u0131\u201d <\/strong>ihdas edilmesi gerekti\u011fi kanaatine var\u0131lm\u0131\u015f ve ASSAM Y\u00f6netim Kurulu\u2019nca onaylanan <strong>\u201c\u0130sl\u00e2m \u00dclkeleri Konfederasyonu Bildirgesi<\/strong>\u201d <strong>29\u2019u \u0130slam \u00fclkelerinden 80\u2019i T\u00fcrkiye\u2019den olmak \u00fczere 109 STK yetkilisi taraf\u0131ndan da imzalanarak <\/strong>bas\u0131n vas\u0131tas\u0131yla d\u00fcnya kamuoyuna duyurulmu\u015ftur. <strong>[<\/strong><a href=\"#_edn2\" name=\"_ednref2\"><strong>[ii]<\/strong><\/a><strong>]<\/strong><\/span><\/p>\n<p style=\"text-align: justify;\"><span style=\"font-size: 18pt;\">Ayr\u0131ca bildirilerde vurgulanan h\u00fck\u00fcmler dikkate al\u0131narak <strong>\u0130sl\u00e2m \u00fclkeleri konfederasyonu i\u00e7in model bir anayasa tasla\u011f\u0131 haz\u0131rlanm\u0131\u015ft\u0131r<\/strong>. <strong>[<a href=\"#_edn3\" name=\"_ednref3\">[iii]<\/a>]<\/strong><\/span><\/p>\n<p style=\"text-align: justify;\"><span style=\"font-size: 18pt;\"><strong>Kongremizin ikincisi yine ASSAM merkezinin bulundu\u011fu \u0130stanbul\u2019da \u00dcsk\u00fcdar \u00dcniversitesi, Adaleti Savunanlar Derne\u011fi (ASDER), \u0130slam D\u00fcnyas\u0131 STK Birli\u011fi (\u0130DSB) ve Uluslararas\u0131 M\u00fcsl\u00fcman \u00c2limler Birli\u011fi\u2019nin <\/strong>(<strong>IUMS \/ International Union of Muslim Scholars) i\u015f birli\u011fi ile 1-2 Kas\u0131m 2018 tarihinde yap\u0131lm\u0131\u015ft\u0131r.<\/strong><\/span><\/p>\n<p style=\"text-align: justify;\"><span style=\"font-size: 18pt;\"><strong>\u0130kinci<\/strong> Uluslararas\u0131 ASSAM \u0130slam Birli\u011fi Modeli Kongresi\u2019ne; <strong>29 \u0130slam \u00fclkesinden sivil toplum kurulu\u015fu temsilcisi ve akademisyen<\/strong> kat\u0131lm\u0131\u015f, <strong>15 \u00fclkeden 66 akademisyen<\/strong> taraf\u0131ndan <strong>58 bildiri<\/strong> sunulmu\u015f, bildiriler <strong>ASSAM Kongre WEB Sitesinde elektronik ortamda yay\u0131nlanm\u0131\u015ft\u0131r.<\/strong><\/span><\/p>\n<p style=\"text-align: justify;\"><span style=\"font-size: 18pt;\"><strong>\u0130kinci <\/strong>kongrede sunulan bildiriler ve Kongre Sonu\u00e7 Raporu dikkate al\u0131narak, Birinci Kongre Bildirgesi\u2019ni de kapsayacak \u015fekilde \u0130kinci Kongre Bildirgesi haz\u0131rlanm\u0131\u015f, karar verici mekanizmalara, \u0130sl\u00e2m d\u00fcnyas\u0131ndan t\u00fcm davetli ve kat\u0131l\u0131mc\u0131lara ve d\u00fcnya kamuoyuna sunulmu\u015f ve ASSAM Kongre WEB sitemizde yay\u0131nlanm\u0131\u015ft\u0131r. <strong>[<\/strong><a href=\"#_edn4\" name=\"_ednref4\"><strong>[iv]<\/strong><\/a><strong>]<\/strong><\/span><\/p>\n<p style=\"text-align: justify;\"><span style=\"font-size: 18pt;\">\u00dc\u00e7\u00fcnc\u00fc Uluslararas\u0131 ASSAM \u0130slam Birli\u011fi Modeli Kongresi\u2019ne 45 \u0130slam \u00fclkesinden sivil toplum kurulu\u015fu temsilcileri ve akademisyenler kat\u0131lm\u0131\u015f olup, 10 \u00fclkeden 57 akademisyen taraf\u0131ndan 58 bildiri sunulmu\u015ftur. Kongre Sonu\u00e7 Bildirgesi [<a href=\"#_edn5\" name=\"_ednref5\"><strong>[v]<\/strong><\/a>] ve Bildiri \u00d6zetleri [<a href=\"#_edn6\" name=\"_ednref6\"><strong>[vi]<\/strong><\/a>] ASSAM Kongre web sitesinde yay\u0131nlanm\u0131\u015ft\u0131r.<\/span><\/p>\n<p style=\"text-align: justify;\"><span style=\"font-size: 18pt;\">D\u00f6rd\u00fcnc\u00fc Uluslararas\u0131 ASSAM \u0130slam Birli\u011fi Modeli Kongresi; \u0130stanbul\u2019da, \u00dcsk\u00fcdar \u00dcniversitesi (\u00dc\u00dc), K\u00fctahya Dumlup\u0131nar \u00dcniversitesi (DP\u00dc), Adaleti Savunanlar Derne\u011fi (ASDER) ve \u0130slam D\u00fcnyas\u0131 STK Birli\u011fi (\u0130DSB) i\u015ftirakiyle 12 Aral\u0131k 2020 tarihinde video-konferans y\u00f6ntemi ile \u0130sl\u00e2m Birli\u011fi \u0130\u00e7in Ortak Savunma Sistemi Usul ve Esaslar\u0131n\u0131n Tespiti, \u201cModel ASR\u0130KA Konfederasyonu Savunma Sistemi\u201d ana temas\u0131 alt\u0131nda yap\u0131lm\u0131\u015ft\u0131r.<\/span><\/p>\n<p style=\"text-align: justify;\"><span style=\"font-size: 18pt;\"><strong>D\u00f6rd\u00fcnc\u00fc<\/strong> Uluslararas\u0131 ASSAM \u0130slam Birli\u011fi Modeli Kongresi\u2019nde 15 \u0130slam \u00fclkesinden 28 akademisyen 27 bildiri sunmu\u015ftur. Birinci, ikinci ve \u00fc\u00e7\u00fcnc\u00fc kongre bildirgelerini de kapsayacak \u015fekilde Kongre Bildirgesi [<a href=\"#_edn7\" name=\"_ednref7\"><strong>[vii]<\/strong><\/a>] ve Bildiri \u00d6zetleri [<a href=\"#_edn8\" name=\"_ednref8\"><strong>[viii]<\/strong><\/a>] ile Bildiri Tam Metin Kitab\u0131 <strong>[<a href=\"#_edn9\" name=\"_ednref9\">[ix]<\/a>]<\/strong> <strong>ASSAM Kongre WEB<\/strong> sitemizde yay\u0131nlanm\u0131\u015ft\u0131r.<\/span><\/p>\n<p style=\"text-align: justify;\"><span style=\"font-size: 18pt;\"><strong>Be\u015finci<\/strong> Uluslararas\u0131 ASSAM \u0130slam Birli\u011fi Modeli Kongremiz 18-19 Aral\u0131k 2021 tarihlerinde video-konferans y\u00f6ntemi uygulanarak \u0130stanbul\u2019da, K\u00fctahya Dumlup\u0131nar \u00dcniversitesi (DP\u00dc), Adaleti Savunanlar Derne\u011fi (ASDER) ve \u0130slam D\u00fcnyas\u0131 STK Birli\u011fi (\u0130DSB) i\u015ftirakiyle <strong>\u0130sl\u00e2m Birli\u011fi i\u00e7in<\/strong> <strong>Ortak\u00a0D\u0131\u015f Politika Usul ve Esaslar\u0131n\u0131n Tespiti<\/strong> \u201c<strong>Model<\/strong> <strong>ASR\u0130KA Konfederasyonu D\u0131\u015f Politika Stratejisi<\/strong>\u201d ana temas\u0131yla yap\u0131lm\u0131\u015ft\u0131r.<\/span><\/p>\n<p style=\"text-align: justify;\"><span style=\"font-size: 18pt;\"><strong>Be\u015finci<\/strong> Uluslararas\u0131 ASSAM \u0130slam Birli\u011fi Modeli Kongresi\u2019nde 19 \u0130slam \u00fclkesinden 37 akademisyen 39 bildiri sunmu\u015ftur. Birinci, \u0130kinci, \u00dc\u00e7\u00fcnc\u00fc ve D\u00f6rd\u00fcnc\u00fc Kongre Bildirgeleri\u2019ni de kapsayacak \u015fekilde Kongre Bildirgesi <strong>[<\/strong><a href=\"#_edn10\" name=\"_ednref10\"><strong>[x]<\/strong><\/a><strong>]<\/strong> ve Bildiri \u00d6zetleri <strong>[<\/strong><a href=\"#_edn11\" name=\"_ednref11\"><strong>[xi]<\/strong><\/a><strong>]<\/strong> ile Bildiri Tam Metin Kitab\u0131 [<a href=\"#_edn12\" name=\"_ednref12\"><strong>[xii]<\/strong><\/a>] <strong>ASSAM Kongre WEB<\/strong> sitemizde yay\u0131nlanm\u0131\u015ft\u0131r.<\/span><\/p>\n<p style=\"text-align: justify;\"><span style=\"font-size: 18pt;\"><strong>Alt\u0131nc\u0131<\/strong> Uluslararas\u0131 ASSAM \u0130slam Birli\u011fi Modeli Kongremiz 12-13 Kas\u0131m 2022 tarihlerinde video-konferans y\u00f6ntemi uygulanarak \u0130stanbul\u2019da, Uluslararas\u0131 M\u00fcsl\u00fcman \u00c2limler Birli\u011fi (IUMS), \u0130slam D\u00fcnyas\u0131 STK Birli\u011fi (\u0130DSB), K\u00fctahya Dumlup\u0131nar \u00dcniversitesi (DP\u00dc) ve Adaleti Savunanlar Derne\u011fi (ASDER) i\u015ftirakiyle \u0130sl\u00e2m Birli\u011fi i\u00e7in \u201cOrtak Asayi\u015f ve G\u00fcvenlik Usul ve Esaslar\u0131n\u0131n Tespiti\u201d ana konusunda \u201c<strong>Model ASR\u0130KA Konfederasyonu Asayi\u015f ve \u0130\u00e7 G\u00fcvenlik Organizasyonu\u201d<\/strong> temas\u0131yla yap\u0131lm\u0131\u015ft\u0131r.<\/span><\/p>\n<p style=\"text-align: justify;\"><span style=\"font-size: 18pt;\"><strong>Alt\u0131nc\u0131<\/strong> Uluslararas\u0131 ASSAM \u0130slam Birli\u011fi Modeli Kongresi\u2019nde 16 \u0130slam \u00fclkesinden 34 akademisyen taraf\u0131ndan 32 bildiri sunulmu\u015ftur. Birinci, \u0130kinci, \u00dc\u00e7\u00fcnc\u00fc, D\u00f6rd\u00fcnc\u00fc ve Be\u015finci Kongre Bildirgeleri\u2019ni de kapsayacak \u015fekilde Kongre Bildirgesi <strong>[<a href=\"#_edn13\" name=\"_ednref13\">[xiii]<\/a>]<\/strong> ve Bildiri \u00d6zetleri <strong>[<a href=\"#_edn14\" name=\"_ednref14\">[xiv]<\/a>]<\/strong> ile Bildiri Tam Metin Kitab\u0131 [<a href=\"#_edn15\" name=\"_ednref15\"><strong>[xv]<\/strong><\/a>] <strong>ASSAM Kongre WEB<\/strong> sitemizde yay\u0131nlanm\u0131\u015ft\u0131r.<\/span><\/p>\n<p style=\"text-align: justify;\"><span style=\"font-size: 18pt;\"><strong>ASSAM <\/strong>b\u00fcnyesinde ve koordinat\u00f6rl\u00fc\u011f\u00fcnde yap\u0131lmas\u0131 planlanan ilk serinin sonuncusu olacak kongremiz bu y\u0131l video konferans y\u00f6ntemi ile Uluslararas\u0131 M\u00fcsl\u00fcman \u00c2limler Birli\u011fi (IUMS), \u0130slam D\u00fcnyas\u0131 Sivil Toplum Kurulu\u015flar\u0131 Birli\u011fi (\u0130DSB), Uluslararas\u0131 Hukuk\u00e7ular Birli\u011fi (UHUB), Fatih Sultan Mehmet Vak\u0131f \u00dcniversitesi \u0130slami \u0130limler Fak\u00fcltesi (FSMV\u00dc \u0130\u0130F) ve Adaleti Savunanlar Derne\u011fi (ASDER) i\u015ftiraki ile \u00e7evrimi\u00e7i olarak 23-24 Aral\u0131k tarihinde ve \u0130sl\u00e2m D\u00fcnyas\u0131 STK\u2019lar\u0131yla i\u015f birli\u011fi halinde yap\u0131lacakt\u0131r. 2024 y\u0131l\u0131nda ba\u015flay\u0131p m\u00fcteakip y\u0131llarda devam edecek \u0130K\u0130NC\u0130 SER\u0130 ASSAM KONGRELER\u0130\u2019nin, \u0130SLAM CO\u011eRAFYASININ SORUNLU B\u00d6LGELER\u0130NDEK\u0130 KR\u0130ZLERE \u00c7\u00d6Z\u00dcM \u00d6NER\u0130LER\u0130 sunmak \u00fczere yap\u0131lmas\u0131 tasarlanmaktad\u0131r.<\/span><\/p>\n<p style=\"text-align: justify;\"><span style=\"font-size: 18pt;\">Kongre dili T\u00fcrk\u00e7e, \u0130ngilizce ve Arap\u00e7a olacakt\u0131r. Bildirilerin sunumunda sim\u00fcltane (an\u0131nda) terc\u00fcme yap\u0131lacakt\u0131r. Bildiri \u00f6zetleri ve bildiriler kitap haline getirilerek ASSAM Kongre WEB Sitesinde yay\u0131nlanacakt\u0131r. Bildiriler hakem s\u00fcrecinden ge\u00e7mek \u015fart\u0131yla elektronik ortamda <strong>ASSAM Uluslararas\u0131 Hakemli Dergi<\/strong>\u2019de (<strong>ASSAM-UHAD<\/strong>) yay\u0131nlanabilecektir. Kongremize bildiri g\u00f6nderen bildiri sahiplerinden bildirilerini ASSAM Uluslararas\u0131 Hakemli Dergimizde (UHAD) yay\u0131nlatmak isteyenlerin, hakemli dergimizin bildiri haz\u0131rlama format\u0131na uygun olarak bildirilerini haz\u0131rlamalar\u0131<a href=\"#_edn16\" name=\"_ednref16\">[xvi]<\/a> ve a\u015fa\u011f\u0131da belirtilen link \u00fczerinden sisteme y\u00fcklemeleri gerekmektedir. Hakemli derginin linki a\u015fa\u011f\u0131dad\u0131r.<a href=\"#_edn17\" name=\"_ednref17\">[xvii]<\/a> Hakemli dergide bildiriler\/makaleler hakem s\u00fcrecinden ge\u00e7tikten sonra yay\u0131nlanacakt\u0131r.<\/span><\/p>\n<p style=\"text-align: justify;\"><span style=\"font-size: 18pt;\">\u0130craya d\u00f6n\u00fck olarak haz\u0131rlanacak Kongre Sonu\u00e7 Raporlar\u0131 da karar verici mekanizmalara ve \u0130sl\u00e2m d\u00fcnyas\u0131ndan t\u00fcm davetli ve kat\u0131l\u0131mc\u0131lara g\u00f6nderilecek ve ASSAM Kongre WEB sitesinde yay\u0131nlanacakt\u0131r.<\/span><\/p>\n<p style=\"text-align: justify;\"><span style=\"font-size: 18pt;\">\u0130SL\u00c2M CO\u011eRAFYASININ JEOPOL\u0130T\u0130K DE\u011eER\u0130:<\/span><\/p>\n<p style=\"text-align: justify;\"><span style=\"font-size: 18pt;\">D\u00fcnya \u00fczerindeki <strong>206 devletin 57\u2019sine<\/strong> <strong><em>(\u00dcye say\u0131s\u0131n\u0131n %27\u2019si) <\/em>7.916.525.000<\/strong> milyarl\u0131k d\u00fcnya n\u00fcfusunun <strong>1.859.779.580 milyar\u0131na<\/strong> (<strong><em>D\u00fcnya n\u00fcfusunun %23,49\u2019\u00fc<\/em><\/strong><em>), <\/em><strong>150 milyon <\/strong>km<sup>2<\/sup> olan d\u00fcnya karalar\u0131n\u0131n <strong>30,9 <\/strong>milyon km<strong><sup>2<\/sup><\/strong>\u2019sini <em>(<strong>D\u00fcnya karalar\u0131n\u0131n %20,6\u2019s\u0131<\/strong>) <\/em>de 57 \u0130sl\u00e2m \u00fclkesinin sahip oldu\u011fu \u0130sl\u00e2m co\u011frafyas\u0131, <strong>kendi aralar\u0131ndaki s\u0131n\u0131rlar yok say\u0131ld\u0131\u011f\u0131nda olu\u015fturduklar\u0131 blok ile:<\/strong><\/span><\/p>\n<ul style=\"text-align: justify;\">\n<li><span style=\"font-size: 18pt;\">D\u00fcnya adas\u0131 olarak bilinen <strong>Asya, Avrupa ve Afrika k\u0131talar\u0131n\u0131n merkezinde bulunan<\/strong>,<\/span><\/li>\n<li><span style=\"font-size: 18pt;\">D\u00fcnyan\u0131n en b\u00fcy\u00fck i\u00e7 denizi konumundaki Akdeniz, K\u0131z\u0131l Deniz ve Karadeniz\u2019in giri\u015f kap\u0131lar\u0131 say\u0131lan <strong>Cebeli Tar\u0131k, Bab el-Mendeb, H\u00fcrm\u00fcz, \u00c7anakkale ve \u0130stanbul bo\u011fazlar\u0131 ve S\u00fcvey\u015f Kanal\u0131\u2019n\u0131 kontrol eden,<\/strong><\/span><\/li>\n<li><span style=\"font-size: 18pt;\"><strong>Atlas Okyanusu, Hint Okyanusu, Akdeniz, Karadeniz, K\u0131z\u0131ldeniz ve Hazar Denizi\u2019ne <\/strong>k\u0131y\u0131lar\u0131 olan,<\/span><\/li>\n<li><span style=\"font-size: 18pt;\"><strong>Asya, Avrupa ve Afrika k\u0131talar\u0131na; Avrupa Birli\u011fi, Rusya, Hindistan, \u00c7in gibi k\u00fcresel g\u00fc\u00e7 say\u0131lan d\u00fcnyan\u0131n b\u00fcy\u00fck devletlerine <\/strong>kara ve denizden, <strong>Amerika Birle\u015fik Devletleri\u2019ne <\/strong>denizden <strong>s\u0131n\u0131r kom\u015fusu olan<\/strong>,<\/span><\/li>\n<li><span style=\"font-size: 18pt;\">D\u00fcnya kara, hava ve deniz <strong>ula\u015f\u0131m yollar\u0131n\u0131n alternatifsiz merkezi <\/strong>olma imk\u00e2n\u0131na sahip bulunan,<\/span><\/li>\n<li><span style=\"font-size: 18pt;\">D\u00fcnya <strong>petrol rezervlerinin <\/strong>%55,5\u2019ine, <strong>\u00fcretiminin <\/strong>%46,5\u2019ine, <strong>do\u011falgaz rezervlerinin <\/strong>%64\u20191\u2019ine, \u00fcretiminin %34\u2019\u00fcne sahip olan,<\/span><\/li>\n<\/ul>\n<p style=\"text-align: justify;\"><span style=\"font-size: 18pt;\">Jeopolitik konumu, ortak medeniyet de\u011ferleri ve tarihi birikimi ile imk\u00e2n, gayret ve hedeflerini birle\u015ftirerek gelece\u011fin s\u00fcper g\u00fcc\u00fc olmaya namzet potansiyel bir g\u00fcce sahip bulunmaktad\u0131r.<\/span><\/p>\n<p style=\"text-align: justify;\"><span style=\"font-size: 18pt;\">\u0130SLAM D\u00dcNYASININ MARUZ KALDI\u011eI K\u00dcRESEL SALDIRILAR<\/span><\/p>\n<p style=\"text-align: justify;\"><span style=\"font-size: 18pt;\">Egemen olmas\u0131 gerekti\u011fi co\u011frafyas\u0131nda <strong>\u0130sl\u00e2m d\u00fcnyas\u0131<\/strong>, her bir \u0130slam \u00fclkesinin \u00fcniter yap\u0131lar\u0131n\u0131n i\u00e7indeki etnik ve mezhepsel farkl\u0131l\u0131\u011fa sahip unsurlar\u0131n\u0131n birbirleri ile sava\u015ft\u0131r\u0131ld\u0131\u011f\u0131, <strong>ilan edilmemi\u015f, gizli, sinsi, kirli ve asimetrik \u00dc\u00e7\u00fcnc\u00fc D\u00fcnya Sava\u015f\u0131\u2019n\u0131n <\/strong>alan\u0131 haline getirilmi\u015ftir.<\/span><\/p>\n<p style=\"text-align: justify;\"><span style=\"font-size: 18pt;\"><strong>Sahip oldu\u011fu avantajlara ra\u011fmen \u0130slam \u00fclkeleri<\/strong>, emperyalist bat\u0131 devletlerinin m\u00fcdahaleleri ile b\u00fcy\u00fck bir karga\u015fa i\u00e7ine d\u00fc\u015fm\u00fc\u015ft\u00fcr. Bu karga\u015fan\u0131n sonucu olarak \u0130slam co\u011frafyas\u0131nda b\u00fcy\u00fck ac\u0131lar ve y\u0131k\u0131mlar ya\u015fanmaktad\u0131r. Milyonlarca M\u00fcsl\u00fcman evlerini, yurtlar\u0131n\u0131 terk etmek veya \u00f6lmek aras\u0131nda tercih yapmak zorunda b\u0131rak\u0131lmaktad\u0131r. G\u00f6\u00e7 yollar\u0131nda binlerce M\u00fcsl\u00fcman \u00e7e\u015fitli \u015fekillerde \u00f6lmekte, g\u00f6\u00e7 etmeyi ba\u015faranlar ise yoksulluk ve sefalet i\u00e7inde ya\u015famaya mahk\u00fbm b\u0131rak\u0131lmaktad\u0131r.<\/span><\/p>\n<p style=\"text-align: justify;\"><span style=\"font-size: 18pt;\">Birle\u015fmi\u015f Milletler M\u00fclteciler Y\u00fcksek Komiserli\u011fi\u2019nin resmi verilerine g\u00f6re 2021 y\u0131l\u0131 itibari ile resmi kay\u0131tlara g\u00f6re d\u00fcnya \u00fczerinde 6,6 milyon Suriye vatanda\u015f\u0131 g\u00f6\u00e7 etmi\u015ftir. (<a href=\"#_edn18\" name=\"_ednref18\">[xviii]<\/a>) Kay\u0131t alt\u0131na al\u0131namayan m\u00fcltecilerle bu rakam daha da y\u00fckselmektedir. Suriyeli m\u00fclteciler T\u00fcrkiye (3.388.698), Irak (262.218), \u00dcrd\u00fcn (660.605), M\u0131s\u0131r (145.157), L\u00fcbnan (805.326) ve Kuzey Afrika\u2019da di\u011fer \u00fclkelere (41.742) g\u00f6\u00e7 etmi\u015ftir. Bu rakamlar\u0131n d\u0131\u015f\u0131nda yo\u011fun bir \u015fekilde Avrupa\u2019ya g\u00f6\u00e7 giri\u015fimleri olmakta ve b\u00fcy\u00fck bir k\u0131sm\u0131 Akdeniz\u2019de ya\u015famlar\u0131n\u0131 yitirmektedir. Bu olumsuzluklara ra\u011fmen Nisan 2011 y\u0131l\u0131ndan Ocak 2021 y\u0131l\u0131na kadar Avrupa\u2019ya ge\u00e7en toplam kay\u0131tl\u0131 m\u00fclteci say\u0131s\u0131 ise 1.022.142 ki\u015fi olmu\u015ftur.<strong> (<a href=\"#_edn19\" name=\"_ednref19\">[xix]<\/a>)<\/strong><\/span><\/p>\n<p style=\"text-align: justify;\"><span style=\"font-size: 18pt;\"><strong>\u00dc\u00e7\u00fcnc\u00fc D\u00fcnya Sava\u015f\u0131 \u0130slam \u00fclkelerine kar\u015f\u0131 ilan edilmemi\u015f bir sava\u015f <\/strong>(hibrit sava\u015f)<strong> olarak s\u00fcrd\u00fcr\u00fclmektedir<\/strong>. Osmanl\u0131&#8217;n\u0131n y\u0131k\u0131lmas\u0131ndan sonra y\u00f6netimsiz kalan M\u00fcsl\u00fcmanlar k\u00fc\u00e7\u00fck devlet\u00e7ikler kurarak varl\u0131klar\u0131n\u0131 devam ettirmeye \u00e7al\u0131\u015fm\u0131\u015f, ancak birlik ve beraberli\u011fini kaybettiklerinden k\u00fcresel g\u00fc\u00e7ler i\u00e7in kolay lokma haline gelmi\u015flerdir. <strong>Amerika Birle\u015fik Devletleri, Avrupa Birli\u011fi, \u0130ngiltere, Fransa, Rusya ve \u00c7in \u0130slam co\u011frafyas\u0131n\u0131 ele ge\u00e7irmek i\u00e7in \u0130slam \u00fclkelerinde, kontrol ettikleri ter\u00f6r \u00f6rg\u00fctleri ve uygulad\u0131klar\u0131 asimetrik sava\u015f y\u00f6ntemleriyle vek\u00e2let sava\u015flar\u0131 y\u00fcr\u00fcterek<\/strong> otorite tesis etmeyi ama\u00e7lamaktad\u0131r.<\/span><\/p>\n<p style=\"text-align: justify;\"><span style=\"font-size: 18pt;\">YED\u0130NC\u0130 ULUSLARARASI ASSAM \u0130SLAM B\u0130RL\u0130\u011e\u0130 MODEL\u0130 KONGRES\u0130<\/span><\/p>\n<p style=\"text-align: justify;\"><span style=\"font-size: 18pt;\">Kongremiz video-konferans y\u00f6ntemi ile 23-24 Aral\u0131k 2023 tarihlerinde icra edilecektir. Kongremizde \u201c\u0130sl\u00e2m Birli\u011fi i\u00e7in Ortak Adalet Sistemi Usul ve Esaslar\u0131n\u0131n Tespiti\u201d konusu \u201cModel ASR\u0130KA Konfederasyonu Adalet Sistemi\u201d ana temas\u0131 alt\u0131nda incelenecektir.<\/span><\/p>\n<p style=\"text-align: justify;\"><span style=\"font-size: 18pt;\">Uluslararas\u0131 M\u00fcsl\u00fcman \u00c2limler Birli\u011fi (IUMS), \u0130slam D\u00fcnyas\u0131 Sivil Toplum Kurulu\u015flar\u0131 Birli\u011fi (\u0130DSB), Uluslararas\u0131 Hukuk\u00e7ular Birli\u011fi (UHUB), Fatih Sultan Mehmet \u00dcniversitesi \u0130slami \u0130limler Fak\u00fcltesi (FSMV\u00dc \u0130\u0130F) ve Adaleti Savunanlar Derne\u011fi (ASDER) i\u015ftirakiyle yap\u0131lacak olan Yedinci Uluslararas\u0131 ASSAM \u0130sl\u00e2m Birli\u011fi Modeli Kongresi\u2019ne kat\u0131lacak akademisyenlerin ve ara\u015ft\u0131rmac\u0131lar\u0131n sunacaklar\u0131 bildirilerin konular\u0131 a\u015fa\u011f\u0131daki ba\u015fl\u0131klar alt\u0131nda incelenecektir.<\/span><\/p>\n<p style=\"text-align: justify;\"><span style=\"font-size: 18pt;\"><strong>\u00a0<\/strong><\/span><\/p>\n<p style=\"text-align: center;\"><span style=\"font-size: 18pt;\"><strong>KONGRE ALT BA\u015eLIKLARI<\/strong><\/span><\/p>\n<ol>\n<li><span style=\"font-size: 18pt;\"><strong>\u0130slam Birli\u011fi\u2019nin Dini Referanslar\u0131<\/strong><\/span><\/li>\n<li><span style=\"font-size: 18pt;\"><strong>\u0130slam Birli\u011fi ve Uluslararas\u0131 Hukuk<\/strong><\/span><\/li>\n<li><span style=\"font-size: 18pt;\"><strong>\u0130slam Birli\u011fi\u2019nin D\u00fczenleyici Kurallar\u0131: Adalet \u0130lkesi<\/strong><\/span><\/li>\n<li><span style=\"font-size: 18pt;\"><strong>\u0130slam Adalet Sisteminin Temel \u0130lkeleri<\/strong><\/span><\/li>\n<li><span style=\"font-size: 18pt;\"><strong>Tarihteki \u00c7ok Uluslu \u0130mparatorluklar\u0131n Adalet Sistemleri<\/strong><\/span>\n<ol style=\"list-style-type: lower-alpha;\">\n<li><span style=\"font-size: 18pt;\">Roma \u0130mparatorlu\u011fu\u2019nda Adalet ile ilgili Organizasyonun Usul ve Esaslar\u0131<\/span><\/li>\n<li><span style=\"font-size: 18pt;\">Bizans \u0130mparatorlu\u011fu\u2019nda Adalet ile ilgili Organizasyonun Usul ve Esaslar\u0131<\/span><\/li>\n<li><span style=\"font-size: 18pt;\">Peygamber Efendimiz D\u00f6nemi\u2019nde \u0130sl\u00e2m Devleti\u2019nde Adalet ile ilgili Organizasyonun Usul ve Esaslar\u0131<\/span><\/li>\n<li><span style=\"font-size: 18pt;\">Ra\u015fit Halifeler D\u00f6nemi\u2019nde \u0130slam Devleti\u2019nde Adalet Sistemi ile ilgili Organizasyonun Usul ve Esaslar\u0131<\/span><\/li>\n<li><span style=\"font-size: 18pt;\">Emev\u00ee Devleti\u2019nde Adalet Sistemi ile ilgili Organizasyonun Usul ve Esaslar\u0131<\/span><\/li>\n<li><span style=\"font-size: 18pt;\">Halife \u00d6mer Bin Abdulaziz D\u00f6nemi\u2019nde \u0130slam Devleti\u2019nde Adalet ile ilgili Organizasyonun Usul ve Esaslar\u0131<\/span><\/li>\n<li><span style=\"font-size: 18pt;\">Abbasi Devleti\u2019nde Adalet ile ilgili Organizasyonun Usul ve Esaslar\u0131<\/span><\/li>\n<li><span style=\"font-size: 18pt;\">Sel\u00e7uklu \u0130mparatorlu\u011fu\u2019nda Adalet ile ilgili Organizasyonun Usul ve Esaslar\u0131<\/span><\/li>\n<li><span style=\"font-size: 18pt;\">Osmanl\u0131 \u0130mparatorlu\u011fu\u2019nda Adalet ile ilgili Organizasyonun Usul ve Esaslar\u0131<\/span><\/li>\n<\/ol>\n<\/li>\n<li><span style=\"font-size: 18pt;\"><strong>G\u00fcn\u00fcm\u00fczde \u00c7ok Uluslu K\u00fcresel G\u00fc\u00e7lerin Adalet Sistemleri<\/strong><\/span>\n<ol style=\"list-style-type: lower-alpha;\">\n<li><span style=\"font-size: 18pt;\">Amerika Birle\u015fik Devletleri\u2019nde Adalet ile ilgili Organizasyonun Usul ve Esaslar\u0131<\/span><\/li>\n<li><span style=\"font-size: 18pt;\">Rusya Federasyonu\u2019nda Adalet ile ilgili Organizasyonun Usul ve Esaslar\u0131<\/span><\/li>\n<li><span style=\"font-size: 18pt;\">G\u00fcney Afrika Cumhuriyeti\u2019nde Adalet ile ilgili Organizasyonun Usul ve Esaslar\u0131<\/span><\/li>\n<li><span style=\"font-size: 18pt;\">Avrupa Birli\u011fi\u2019nde Adalet ile ilgili Organizasyonun Usul ve Esaslar\u0131<\/span><\/li>\n<li><span style=\"font-size: 18pt;\">\u00c7in Halk Cumhuriyeti\u2019nde Adalet ile ilgili Organizasyonun Usul ve Esaslar\u0131<\/span><\/li>\n<li><span style=\"font-size: 18pt;\">Hindistan Cumhuriyeti\u2019nde Adalet ile ilgili Organizasyonun Usul ve Esaslar\u0131<\/span><\/li>\n<\/ol>\n<\/li>\n<li><span style=\"font-size: 18pt;\"><strong>\u0130slam Adalet \u0130lkesi Ba\u011flam\u0131nda K\u00fcresel Sistem Ele\u015ftirisi<\/strong><\/span><\/li>\n<li><span style=\"font-size: 18pt;\"><strong>Model ASR\u0130KA Konfederasyonu Adalet Sistemi Organizasyonu<\/strong><\/span>\n<ol style=\"list-style-type: lower-alpha;\">\n<li><span style=\"font-size: 18pt;\">\u0130slam \u00dclkeleri Aras\u0131 Adalet Komisyonu<\/span><\/li>\n<li><span style=\"font-size: 18pt;\">\u0130slam \u00dclkeleri Aras\u0131 Adalet Sisteminin Kurumsal Yap\u0131land\u0131r\u0131lmas\u0131 Usul ve Esaslar\u0131<\/span><\/li>\n<li><span style=\"font-size: 18pt;\">\u0130slam Adalet Sistemi D\u00fczenleme Alanlar\u0131n\u0131n Belirlenmesi Usul ve Esaslar\u0131<\/span><\/li>\n<li><span style=\"font-size: 18pt;\">\u0130slam Adalet \u0130lkesinin Ana ve Alt Ba\u015fl\u0131klar\u0131n\u0131n Belirlenmesi Usul ve Esaslar\u0131<\/span><\/li>\n<li><span style=\"font-size: 18pt;\">\u0130slam Birli\u011fi Adalet Normlar\u0131 Hiyerar\u015fisinin Belirlenmesi Usul ve Esaslar\u0131<\/span><\/li>\n<li><span style=\"font-size: 18pt;\">\u0130slam Birli\u011fi Yasama Organ\u0131 ile \u00dcye \u00dclkeler Yasama Organ\u0131 Uyum Usul ve Esaslar\u0131<\/span><\/li>\n<li><span style=\"font-size: 18pt;\">\u00dcye \u00dclkeler Mevzuat\u0131n\u0131n \u0130slam Adalet \u0130lkelerine Uyumla\u015ft\u0131r\u0131lmas\u0131 Usul ve Esaslar\u0131<\/span><\/li>\n<li><span style=\"font-size: 18pt;\">\u0130slam \u00dclkeleri Birlik Anayasas\u0131 Geli\u015ftirme Usul ve Esaslar\u0131<\/span><\/li>\n<li><span style=\"font-size: 18pt;\">\u0130slam \u00dclkeleri Adil Mevzuat Geli\u015ftirme Usul ve Esaslar\u0131<\/span><\/li>\n<li><span style=\"font-size: 18pt;\">\u0130slam Birli\u011fi D\u0131\u015f\u0131 \u00dclkelerle \u0130li\u015fkiler ve Adalet \u0130lkesi<\/span><\/li>\n<li><span style=\"font-size: 18pt;\">\u0130slam Birli\u011fi Adalet Sisteminin Geli\u015ftirilmesi Stratejisinin Belirlenmesi Usul ve Esaslar\u0131<\/span><\/li>\n<li><span style=\"font-size: 18pt;\">\u0130slam Birli\u011fi \u00c7al\u0131\u015fmalar\u0131n\u0131n \u0130slam \u00dclkeleri Kamuoylar\u0131 ile Payla\u015f\u0131m\u0131; Fikri ve Akademik \u00c7evrelerin Birlik \u0130deali \u0130\u00e7in Ortaya Koyacaklar\u0131 \u00c7al\u0131\u015fmalar\u0131n T\u00fcrk\u00e7e, \u0130ngilizce ve Arap\u00e7a Olarak Yay\u0131nlanmas\u0131<\/span><\/li>\n<\/ol>\n<\/li>\n<li><span style=\"font-size: 18pt;\"><strong>Model ASR\u0130KA \u0130slam \u00dclkeleri Konfederasyonu Adalet Bakanl\u0131\u011f\u0131\u2019n\u0131n Te\u015fkili, Yetki ve Sorumluluklar\u0131<\/strong><\/span><\/li>\n<\/ol>\n<p style=\"text-align: justify;\"><span style=\"font-size: 18pt;\">\u00a0<\/span><\/p>\n<p style=\"text-align: center;\"><span style=\"font-size: 18pt;\">YED\u0130NC\u0130 ULUSLARARASI ASSAM \u0130SLAM B\u0130RL\u0130\u011e\u0130 MODEL\u0130<\/span><\/p>\n<p style=\"text-align: center;\"><span style=\"font-size: 18pt;\">KONGRES\u0130 PROGRAMI<\/span><\/p>\n<p style=\"text-align: justify;\"><span style=\"font-size: 18pt;\">\u00a0\u00d6NEML\u0130 TAR\u0130HLER<\/span><\/p>\n<ol style=\"text-align: justify;\">\n<li><span style=\"font-size: 18pt;\">\u00d6zet g\u00f6nderme son tarihi : 15 Eyl\u00fcl 2023<\/span><\/li>\n<li><span style=\"font-size: 18pt;\">Kabul edilen \u00f6zetlerin duyurusu : 15 Ekim\u00a02023<\/span><\/li>\n<li><span style=\"font-size: 18pt;\">Tam metinlerin son g\u00f6nderme tarihi : 15 Kas\u0131m 2023<\/span><\/li>\n<li><span style=\"color: #ff0000; font-size: 18pt;\"><strong>KONGRE TAR\u0130H\u0130 : 23-24 Aral\u0131k 2023<\/strong><\/span><\/li>\n<\/ol>\n<p style=\"text-align: justify;\"><span style=\"font-size: 18pt;\">\u00a0<\/span><\/p>\n<p style=\"text-align: justify;\"><span style=\"font-size: 18pt;\"><a href=\"#_ednref1\" name=\"_edn1\"><\/a><strong>[[i]]<\/strong> <a href=\"tr\/kongreler\/kongre-2017\/ozet-kitapcigi-17.html\">https:\/\/www.assamcongress.com\/tr\/kongreler\/kongre-2017\/ozet-kitapcigi-17.html<\/a> \u00a0\u00a0<\/span><\/p>\n<p style=\"text-align: justify;\"><span style=\"font-size: 18pt;\"><a href=\"#_ednref2\" name=\"_edn2\"><\/a><strong>[[ii]]<\/strong> <a href=\"tr\/kongreler\/kongre-2017\/kongre-bildirgesi-17.html\">https:\/\/www.assamcongress.com\/tr\/kongreler\/kongre-2017\/kongre-bildirgesi-17.html<\/a> \u00a0<\/span><\/p>\n<p style=\"text-align: justify;\"><span style=\"font-size: 18pt;\"><a href=\"#_ednref3\" name=\"_edn3\"><\/a><strong>[[iii]]<\/strong> <a href=\"tr\/kongreler\/kongre-2017\/model-konfederasyon-anayasasi.html\">https:\/\/www.assamcongress.com\/tr\/kongreler\/kongre-2017\/model-konfederasyon-anayasasi.html<\/a><\/span><\/p>\n<p style=\"text-align: justify;\"><span style=\"font-size: 18pt;\"><a href=\"#_ednref4\" name=\"_edn4\"><\/a><strong>[[iv]]<\/strong> <a href=\"tr\/kongreler\/kongre-2018\/kongre-bildirgesi-18.html\">https:\/\/www.assamcongress.com\/tr\/kongreler\/kongre-2018\/kongre-bildirgesi-18.html<\/a> \u00a0<\/span><\/p>\n<p style=\"text-align: justify;\"><span style=\"font-size: 18pt;\"><a href=\"#_ednref5\" name=\"_edn5\"><\/a><strong>[[v]]<\/strong> <a href=\"tr\/kongreler\/kongre-2019\/kongre-bildirgesi-19.html\">https:\/\/www.assamcongress.com\/tr\/kongreler\/kongre-2019\/kongre-bildirgesi-19.html<\/a> \u00a0<\/span><\/p>\n<p style=\"text-align: justify;\"><span style=\"font-size: 18pt;\"><a href=\"#_ednref6\" name=\"_edn6\"><\/a><strong>[[vi]]<\/strong> <a href=\"tr\/kongreler\/kongre-2019\/ozet-kitapcigi-19.html\">https:\/\/www.assamcongress.com\/tr\/kongreler\/kongre-2019\/ozet-kitapcigi-19.html<\/a> \u00a0<\/span><\/p>\n<p style=\"text-align: justify;\"><span style=\"font-size: 18pt;\"><a href=\"#_ednref7\" name=\"_edn7\"><\/a><strong>[[vii]]<\/strong> <a href=\"tr\/kongreler\/kongre-2020\/kongre-bildirgesi-20.html\">https:\/\/www.assamcongress.com\/tr\/kongreler\/kongre-2020\/kongre-bildirgesi-20.html<\/a> \u00a0<\/span><\/p>\n<p style=\"text-align: justify;\"><span style=\"font-size: 18pt;\"><a href=\"#_ednref8\" name=\"_edn8\"><\/a><strong>[[viii]]<\/strong> <a href=\"tr\/kongreler\/kongre-2020\/ozet-kitapcigi-20.html\">https:\/\/www.assamcongress.com\/tr\/kongreler\/kongre-2020\/ozet-kitapcigi-20.html<\/a> \u00a0<\/span><\/p>\n<p style=\"text-align: justify;\"><span style=\"font-size: 18pt;\"><a href=\"#_ednref9\" name=\"_edn9\"><\/a><strong>[[ix]]<\/strong> <a href=\"tr\/kongreler\/kongre-2020\/bildiri-kitabi-20.html\">https:\/\/www.assamcongress.com\/tr\/kongreler\/kongre-2020\/bildiri-kitabi-20.html<\/a> \u00a0\u00a0<\/span><\/p>\n<p style=\"text-align: justify;\"><span style=\"font-size: 18pt;\"><a href=\"#_ednref10\" name=\"_edn10\"><\/a><strong>[[x]] <\/strong><a href=\"tr\/kongreler\/kongre-2021\/kongre-bildirgesi-21.html\">https:\/\/www.assamcongress.com\/tr\/kongreler\/kongre-2021\/kongre-bildirgesi-21.html<\/a> \u00a0\u00a0<\/span><\/p>\n<p style=\"text-align: justify;\"><span style=\"font-size: 18pt;\"><a href=\"#_ednref11\" name=\"_edn11\"><\/a><strong>[[xi]]<\/strong> <a href=\"tr\/kongreler\/kongre-2021\/ozet-kitapcigi-21.html\">https:\/\/www.assamcongress.com\/tr\/kongreler\/kongre-2021\/ozet-kitapcigi-21.html<\/a> \u00a0<\/span><\/p>\n<p style=\"text-align: justify;\"><span style=\"font-size: 18pt;\"><a href=\"#_ednref12\" name=\"_edn12\"><\/a><strong>[[xii]] <\/strong><a href=\"tr\/kongreler\/kongre-2021\/bildiri-kitabi-21.html\">https:\/\/www.assamcongress.com\/tr\/kongreler\/kongre-2021\/bildiri-kitabi-21.html<\/a> \u00a0\u00a0<\/span><\/p>\n<p style=\"text-align: justify;\"><span style=\"font-size: 18pt;\"><a href=\"#_ednref13\" name=\"_edn13\"><\/a>[<strong>[xiii]<\/strong><strong>] <\/strong><a href=\"tr\/kongreler\/kongre-2022\/kongre-bildirgesi-22.html\">https:\/\/www.assamcongress.com\/tr\/kongreler\/kongre-2022\/kongre-bildirgesi-22.html<\/a><\/span><\/p>\n<p style=\"text-align: justify;\"><span style=\"font-size: 18pt;\"><a href=\"#_ednref14\" name=\"_edn14\"><\/a>[<strong>[xiv]<\/strong><strong>]<\/strong> <a href=\"tr\/kongreler\/kongre-2022\/ozet-kitapcigi-22.html\">https:\/\/www.assamcongress.com\/tr\/kongreler\/kongre-2022\/ozet-kitapcigi-22.html<\/a><\/span><\/p>\n<p style=\"text-align: justify;\"><span style=\"font-size: 18pt;\"><a href=\"#_ednref15\" name=\"_edn15\"><\/a>[<strong>[xv]<\/strong>] <a href=\"tr\/kongreler\/kongre-2022\/bildiri-kitabi-22.html\">https:\/\/www.assamcongress.com\/tr\/kongreler\/kongre-2022\/bildiri-kitabi-22.html<\/a>\u00a0\u00a0<\/span><\/p>\n<p style=\"text-align: justify;\"><span style=\"font-size: 18pt;\"><a href=\"#_ednref16\" name=\"_edn16\"><\/a><strong>[[xvi]]<\/strong> <a href=\"tr\/kongreler\/kongre-2023\/tam-metin-ve-ozet-yazim-formati-23.html\">https:\/\/www.assamcongress.com\/tr\/kongreler\/kongre-2023\/tam-metin-ve-ozet-yazim-formati-23.html<\/a> \u00a0<\/span><\/p>\n<p style=\"text-align: justify;\"><span style=\"font-size: 18pt;\"><a href=\"#_ednref17\" name=\"_edn17\"><\/a><strong>[[xvii]]<\/strong> <a href=\"https:\/\/dergipark.org.tr\/tr\/pub\/assam\">https:\/\/dergipark.org.tr\/tr\/pub\/assam<\/a> \u00a0<\/span><\/p>\n<p style=\"text-align: justify;\"><span style=\"font-size: 18pt;\"><a href=\"#_ednref18\" name=\"_edn18\"><\/a><strong>[[xviii]]<\/strong> <a href=\"https:\/\/www.easo.europa.eu\/sites\/default\/files\/EASO-Asylum-Report-2020-Executive-Summary-TR.pdf\">https:\/\/www.easo.europa.eu\/sites\/default\/files\/EASO-Asylum-Report-2020-Executive-Summary-TR.pdf<\/a><\/span><\/p>\n<p style=\"text-align: justify;\"><span style=\"font-size: 18pt;\"><a href=\"#_ednref19\" name=\"_edn19\"><\/a><strong>[[xix]]<\/strong> <a href=\"https:\/\/data2.unhcr.org\/en\/situations\/syria\">https:\/\/data2.unhcr.org\/en\/situations\/syria<\/a><\/span><\/p>\n","protected":false},"excerpt":{"rendered":"<p>YED\u0130NC\u0130 ULUSLARARASI ASSAM \u0130SLAM B\u0130RL\u0130\u011e\u0130 MODEL\u0130 KONGRE BEYANNAMES\u0130 GENEL Uluslararas\u0131 ASSAM \u0130slam Birli\u011fi Modeli Kongreleri\u2019nin amac\u0131; \u0130slam \u00fclkeleri co\u011frafyas\u0131 ba\u015fta olmak \u00fczere d\u00fcnya siyasetinde g\u00fcncel sorunlarla ilgili olarak akademik ve siyasal bir zemin \u00fczerinde tespitler yapmak, \u0130sl\u00e2m \u00fclkelerinin bir irade alt\u0131nda toplanmas\u0131 i\u00e7in gerekli m\u00fcesseseleri ve bu m\u00fcesseseler i\u00e7in gerekli mevzuat hakk\u0131nda \u0130slam d\u00fcnyas\u0131na ve [&hellip;]<\/p>\n","protected":false},"author":13,"featured_media":0,"comment_status":"open","ping_status":"open","sticky":false,"template":"","format":"standard","meta":{"_acf_changed":false,"footnotes":""},"categories":[306],"tags":[521,406,357,518,327],"class_list":["post-1339","post","type-post","status-publish","format-standard","hentry","category-7th-congress-tr","tag-adalet-sistemi","tag-asrika-konfederasyonu","tag-assam","tag-islam","tag-islam-birligi"],"acf":[],"yoast_head":"<!-- This site is optimized with the Yoast SEO plugin v26.0 - https:\/\/yoast.com\/wordpress\/plugins\/seo\/ -->\n<title>Model ASR\u0130KA Konfederasyonu Adalet Sistemi - ASSAM Congress<\/title>\n<meta name=\"robots\" content=\"index, follow, max-snippet:-1, max-image-preview:large, max-video-preview:-1\" \/>\n<link rel=\"canonical\" href=\"https:\/\/assamcongress.com\/tr\/islam-birligi-icin-musterek-adalet-sistemi-usul-ve-esaslarinin-tespiti\/\" \/>\n<meta property=\"og:locale\" content=\"tr_TR\" \/>\n<meta property=\"og:type\" content=\"article\" \/>\n<meta property=\"og:title\" content=\"Model ASR\u0130KA Konfederasyonu Adalet Sistemi - ASSAM Congress\" \/>\n<meta property=\"og:description\" content=\"YED\u0130NC\u0130 ULUSLARARASI ASSAM \u0130SLAM B\u0130RL\u0130\u011e\u0130 MODEL\u0130 KONGRE BEYANNAMES\u0130 GENEL Uluslararas\u0131 ASSAM \u0130slam Birli\u011fi Modeli Kongreleri\u2019nin amac\u0131; \u0130slam \u00fclkeleri co\u011frafyas\u0131 ba\u015fta olmak \u00fczere d\u00fcnya siyasetinde g\u00fcncel sorunlarla ilgili olarak akademik ve siyasal bir zemin \u00fczerinde tespitler yapmak, \u0130sl\u00e2m \u00fclkelerinin bir irade alt\u0131nda toplanmas\u0131 i\u00e7in gerekli m\u00fcesseseleri ve bu m\u00fcesseseler i\u00e7in gerekli mevzuat hakk\u0131nda \u0130slam d\u00fcnyas\u0131na ve [&hellip;]\" \/>\n<meta property=\"og:url\" content=\"https:\/\/assamcongress.com\/tr\/islam-birligi-icin-musterek-adalet-sistemi-usul-ve-esaslarinin-tespiti\/\" \/>\n<meta property=\"og:site_name\" content=\"ASSAM Congress\" \/>\n<meta property=\"article:publisher\" content=\"https:\/\/facebook.com\/assamcongresses\" \/>\n<meta property=\"article:published_time\" content=\"2023-05-12T04:11:46+00:00\" \/>\n<meta name=\"author\" content=\"ASSAM Web Admin\" \/>\n<meta name=\"twitter:card\" content=\"summary_large_image\" \/>\n<meta name=\"twitter:creator\" content=\"@assamcongresses\" \/>\n<meta name=\"twitter:site\" content=\"@assamcongresses\" \/>\n<meta name=\"twitter:label1\" content=\"Yazan:\" \/>\n\t<meta name=\"twitter:data1\" content=\"ASSAM Web Admin\" \/>\n\t<meta name=\"twitter:label2\" content=\"Tahmini okuma s\u00fcresi\" \/>\n\t<meta name=\"twitter:data2\" content=\"14 dakika\" \/>\n<script type=\"application\/ld+json\" class=\"yoast-schema-graph\">{\"@context\":\"https:\/\/schema.org\",\"@graph\":[{\"@type\":\"Article\",\"@id\":\"https:\/\/assamcongress.com\/tr\/islam-birligi-icin-musterek-adalet-sistemi-usul-ve-esaslarinin-tespiti\/#article\",\"isPartOf\":{\"@id\":\"https:\/\/assamcongress.com\/tr\/islam-birligi-icin-musterek-adalet-sistemi-usul-ve-esaslarinin-tespiti\/\"},\"author\":{\"name\":\"ASSAM Web Admin\",\"@id\":\"https:\/\/assamcongress.com\/tr\/#\/schema\/person\/88ab876df3f064629243273a9d94ceed\"},\"headline\":\"Model ASR\u0130KA Konfederasyonu Adalet Sistemi\",\"datePublished\":\"2023-05-12T04:11:46+00:00\",\"mainEntityOfPage\":{\"@id\":\"https:\/\/assamcongress.com\/tr\/islam-birligi-icin-musterek-adalet-sistemi-usul-ve-esaslarinin-tespiti\/\"},\"wordCount\":2761,\"commentCount\":0,\"publisher\":{\"@id\":\"https:\/\/assamcongress.com\/tr\/#organization\"},\"keywords\":[\"Adalet Sistemi\",\"ASR\u0130KA Konfederasyonu\",\"assam\",\"\u0130slam\",\"islam birli\u011fi\"],\"articleSection\":[\"7th Congress\"],\"inLanguage\":\"tr\"},{\"@type\":\"WebPage\",\"@id\":\"https:\/\/assamcongress.com\/tr\/islam-birligi-icin-musterek-adalet-sistemi-usul-ve-esaslarinin-tespiti\/\",\"url\":\"https:\/\/assamcongress.com\/tr\/islam-birligi-icin-musterek-adalet-sistemi-usul-ve-esaslarinin-tespiti\/\",\"name\":\"Model ASR\u0130KA Konfederasyonu Adalet Sistemi - ASSAM Congress\",\"isPartOf\":{\"@id\":\"https:\/\/assamcongress.com\/tr\/#website\"},\"datePublished\":\"2023-05-12T04:11:46+00:00\",\"breadcrumb\":{\"@id\":\"https:\/\/assamcongress.com\/tr\/islam-birligi-icin-musterek-adalet-sistemi-usul-ve-esaslarinin-tespiti\/#breadcrumb\"},\"inLanguage\":\"tr\",\"potentialAction\":[{\"@type\":\"ReadAction\",\"target\":[\"https:\/\/assamcongress.com\/tr\/islam-birligi-icin-musterek-adalet-sistemi-usul-ve-esaslarinin-tespiti\/\"]}]},{\"@type\":\"BreadcrumbList\",\"@id\":\"https:\/\/assamcongress.com\/tr\/islam-birligi-icin-musterek-adalet-sistemi-usul-ve-esaslarinin-tespiti\/#breadcrumb\",\"itemListElement\":[{\"@type\":\"ListItem\",\"position\":1,\"name\":\"Home\",\"item\":\"https:\/\/assamcongress.com\/tr\/\"},{\"@type\":\"ListItem\",\"position\":2,\"name\":\"Model ASR\u0130KA Konfederasyonu Adalet Sistemi\"}]},{\"@type\":\"WebSite\",\"@id\":\"https:\/\/assamcongress.com\/tr\/#website\",\"url\":\"https:\/\/assamcongress.com\/tr\/\",\"name\":\"ASSAM International Congresses\",\"description\":\"Adaleti Savunanlar Stratejik Ara\u015ft\u0131rmalar Merkezi\",\"publisher\":{\"@id\":\"https:\/\/assamcongress.com\/tr\/#organization\"},\"potentialAction\":[{\"@type\":\"SearchAction\",\"target\":{\"@type\":\"EntryPoint\",\"urlTemplate\":\"https:\/\/assamcongress.com\/tr\/?s={search_term_string}\"},\"query-input\":{\"@type\":\"PropertyValueSpecification\",\"valueRequired\":true,\"valueName\":\"search_term_string\"}}],\"inLanguage\":\"tr\"},{\"@type\":\"Organization\",\"@id\":\"https:\/\/assamcongress.com\/tr\/#organization\",\"name\":\"ASSAM - Justice Defenders Strategic Studies Center\",\"url\":\"https:\/\/assamcongress.com\/tr\/\",\"logo\":{\"@type\":\"ImageObject\",\"inLanguage\":\"tr\",\"@id\":\"https:\/\/assamcongress.com\/tr\/#\/schema\/logo\/image\/\",\"url\":\"https:\/\/assamcongress.com\/download\/2025\/09\/ASSAM-Logo-2023-1-scaled.png\",\"contentUrl\":\"https:\/\/assamcongress.com\/download\/2025\/09\/ASSAM-Logo-2023-1-scaled.png\",\"width\":2560,\"height\":2560,\"caption\":\"ASSAM - Justice Defenders Strategic Studies Center\"},\"image\":{\"@id\":\"https:\/\/assamcongress.com\/tr\/#\/schema\/logo\/image\/\"},\"sameAs\":[\"https:\/\/facebook.com\/assamcongresses\",\"https:\/\/x.com\/assamcongresses\",\"https:\/\/linkedin.com\/showcase\/assamcongresses\",\"http:\/\/youtube.com\/ASSAMCongress\",\"https:\/\/sosyal.teknofest.app\/@assam_der\"]},{\"@type\":\"Person\",\"@id\":\"https:\/\/assamcongress.com\/tr\/#\/schema\/person\/88ab876df3f064629243273a9d94ceed\",\"name\":\"ASSAM Web Admin\",\"image\":{\"@type\":\"ImageObject\",\"inLanguage\":\"tr\",\"@id\":\"https:\/\/assamcongress.com\/tr\/#\/schema\/person\/image\/\",\"url\":\"https:\/\/secure.gravatar.com\/avatar\/b64b9f9a11c3402664510c42229973ea79f05e8f86997d5123fb1c02cf533ea4?s=96&d=mm&r=g\",\"contentUrl\":\"https:\/\/secure.gravatar.com\/avatar\/b64b9f9a11c3402664510c42229973ea79f05e8f86997d5123fb1c02cf533ea4?s=96&d=mm&r=g\",\"caption\":\"ASSAM Web Admin\"},\"url\":\"https:\/\/assamcongress.com\/tr\/author\/assamkongre\/\"}]}<\/script>\n<!-- \/ Yoast SEO plugin. -->","yoast_head_json":{"title":"Model ASR\u0130KA Konfederasyonu Adalet Sistemi - ASSAM Congress","robots":{"index":"index","follow":"follow","max-snippet":"max-snippet:-1","max-image-preview":"max-image-preview:large","max-video-preview":"max-video-preview:-1"},"canonical":"https:\/\/assamcongress.com\/tr\/islam-birligi-icin-musterek-adalet-sistemi-usul-ve-esaslarinin-tespiti\/","og_locale":"tr_TR","og_type":"article","og_title":"Model ASR\u0130KA Konfederasyonu Adalet Sistemi - ASSAM Congress","og_description":"YED\u0130NC\u0130 ULUSLARARASI ASSAM \u0130SLAM B\u0130RL\u0130\u011e\u0130 MODEL\u0130 KONGRE BEYANNAMES\u0130 GENEL Uluslararas\u0131 ASSAM \u0130slam Birli\u011fi Modeli Kongreleri\u2019nin amac\u0131; \u0130slam \u00fclkeleri co\u011frafyas\u0131 ba\u015fta olmak \u00fczere d\u00fcnya siyasetinde g\u00fcncel sorunlarla ilgili olarak akademik ve siyasal bir zemin \u00fczerinde tespitler yapmak, \u0130sl\u00e2m \u00fclkelerinin bir irade alt\u0131nda toplanmas\u0131 i\u00e7in gerekli m\u00fcesseseleri ve bu m\u00fcesseseler i\u00e7in gerekli mevzuat hakk\u0131nda \u0130slam d\u00fcnyas\u0131na ve [&hellip;]","og_url":"https:\/\/assamcongress.com\/tr\/islam-birligi-icin-musterek-adalet-sistemi-usul-ve-esaslarinin-tespiti\/","og_site_name":"ASSAM Congress","article_publisher":"https:\/\/facebook.com\/assamcongresses","article_published_time":"2023-05-12T04:11:46+00:00","author":"ASSAM Web Admin","twitter_card":"summary_large_image","twitter_creator":"@assamcongresses","twitter_site":"@assamcongresses","twitter_misc":{"Yazan:":"ASSAM Web Admin","Tahmini okuma s\u00fcresi":"14 dakika"},"schema":{"@context":"https:\/\/schema.org","@graph":[{"@type":"Article","@id":"https:\/\/assamcongress.com\/tr\/islam-birligi-icin-musterek-adalet-sistemi-usul-ve-esaslarinin-tespiti\/#article","isPartOf":{"@id":"https:\/\/assamcongress.com\/tr\/islam-birligi-icin-musterek-adalet-sistemi-usul-ve-esaslarinin-tespiti\/"},"author":{"name":"ASSAM Web Admin","@id":"https:\/\/assamcongress.com\/tr\/#\/schema\/person\/88ab876df3f064629243273a9d94ceed"},"headline":"Model ASR\u0130KA Konfederasyonu Adalet Sistemi","datePublished":"2023-05-12T04:11:46+00:00","mainEntityOfPage":{"@id":"https:\/\/assamcongress.com\/tr\/islam-birligi-icin-musterek-adalet-sistemi-usul-ve-esaslarinin-tespiti\/"},"wordCount":2761,"commentCount":0,"publisher":{"@id":"https:\/\/assamcongress.com\/tr\/#organization"},"keywords":["Adalet Sistemi","ASR\u0130KA Konfederasyonu","assam","\u0130slam","islam birli\u011fi"],"articleSection":["7th Congress"],"inLanguage":"tr"},{"@type":"WebPage","@id":"https:\/\/assamcongress.com\/tr\/islam-birligi-icin-musterek-adalet-sistemi-usul-ve-esaslarinin-tespiti\/","url":"https:\/\/assamcongress.com\/tr\/islam-birligi-icin-musterek-adalet-sistemi-usul-ve-esaslarinin-tespiti\/","name":"Model ASR\u0130KA Konfederasyonu Adalet Sistemi - ASSAM Congress","isPartOf":{"@id":"https:\/\/assamcongress.com\/tr\/#website"},"datePublished":"2023-05-12T04:11:46+00:00","breadcrumb":{"@id":"https:\/\/assamcongress.com\/tr\/islam-birligi-icin-musterek-adalet-sistemi-usul-ve-esaslarinin-tespiti\/#breadcrumb"},"inLanguage":"tr","potentialAction":[{"@type":"ReadAction","target":["https:\/\/assamcongress.com\/tr\/islam-birligi-icin-musterek-adalet-sistemi-usul-ve-esaslarinin-tespiti\/"]}]},{"@type":"BreadcrumbList","@id":"https:\/\/assamcongress.com\/tr\/islam-birligi-icin-musterek-adalet-sistemi-usul-ve-esaslarinin-tespiti\/#breadcrumb","itemListElement":[{"@type":"ListItem","position":1,"name":"Home","item":"https:\/\/assamcongress.com\/tr\/"},{"@type":"ListItem","position":2,"name":"Model ASR\u0130KA Konfederasyonu Adalet Sistemi"}]},{"@type":"WebSite","@id":"https:\/\/assamcongress.com\/tr\/#website","url":"https:\/\/assamcongress.com\/tr\/","name":"ASSAM International Congresses","description":"Adaleti Savunanlar Stratejik Ara\u015ft\u0131rmalar Merkezi","publisher":{"@id":"https:\/\/assamcongress.com\/tr\/#organization"},"potentialAction":[{"@type":"SearchAction","target":{"@type":"EntryPoint","urlTemplate":"https:\/\/assamcongress.com\/tr\/?s={search_term_string}"},"query-input":{"@type":"PropertyValueSpecification","valueRequired":true,"valueName":"search_term_string"}}],"inLanguage":"tr"},{"@type":"Organization","@id":"https:\/\/assamcongress.com\/tr\/#organization","name":"ASSAM - Justice Defenders Strategic Studies Center","url":"https:\/\/assamcongress.com\/tr\/","logo":{"@type":"ImageObject","inLanguage":"tr","@id":"https:\/\/assamcongress.com\/tr\/#\/schema\/logo\/image\/","url":"https:\/\/assamcongress.com\/download\/2025\/09\/ASSAM-Logo-2023-1-scaled.png","contentUrl":"https:\/\/assamcongress.com\/download\/2025\/09\/ASSAM-Logo-2023-1-scaled.png","width":2560,"height":2560,"caption":"ASSAM - Justice Defenders Strategic Studies Center"},"image":{"@id":"https:\/\/assamcongress.com\/tr\/#\/schema\/logo\/image\/"},"sameAs":["https:\/\/facebook.com\/assamcongresses","https:\/\/x.com\/assamcongresses","https:\/\/linkedin.com\/showcase\/assamcongresses","http:\/\/youtube.com\/ASSAMCongress","https:\/\/sosyal.teknofest.app\/@assam_der"]},{"@type":"Person","@id":"https:\/\/assamcongress.com\/tr\/#\/schema\/person\/88ab876df3f064629243273a9d94ceed","name":"ASSAM Web Admin","image":{"@type":"ImageObject","inLanguage":"tr","@id":"https:\/\/assamcongress.com\/tr\/#\/schema\/person\/image\/","url":"https:\/\/secure.gravatar.com\/avatar\/b64b9f9a11c3402664510c42229973ea79f05e8f86997d5123fb1c02cf533ea4?s=96&d=mm&r=g","contentUrl":"https:\/\/secure.gravatar.com\/avatar\/b64b9f9a11c3402664510c42229973ea79f05e8f86997d5123fb1c02cf533ea4?s=96&d=mm&r=g","caption":"ASSAM Web Admin"},"url":"https:\/\/assamcongress.com\/tr\/author\/assamkongre\/"}]}},"_links":{"self":[{"href":"https:\/\/assamcongress.com\/tr\/wp-json\/wp\/v2\/posts\/1339","targetHints":{"allow":["GET"]}}],"collection":[{"href":"https:\/\/assamcongress.com\/tr\/wp-json\/wp\/v2\/posts"}],"about":[{"href":"https:\/\/assamcongress.com\/tr\/wp-json\/wp\/v2\/types\/post"}],"author":[{"embeddable":true,"href":"https:\/\/assamcongress.com\/tr\/wp-json\/wp\/v2\/users\/13"}],"replies":[{"embeddable":true,"href":"https:\/\/assamcongress.com\/tr\/wp-json\/wp\/v2\/comments?post=1339"}],"version-history":[{"count":0,"href":"https:\/\/assamcongress.com\/tr\/wp-json\/wp\/v2\/posts\/1339\/revisions"}],"wp:attachment":[{"href":"https:\/\/assamcongress.com\/tr\/wp-json\/wp\/v2\/media?parent=1339"}],"wp:term":[{"taxonomy":"category","embeddable":true,"href":"https:\/\/assamcongress.com\/tr\/wp-json\/wp\/v2\/categories?post=1339"},{"taxonomy":"post_tag","embeddable":true,"href":"https:\/\/assamcongress.com\/tr\/wp-json\/wp\/v2\/tags?post=1339"}],"curies":[{"name":"wp","href":"https:\/\/api.w.org\/{rel}","templated":true}]}}