{"id":1475,"date":"2024-03-26T09:09:55","date_gmt":"2024-03-26T06:09:55","guid":{"rendered":"https:\/\/yeni.assamcongress.com\/sonuc-raporu\/"},"modified":"2024-03-26T09:09:55","modified_gmt":"2024-03-26T06:09:55","slug":"sonuc-raporu","status":"publish","type":"post","link":"https:\/\/assamcongress.com\/tr\/sonuc-raporu\/","title":{"rendered":"Sonu\u00e7 Raporu"},"content":{"rendered":"<p style=\"text-align: justify;\">Uluslararas\u0131 ASSAM \u0130slam Birli\u011fi Model ASR\u0130KA Konfederasyonu Kongre serisinin amac\u0131; \u0130slam \u00fclkeleri co\u011frafyas\u0131 ba\u015fta olmak \u00fczere d\u00fcnya siyasetinde g\u00fcncel sorunlarla ilgili olarak akademik ve siyasal bir zemin \u00fczerinde tespitler yapmak, \u0130sl\u00e2m \u00fclkelerinin bir irade alt\u0131nda toplanmas\u0131 i\u00e7in gerekli m\u00fcesseseleri ve bu m\u00fcesseseler i\u00e7in gerekli mevzuat hakk\u0131nda \u0130slam d\u00fcnyas\u0131na ve karar vericilere bir hal tarz\u0131 sunmakt\u0131r.<\/p>\n<p style=\"text-align: justify;\">Uluslararas\u0131 ASSAM \u0130slam Birli\u011fi Modeli Kongrelerinin Birincisine 27 \u0130sl\u00e2m \u00fclkesinden kat\u0131lan STK temsilcileri ve akademisyenlerle yap\u0131lan isti\u015fare sonucunda s\u00fcreklili\u011finin sa\u011flanmas\u0131na karar verilmi\u015ftir. Kongre serisi 2017 \u2013 2023 y\u0131llar\u0131 aras\u0131nda her y\u0131l bir kongre olarak icra edilmi\u015ftir.<\/p>\n<p style=\"text-align: justify;\">Devletlerin asl\u00ee faaliyet alanlar\u0131 da dikkate al\u0131narak, ilki 2017, ikincisi 2018, \u00fc\u00e7\u00fcnc\u00fcs\u00fc 2019, d\u00f6rd\u00fcnc\u00fcs\u00fc 2020, be\u015fincisi 2021, alt\u0131nc\u0131s\u0131 2022, yedincisi 2023 y\u0131l\u0131nda ger\u00e7ekle\u015ftirilmi\u015f ve 7 y\u0131lda icra edilen &#8220;Uluslararas\u0131 ASSAM \u0130sl\u00e2m Birli\u011fi Modeli Kongreleri&#8221; serisinin, ana konular\u0131 \u015funlar olmu\u015ftur;<\/p>\n<ol>\n<li>\u0130slam Birli\u011fi i\u00e7in Y\u00f6netim \u015eekil ve Organlar\u0131 Mevzuat\u0131n\u0131n Tespiti \u2013 2017<\/li>\n<li>\u0130slam Birli\u011fi i\u00e7in Ekonomik \u0130\u015f Birli\u011fi Usul ve Esaslar\u0131n\u0131n Tespiti \u2013 2018<\/li>\n<li>\u0130sl\u00e2m Birli\u011fi i\u00e7in Savunma Sanayi \u0130\u015f Birli\u011fi Usul ve Esaslar\u0131n\u0131n Tespiti \u2013 2019<\/li>\n<li>\u0130sl\u00e2m Birli\u011fi i\u00e7in Ortak Savunma Sistemi Usul ve Esaslar\u0131n\u0131n Tespiti \u2013 2020<\/li>\n<li>\u0130sl\u00e2m Birli\u011fi i\u00e7in Ortak D\u0131\u015f Politika Usul ve Esaslar\u0131n\u0131n Tespiti \u2013 2021<\/li>\n<li>\u0130sl\u00e2m Birli\u011fi i\u00e7in Ortak Asayi\u015f ve G\u00fcvenlik Usul ve Esaslar\u0131n\u0131n Tespiti \u2013 2022<\/li>\n<li>\u0130sl\u00e2m Birli\u011fi i\u00e7in Ortak Adalet Sistemi Usul ve Esaslar\u0131n\u0131n Tespiti \u2013 2023<\/li>\n<\/ol>\n<p style=\"text-align: justify;\">7 kongre sonunda \u0130slam \u00fclkelerinin bir irade alt\u0131nda toplanmas\u0131 i\u00e7in gereken m\u00fcesseseler ve bu m\u00fcesseselerin mevzuat\u0131n\u0131n bir model olarak ortaya konulmas\u0131 ama\u00e7lanm\u0131\u015ft\u0131r.<\/p>\n<p style=\"text-align: justify;\"><strong>Kongre sonucunda \u201c\u0130sl\u00e2m \u00dclkeleri Parlamentosu\u201d kurulmas\u0131 ve her \u0130sl\u00e2m \u00fclkesinin bakanlar kurulunda \u201c\u0130sl\u00e2m Birli\u011fi Bakanl\u0131\u011f\u0131\u201d ihdas edilmesi gerekti\u011fi kanaatine var\u0131lm\u0131\u015f ve ASSAM Y\u00f6netim Kurulu\u2019nca onaylanan \u201c\u0130sl\u00e2m \u00dclkeleri Konfederasyonu Bildirgesi\u201d 29\u2019u \u0130slam \u00fclkelerinden 80\u2019i T\u00fcrkiye\u2019den olmak \u00fczere 109 STK yetkilisi taraf\u0131ndan da imzalanarak bas\u0131n vas\u0131tas\u0131yla d\u00fcnya kamuoyuna duyurulmu\u015ftur.<\/strong><a href=\"#_ftn1\" name=\"_ftnref1\"><strong>[1]<\/strong><\/a><\/p>\n<p style=\"text-align: justify;\"><strong>Ayr\u0131ca bildirilerde vurgulanan h\u00fck\u00fcmler dikkate al\u0131narak \u0130sl\u00e2m \u00dclkeleri Konfederasyonu i\u00e7in model bir anayasa tasla\u011f\u0131 haz\u0131rlanm\u0131\u015ft\u0131r.<a href=\"#_ftn2\" name=\"_ftnref1\">[2]<\/a><\/strong><\/p>\n<p>Kongre Sonu\u00e7 Raporuna ula\u015fmak i\u00e7in <a href=\"https:\/\/assamcongress.com\/wp-content\/uploads\/2024\/03\/ASSAM_2017-2023_KONGRE_SERISI_SONUC_RAPORU.pdf\" target=\"_blank\" rel=\"noopener noreferrer\">t\u0131klay\u0131n\u0131z<\/a>.<\/p>\n<p>ASR\u0130KA \u0130slam Birli\u011fi Modeli tan\u0131t\u0131m semineri <a href=\"https:\/\/www.youtube.com\/watch?v=WwcdAvAF6P8\" target=\"_blank\" rel=\"noopener noreferrer\">videosunu<\/a>\u00a0seyretmek i\u00e7in sayfay\u0131 a\u015fa\u011f\u0131 kayd\u0131r\u0131n\u0131z.<\/p>\n<pre><a href=\"#_ftnref1\" name=\"_ftn1\">[1]<\/a> <a href=\"tr\/kongreler\/kongre-2017\/kongre-bildirgesi-17.html\" target=\"_blank\" rel=\"noopener noreferrer\">https:\/\/assamcongress.com\/tr\/kongreler\/kongre-2017\/kongre-bildirgesi-17.html<\/a>  <\/pre>\n<pre><a href=\"#_ftnref2\" name=\"_ftn1\">[2]<\/a> <a href=\"tr\/kongreler\/kongre-2017\/model-konfederasyon-anayasasi.html\" target=\"_blank\" rel=\"noopener noreferrer\">https:\/\/assamcongress.com\/tr\/kongreler\/kongre-2017\/model-konfederasyon-anayasasi.html<\/a> <br \/><br \/><br \/><\/pre>\n<div class=\"k2_video\"><iframe loading=\"lazy\" title=\"ASSAM Model \u0130slam Birli\u011fi Seminerleri - 1\" width=\"500\" height=\"281\" src=\"https:\/\/www.youtube.com\/embed\/WwcdAvAF6P8?feature=oembed\" frameborder=\"0\" allow=\"accelerometer; autoplay; clipboard-write; encrypted-media; gyroscope; picture-in-picture; web-share\" referrerpolicy=\"strict-origin-when-cross-origin\" allowfullscreen><\/iframe>\n<\/div>\n","protected":false},"excerpt":{"rendered":"<p>Uluslararas\u0131 ASSAM \u0130slam Birli\u011fi Model ASR\u0130KA Konfederasyonu Kongre serisinin amac\u0131; \u0130slam \u00fclkeleri co\u011frafyas\u0131 ba\u015fta olmak \u00fczere d\u00fcnya siyasetinde g\u00fcncel sorunlarla ilgili olarak akademik ve siyasal bir zemin \u00fczerinde tespitler yapmak, \u0130sl\u00e2m \u00fclkelerinin bir irade alt\u0131nda toplanmas\u0131 i\u00e7in gerekli m\u00fcesseseleri ve bu m\u00fcesseseler i\u00e7in gerekli mevzuat hakk\u0131nda \u0130slam d\u00fcnyas\u0131na ve karar vericilere bir hal tarz\u0131 sunmakt\u0131r. [&hellip;]<\/p>\n","protected":false},"author":1,"featured_media":0,"comment_status":"open","ping_status":"open","sticky":false,"template":"","format":"standard","meta":{"_acf_changed":false,"footnotes":""},"categories":[306],"tags":[402,327,527,526,525,524],"class_list":["post-1475","post","type-post","status-publish","format-standard","hentry","category-7th-congress-tr","tag-anayasa","tag-islam-birligi","tag-mevzuat","tag-model-asrika-konfederasyonu","tag-sonuc-bildirgesi","tag-sonuc-raporu"],"acf":[],"yoast_head":"<!-- This site is optimized with the Yoast SEO plugin v26.0 - https:\/\/yoast.com\/wordpress\/plugins\/seo\/ -->\n<title>Sonu\u00e7 Raporu - ASSAM Congress<\/title>\n<meta name=\"robots\" content=\"index, follow, max-snippet:-1, max-image-preview:large, max-video-preview:-1\" \/>\n<link rel=\"canonical\" href=\"https:\/\/assamcongress.com\/tr\/sonuc-raporu\/\" \/>\n<meta property=\"og:locale\" content=\"tr_TR\" \/>\n<meta property=\"og:type\" content=\"article\" \/>\n<meta property=\"og:title\" content=\"Sonu\u00e7 Raporu - ASSAM Congress\" \/>\n<meta property=\"og:description\" content=\"Uluslararas\u0131 ASSAM \u0130slam Birli\u011fi Model ASR\u0130KA Konfederasyonu Kongre serisinin amac\u0131; \u0130slam \u00fclkeleri co\u011frafyas\u0131 ba\u015fta olmak \u00fczere d\u00fcnya siyasetinde g\u00fcncel sorunlarla ilgili olarak akademik ve siyasal bir zemin \u00fczerinde tespitler yapmak, \u0130sl\u00e2m \u00fclkelerinin bir irade alt\u0131nda toplanmas\u0131 i\u00e7in gerekli m\u00fcesseseleri ve bu m\u00fcesseseler i\u00e7in gerekli mevzuat hakk\u0131nda \u0130slam d\u00fcnyas\u0131na ve karar vericilere bir hal tarz\u0131 sunmakt\u0131r. [&hellip;]\" \/>\n<meta property=\"og:url\" content=\"https:\/\/assamcongress.com\/tr\/sonuc-raporu\/\" \/>\n<meta property=\"og:site_name\" content=\"ASSAM Congress\" \/>\n<meta property=\"article:publisher\" content=\"https:\/\/facebook.com\/assamcongresses\" \/>\n<meta property=\"article:published_time\" content=\"2024-03-26T06:09:55+00:00\" \/>\n<meta name=\"author\" content=\"admin\" \/>\n<meta name=\"twitter:card\" content=\"summary_large_image\" \/>\n<meta name=\"twitter:creator\" content=\"@assamcongresses\" \/>\n<meta name=\"twitter:site\" content=\"@assamcongresses\" \/>\n<meta name=\"twitter:label1\" content=\"Yazan:\" \/>\n\t<meta name=\"twitter:data1\" content=\"admin\" \/>\n\t<meta name=\"twitter:label2\" content=\"Tahmini okuma s\u00fcresi\" \/>\n\t<meta name=\"twitter:data2\" content=\"2 dakika\" \/>\n<script type=\"application\/ld+json\" class=\"yoast-schema-graph\">{\"@context\":\"https:\/\/schema.org\",\"@graph\":[{\"@type\":\"Article\",\"@id\":\"https:\/\/assamcongress.com\/tr\/sonuc-raporu\/#article\",\"isPartOf\":{\"@id\":\"https:\/\/assamcongress.com\/tr\/sonuc-raporu\/\"},\"author\":{\"name\":\"admin\",\"@id\":\"https:\/\/assamcongress.com\/tr\/#\/schema\/person\/fcb934b07ebb712152272b3685845fd4\"},\"headline\":\"Sonu\u00e7 Raporu\",\"datePublished\":\"2024-03-26T06:09:55+00:00\",\"mainEntityOfPage\":{\"@id\":\"https:\/\/assamcongress.com\/tr\/sonuc-raporu\/\"},\"wordCount\":431,\"commentCount\":0,\"publisher\":{\"@id\":\"https:\/\/assamcongress.com\/tr\/#organization\"},\"keywords\":[\"anayasa\",\"islam birli\u011fi\",\"mevzuat\",\"model asrika konfederasyonu\",\"sonu\u00e7 bildirgesi\",\"sonu\u00e7 raporu\"],\"articleSection\":[\"7th Congress\"],\"inLanguage\":\"tr\"},{\"@type\":\"WebPage\",\"@id\":\"https:\/\/assamcongress.com\/tr\/sonuc-raporu\/\",\"url\":\"https:\/\/assamcongress.com\/tr\/sonuc-raporu\/\",\"name\":\"Sonu\u00e7 Raporu - ASSAM Congress\",\"isPartOf\":{\"@id\":\"https:\/\/assamcongress.com\/tr\/#website\"},\"datePublished\":\"2024-03-26T06:09:55+00:00\",\"breadcrumb\":{\"@id\":\"https:\/\/assamcongress.com\/tr\/sonuc-raporu\/#breadcrumb\"},\"inLanguage\":\"tr\",\"potentialAction\":[{\"@type\":\"ReadAction\",\"target\":[\"https:\/\/assamcongress.com\/tr\/sonuc-raporu\/\"]}]},{\"@type\":\"BreadcrumbList\",\"@id\":\"https:\/\/assamcongress.com\/tr\/sonuc-raporu\/#breadcrumb\",\"itemListElement\":[{\"@type\":\"ListItem\",\"position\":1,\"name\":\"Home\",\"item\":\"https:\/\/assamcongress.com\/tr\/\"},{\"@type\":\"ListItem\",\"position\":2,\"name\":\"Sonu\u00e7 Raporu\"}]},{\"@type\":\"WebSite\",\"@id\":\"https:\/\/assamcongress.com\/tr\/#website\",\"url\":\"https:\/\/assamcongress.com\/tr\/\",\"name\":\"ASSAM International Congresses\",\"description\":\"Adaleti Savunanlar Stratejik Ara\u015ft\u0131rmalar Merkezi\",\"publisher\":{\"@id\":\"https:\/\/assamcongress.com\/tr\/#organization\"},\"potentialAction\":[{\"@type\":\"SearchAction\",\"target\":{\"@type\":\"EntryPoint\",\"urlTemplate\":\"https:\/\/assamcongress.com\/tr\/?s={search_term_string}\"},\"query-input\":{\"@type\":\"PropertyValueSpecification\",\"valueRequired\":true,\"valueName\":\"search_term_string\"}}],\"inLanguage\":\"tr\"},{\"@type\":\"Organization\",\"@id\":\"https:\/\/assamcongress.com\/tr\/#organization\",\"name\":\"ASSAM - Justice Defenders Strategic Studies Center\",\"url\":\"https:\/\/assamcongress.com\/tr\/\",\"logo\":{\"@type\":\"ImageObject\",\"inLanguage\":\"tr\",\"@id\":\"https:\/\/assamcongress.com\/tr\/#\/schema\/logo\/image\/\",\"url\":\"https:\/\/assamcongress.com\/download\/2025\/09\/ASSAM-Logo-2023-1-scaled.png\",\"contentUrl\":\"https:\/\/assamcongress.com\/download\/2025\/09\/ASSAM-Logo-2023-1-scaled.png\",\"width\":2560,\"height\":2560,\"caption\":\"ASSAM - Justice Defenders Strategic Studies Center\"},\"image\":{\"@id\":\"https:\/\/assamcongress.com\/tr\/#\/schema\/logo\/image\/\"},\"sameAs\":[\"https:\/\/facebook.com\/assamcongresses\",\"https:\/\/x.com\/assamcongresses\",\"https:\/\/linkedin.com\/showcase\/assamcongresses\",\"http:\/\/youtube.com\/ASSAMCongress\",\"https:\/\/sosyal.teknofest.app\/@assam_der\"]},{\"@type\":\"Person\",\"@id\":\"https:\/\/assamcongress.com\/tr\/#\/schema\/person\/fcb934b07ebb712152272b3685845fd4\",\"name\":\"admin\",\"image\":{\"@type\":\"ImageObject\",\"inLanguage\":\"tr\",\"@id\":\"https:\/\/assamcongress.com\/tr\/#\/schema\/person\/image\/\",\"url\":\"https:\/\/secure.gravatar.com\/avatar\/5430b77c9e17c670a7ca76d5ddab471e7f5d3ecdf74491a4a9a66ceae9a8346b?s=96&d=mm&r=g\",\"contentUrl\":\"https:\/\/secure.gravatar.com\/avatar\/5430b77c9e17c670a7ca76d5ddab471e7f5d3ecdf74491a4a9a66ceae9a8346b?s=96&d=mm&r=g\",\"caption\":\"admin\"},\"sameAs\":[\"https:\/\/assamcongress.com\"],\"url\":\"https:\/\/assamcongress.com\/tr\/author\/admin\/\"}]}<\/script>\n<!-- \/ Yoast SEO plugin. -->","yoast_head_json":{"title":"Sonu\u00e7 Raporu - ASSAM Congress","robots":{"index":"index","follow":"follow","max-snippet":"max-snippet:-1","max-image-preview":"max-image-preview:large","max-video-preview":"max-video-preview:-1"},"canonical":"https:\/\/assamcongress.com\/tr\/sonuc-raporu\/","og_locale":"tr_TR","og_type":"article","og_title":"Sonu\u00e7 Raporu - ASSAM Congress","og_description":"Uluslararas\u0131 ASSAM \u0130slam Birli\u011fi Model ASR\u0130KA Konfederasyonu Kongre serisinin amac\u0131; \u0130slam \u00fclkeleri co\u011frafyas\u0131 ba\u015fta olmak \u00fczere d\u00fcnya siyasetinde g\u00fcncel sorunlarla ilgili olarak akademik ve siyasal bir zemin \u00fczerinde tespitler yapmak, \u0130sl\u00e2m \u00fclkelerinin bir irade alt\u0131nda toplanmas\u0131 i\u00e7in gerekli m\u00fcesseseleri ve bu m\u00fcesseseler i\u00e7in gerekli mevzuat hakk\u0131nda \u0130slam d\u00fcnyas\u0131na ve karar vericilere bir hal tarz\u0131 sunmakt\u0131r. [&hellip;]","og_url":"https:\/\/assamcongress.com\/tr\/sonuc-raporu\/","og_site_name":"ASSAM Congress","article_publisher":"https:\/\/facebook.com\/assamcongresses","article_published_time":"2024-03-26T06:09:55+00:00","author":"admin","twitter_card":"summary_large_image","twitter_creator":"@assamcongresses","twitter_site":"@assamcongresses","twitter_misc":{"Yazan:":"admin","Tahmini okuma s\u00fcresi":"2 dakika"},"schema":{"@context":"https:\/\/schema.org","@graph":[{"@type":"Article","@id":"https:\/\/assamcongress.com\/tr\/sonuc-raporu\/#article","isPartOf":{"@id":"https:\/\/assamcongress.com\/tr\/sonuc-raporu\/"},"author":{"name":"admin","@id":"https:\/\/assamcongress.com\/tr\/#\/schema\/person\/fcb934b07ebb712152272b3685845fd4"},"headline":"Sonu\u00e7 Raporu","datePublished":"2024-03-26T06:09:55+00:00","mainEntityOfPage":{"@id":"https:\/\/assamcongress.com\/tr\/sonuc-raporu\/"},"wordCount":431,"commentCount":0,"publisher":{"@id":"https:\/\/assamcongress.com\/tr\/#organization"},"keywords":["anayasa","islam birli\u011fi","mevzuat","model asrika konfederasyonu","sonu\u00e7 bildirgesi","sonu\u00e7 raporu"],"articleSection":["7th Congress"],"inLanguage":"tr"},{"@type":"WebPage","@id":"https:\/\/assamcongress.com\/tr\/sonuc-raporu\/","url":"https:\/\/assamcongress.com\/tr\/sonuc-raporu\/","name":"Sonu\u00e7 Raporu - ASSAM Congress","isPartOf":{"@id":"https:\/\/assamcongress.com\/tr\/#website"},"datePublished":"2024-03-26T06:09:55+00:00","breadcrumb":{"@id":"https:\/\/assamcongress.com\/tr\/sonuc-raporu\/#breadcrumb"},"inLanguage":"tr","potentialAction":[{"@type":"ReadAction","target":["https:\/\/assamcongress.com\/tr\/sonuc-raporu\/"]}]},{"@type":"BreadcrumbList","@id":"https:\/\/assamcongress.com\/tr\/sonuc-raporu\/#breadcrumb","itemListElement":[{"@type":"ListItem","position":1,"name":"Home","item":"https:\/\/assamcongress.com\/tr\/"},{"@type":"ListItem","position":2,"name":"Sonu\u00e7 Raporu"}]},{"@type":"WebSite","@id":"https:\/\/assamcongress.com\/tr\/#website","url":"https:\/\/assamcongress.com\/tr\/","name":"ASSAM International Congresses","description":"Adaleti Savunanlar Stratejik Ara\u015ft\u0131rmalar Merkezi","publisher":{"@id":"https:\/\/assamcongress.com\/tr\/#organization"},"potentialAction":[{"@type":"SearchAction","target":{"@type":"EntryPoint","urlTemplate":"https:\/\/assamcongress.com\/tr\/?s={search_term_string}"},"query-input":{"@type":"PropertyValueSpecification","valueRequired":true,"valueName":"search_term_string"}}],"inLanguage":"tr"},{"@type":"Organization","@id":"https:\/\/assamcongress.com\/tr\/#organization","name":"ASSAM - Justice Defenders Strategic Studies Center","url":"https:\/\/assamcongress.com\/tr\/","logo":{"@type":"ImageObject","inLanguage":"tr","@id":"https:\/\/assamcongress.com\/tr\/#\/schema\/logo\/image\/","url":"https:\/\/assamcongress.com\/download\/2025\/09\/ASSAM-Logo-2023-1-scaled.png","contentUrl":"https:\/\/assamcongress.com\/download\/2025\/09\/ASSAM-Logo-2023-1-scaled.png","width":2560,"height":2560,"caption":"ASSAM - Justice Defenders Strategic Studies Center"},"image":{"@id":"https:\/\/assamcongress.com\/tr\/#\/schema\/logo\/image\/"},"sameAs":["https:\/\/facebook.com\/assamcongresses","https:\/\/x.com\/assamcongresses","https:\/\/linkedin.com\/showcase\/assamcongresses","http:\/\/youtube.com\/ASSAMCongress","https:\/\/sosyal.teknofest.app\/@assam_der"]},{"@type":"Person","@id":"https:\/\/assamcongress.com\/tr\/#\/schema\/person\/fcb934b07ebb712152272b3685845fd4","name":"admin","image":{"@type":"ImageObject","inLanguage":"tr","@id":"https:\/\/assamcongress.com\/tr\/#\/schema\/person\/image\/","url":"https:\/\/secure.gravatar.com\/avatar\/5430b77c9e17c670a7ca76d5ddab471e7f5d3ecdf74491a4a9a66ceae9a8346b?s=96&d=mm&r=g","contentUrl":"https:\/\/secure.gravatar.com\/avatar\/5430b77c9e17c670a7ca76d5ddab471e7f5d3ecdf74491a4a9a66ceae9a8346b?s=96&d=mm&r=g","caption":"admin"},"sameAs":["https:\/\/assamcongress.com"],"url":"https:\/\/assamcongress.com\/tr\/author\/admin\/"}]}},"_links":{"self":[{"href":"https:\/\/assamcongress.com\/tr\/wp-json\/wp\/v2\/posts\/1475","targetHints":{"allow":["GET"]}}],"collection":[{"href":"https:\/\/assamcongress.com\/tr\/wp-json\/wp\/v2\/posts"}],"about":[{"href":"https:\/\/assamcongress.com\/tr\/wp-json\/wp\/v2\/types\/post"}],"author":[{"embeddable":true,"href":"https:\/\/assamcongress.com\/tr\/wp-json\/wp\/v2\/users\/1"}],"replies":[{"embeddable":true,"href":"https:\/\/assamcongress.com\/tr\/wp-json\/wp\/v2\/comments?post=1475"}],"version-history":[{"count":0,"href":"https:\/\/assamcongress.com\/tr\/wp-json\/wp\/v2\/posts\/1475\/revisions"}],"wp:attachment":[{"href":"https:\/\/assamcongress.com\/tr\/wp-json\/wp\/v2\/media?parent=1475"}],"wp:term":[{"taxonomy":"category","embeddable":true,"href":"https:\/\/assamcongress.com\/tr\/wp-json\/wp\/v2\/categories?post=1475"},{"taxonomy":"post_tag","embeddable":true,"href":"https:\/\/assamcongress.com\/tr\/wp-json\/wp\/v2\/tags?post=1475"}],"curies":[{"name":"wp","href":"https:\/\/api.w.org\/{rel}","templated":true}]}}