{"id":275,"date":"2019-04-10T12:03:02","date_gmt":"2019-04-10T09:03:02","guid":{"rendered":"https:\/\/yeni.assamcongress.com\/2nci-uluslararasi-assam-islam-birligi-kongresi-islam-ekonomisi-ve-ortak-ekonomik-sistemler\/"},"modified":"2019-04-10T12:03:02","modified_gmt":"2019-04-10T09:03:02","slug":"2nci-uluslararasi-assam-islam-birligi-kongresi-islam-ekonomisi-ve-ortak-ekonomik-sistemler","status":"publish","type":"post","link":"https:\/\/assamcongress.com\/tr\/2nci-uluslararasi-assam-islam-birligi-kongresi-islam-ekonomisi-ve-ortak-ekonomik-sistemler\/","title":{"rendered":"2nci Uluslararas\u0131 ASSAM \u0130slam Birli\u011fi Kongresi: \u0130slam Ekonomisi ve Ortak Ekonomik Sistemler"},"content":{"rendered":"<p>Uluslararas\u0131 ASSAM \u0130slam Birli\u011fi Kongrelerinin amac\u0131; \u0130slam \u00dclkeleri Co\u011frafyas\u0131 ba\u015fta olmak \u00fczere d\u00fcnya siyasetinde g\u00fcncel sorunlarla ilgili olarak akademik ve siyasal bir zemin \u00fczerinde tespitler yapmak,\u00a0<strong>\u0130sl\u00e2m \u00dclkelerinin bir irade alt\u0131nda toplanmas\u0131 i\u00e7in gerekli m\u00fcesseseleri ve bu m\u00fcesseselerin olmas\u0131 gereken mevzuat\u0131 hakk\u0131nda karar vericilere bir hal tarz\u0131 sunmakt\u0131r.<\/strong><\/p>\n<p><strong>Uluslararas\u0131 ASSAM \u0130slam Birli\u011fi Kongrelerinin,<\/strong>\u00a0Birincisine 27 \u0130sl\u00e2m \u00dclkesinden kat\u0131lan STK Temsilcileriyle yap\u0131lan isti\u015fare sonucunda s\u00fcreklili\u011finin sa\u011flanmas\u0131na karar verilmi\u015ftir.\u00a0<\/p>\n<p><strong>Devletlerin asl\u00ee faaliyet alanlar\u0131<\/strong>\u00a0da dikkate al\u0131narak, ilki 2017 y\u0131l\u0131nda uygulanan ve her y\u0131l icra edilmesi planlanan\u00a0<strong>&#8220;Uluslararas\u0131 ASSAM \u0130sl\u00e2m Birli\u011fi Kongreleri&#8221; serisinin,<\/strong>\u00a0bu y\u0131l ve m\u00fcteakip y\u0131llarda uygulanacak ana konular\u0131;<\/p>\n<ul>\n<li>\u0130slam Birli\u011fi i\u00e7in\u00a0<strong>Y\u00f6netim \u015eekil ve Organlar\u0131 Mevzuat\u0131n\u0131n<\/strong>\u00a0Tespiti\u00a0<strong>(2017-yap\u0131ld\u0131)<\/strong><\/li>\n<li><span style=\"color: #ff0000;\">\u0130slam Birli\u011fi i\u00e7in\u00a0<strong>Ekonomik \u0130\u015fbirli\u011fi Usul ve Esaslar\u0131n\u0131n<\/strong>\u00a0Tespiti\u00a0<\/span><strong><span style=\"color: #ff0000;\">(2018<\/span>)<\/strong><\/li>\n<li>\u0130sl\u00e2m Birli\u011fi i\u00e7in\u00a0<strong>Savunma Sanayi \u0130\u015fbirli\u011fi Usul ve Esaslar\u0131n\u0131n<\/strong>\u00a0Tespiti (2019),<\/li>\n<li>\u0130sl\u00e2m Birli\u011fi i\u00e7in\u00a0<strong>Ortak Savunma Sistemi Usul ve Esaslar\u0131n\u0131n<\/strong>\u00a0Tespiti (2020),<\/li>\n<li>\u0130sl\u00e2m Birli\u011fi i\u00e7in\u00a0<strong>M\u00fc\u015fterek D\u0131\u015f Politika Usul ve Esaslar\u0131n\u0131n<\/strong>\u00a0Tespiti (2021),<\/li>\n<li>\u0130sl\u00e2m Birli\u011fi i\u00e7in\u00a0<strong>M\u00fc\u015fterek Adalet Sistemi Usul ve Esaslar\u0131n\u0131n<\/strong>\u00a0Tespiti (2022),<\/li>\n<li>\u0130sl\u00e2m Birli\u011fi i\u00e7in\u00a0<strong>Ortak Asayi\u015f ve G\u00fcvenlik Usul ve Esaslar\u0131n\u0131n<\/strong>\u00a0Tespiti (2023),<\/li>\n<\/ul>\n<p>\u015eekilde se\u00e7ilmi\u015f ve sonunda\u00a0<strong>\u0130slam \u00dclkelerinin bir irade alt\u0131nda toplanmas\u0131 i\u00e7in gereken m\u00fcesseseler ve bu m\u00fcesseselerin mevzuat\u0131n\u0131n bir model olarak ortaya \u00e7\u0131kar\u0131lmas\u0131<\/strong>\u00a0ama\u00e7lanm\u0131\u015ft\u0131r.\u00a0<\/p>\n<p><strong>Kongrenin birincisi ASSAM\u2019\u0131n merkezi olan \u0130stanbul\u2019da, \u00dcsk\u00fcdar \u00dcniversitesi, Adaleti Savunanlar Derne\u011fi (ASDER) ve \u0130slam D\u00fcnyas\u0131 STK Birli\u011finin (\u0130DSB) de i\u015fbirli\u011fi ile\u00a023-24<\/strong>\u00a0<strong>Kas\u0131m 2017 tarihinde yap\u0131lm\u0131\u015ft\u0131r.<\/strong>\u00a0<\/p>\n<p>Birinci Uluslararas\u0131 ASSAM \u0130sl\u00e2m Birli\u011fi Kongresine\u00a0<strong>27 \u0130sl\u00e2m \u00dclkesinden Sivil Toplum Kurulu\u015fu Temsilcisi ve akademisyen<\/strong>\u00a0kat\u0131lm\u0131\u015ft\u0131r.<\/p>\n<p>Kongrede\u00a0<strong>11 \u00dclkeden 31 akademisyen<\/strong>\u00a0taraf\u0131ndan sunulan bildiri \u00f6zetleri ve bildiriler\u00a0<strong>ASSAM WEB Sitesinde yay\u0131nlanm\u0131\u015ft\u0131r<\/strong>.<strong>(<a name=\"_ednref1\"><\/a><a href=\"#_edn1\">[i]<\/a>)<\/strong>\u00a0<\/p>\n<p>Kongre sonucunda\u00a0<strong>\u201c\u0130sl\u00e2m \u00dclkeleri Parlamentosu\u201d<\/strong>nun kurulmas\u0131 ve her \u0130sl\u00e2m \u00dclkesinin Bakanlar kurulunda\u00a0<strong>\u201c\u0130sl\u00e2m Birli\u011fi Bakanl\u0131\u011f\u0131\u201d<\/strong>\u00a0ihdas edilmesi gerekti\u011fi kanaatine var\u0131lm\u0131\u015f ve ASSAM Y\u00f6netim Kurulunca onaylanan\u00a0<strong>\u201c\u0130sl\u00e2m \u00dclkeleri Konfederasyonu Deklarasyonu<\/strong>\u201d ayr\u0131ca\u00a0<strong>29 \u00fclkeden 70\u2019i T\u00fcrkiye\u2019den 109 STK yetkilisi taraf\u0131ndan da onaylanm\u0131\u015f<\/strong>\u00a0ve bas\u0131n vas\u0131tas\u0131yla d\u00fcnya kamuoyuna duyurulmu\u015ftur.\u00a0<strong>(<a name=\"_ednref2\"><\/a><a href=\"#_edn2\">[ii]<\/a>)<\/strong>\u00a0<\/p>\n<p>Ayr\u0131ca bildirilerde vurgulanan h\u00fck\u00fcmler dikkate al\u0131narak\u00a0<strong>\u0130sl\u00e2m \u00dclkeleri konfederasyonu i\u00e7in model bir Anayasa tasla\u011f\u0131 haz\u0131rlanm\u0131\u015ft\u0131r<\/strong>.<strong>(<a name=\"_ednref3\"><\/a><a href=\"#_edn3\">[iii]<\/a>)<\/strong>\u00a0<\/p>\n<p><strong>KONGREN\u0130N \u0130K\u0130NC\u0130S\u0130;<\/strong><\/p>\n<p><strong>ASSAM\u2019\u0131n merkezi olan \u0130stanbul\u2019da, \u00dcsk\u00fcdar \u00dcniversitesi (\u00dc\u00dc), Adaleti Savunanlar Derne\u011fi (ASDER), \u0130sl\u00e2m \u00dclkeleri STK Birli\u011fi (\u0130DSB), Uluslararas\u0131 M\u00fcsl\u00fcman \u00c2limler Derne\u011fi (UMAD) ve Uluslararas\u0131 M\u00fcsl\u00fcman \u00c2limler Birli\u011fi \/ International Union Of Muslim Scholars (IUMS)\u2019nin de i\u015ftirakiyle, 01-02-03 Kas\u0131m 2018 tarihinde \u201c\u0130SL\u00c2M EKONOM\u0130S\u0130 VE ORTAK EKONOM\u0130K S\u0130STEMLER\u201d alt ba\u015fl\u0131\u011f\u0131nda yap\u0131lacakt\u0131r.<\/strong>\u00a0<\/p>\n<p>M\u00fcteakip kongrelerin\u00a0<strong>ASSAM<\/strong>\u00a0b\u00fcnyesinde ve koordinat\u00f6rl\u00fc\u011f\u00fcnde \u0130sl\u00e2m \u00fclkelerinin STK\u2019lar\u0131yla i\u015fbirli\u011fi halinde farkl\u0131 \u00fclkelerde yap\u0131lmas\u0131 planlanmaktad\u0131r.\u00a0<\/p>\n<p>Kongre dili T\u00fcrk\u00e7e, \u0130ngilizce ve Arap\u00e7a olacakt\u0131r. Bildirilerin sunumunda sim\u00fcltane terc\u00fcme yap\u0131lacakt\u0131r. Bildiri \u00f6zetleri ve bildiriler kitap haline getirilerek ASSAM WEB Sitesinde, Bildiriler de ayr\u0131ca\u00a0<strong>ASSAM<\/strong>\u00a0Uluslararas\u0131 Hakemli Dergide (<strong>ASSAM-UHAD<\/strong>), elektronik ortamda yay\u0131nlanacakt\u0131r. \u0130craya d\u00f6n\u00fck olarak haz\u0131rlanacak Kongre Sonu\u00e7 Raporlar\u0131 da karar verici mekanizmalara ve \u0130sl\u00e2m D\u00fcnyas\u0131ndan t\u00fcm davetli ve kat\u0131l\u0131mc\u0131lara g\u00f6nderilecek ve ASSAM WEB Sitesinde yay\u0131nlanacakt\u0131r.<\/p>\n<p><a name=\"_edn1\"><\/a><strong>([i])\u00a0<\/strong><a href=\"tr\/kongre\/assam-kongre-2017\/islam-birligi-kongresi-ozet-kitapcigi.html\">https:\/\/www.assamcongress.com\/tr\/kongre\/assam-kongre-2017\/islam-birligi-kongresi-ozet-kitapcigi.html<\/a><\/p>\n<p><a name=\"_edn2\"><\/a><strong>([ii] )\u00a0<\/strong><a href=\"tr\/kongre\/assam-kongre-2017\/kongre-17-deklarasyonu.html\">https:\/\/www.assamcongress.com\/tr\/kongre\/assam-kongre-2017\/kongre-17-deklarasyonu.html<\/a><\/p>\n<p><a name=\"_edn3\"><\/a><strong>([iii])\u00a0<\/strong><a href=\"tr\/kongre\/assam-kongre-2017\/konfederasyon-anayasasi.html\">https:\/\/www.assamcongress.com\/tr\/kongre\/assam-kongre-2017\/konfederasyon-anayasasi.html<\/a><\/p>\n<p><a href=\"tr\/kongre\/assam-kongre-2018\/ana-tema-ekonomik-isbirligi.html\">Detaylar \u0130\u00e7in T\u0131klay\u0131n\u0131z<\/a><\/p>\n<p>\u00a0<\/p>\n","protected":false},"excerpt":{"rendered":"<p>Uluslararas\u0131 ASSAM \u0130slam Birli\u011fi Kongrelerinin amac\u0131; \u0130slam \u00dclkeleri Co\u011frafyas\u0131 ba\u015fta olmak \u00fczere d\u00fcnya siyasetinde g\u00fcncel sorunlarla ilgili olarak akademik ve siyasal bir zemin \u00fczerinde tespitler yapmak,\u00a0\u0130sl\u00e2m \u00dclkelerinin bir irade alt\u0131nda toplanmas\u0131 i\u00e7in gerekli m\u00fcesseseleri ve bu m\u00fcesseselerin olmas\u0131 gereken mevzuat\u0131 hakk\u0131nda karar vericilere bir hal tarz\u0131 sunmakt\u0131r. Uluslararas\u0131 ASSAM \u0130slam Birli\u011fi Kongrelerinin,\u00a0Birincisine 27 \u0130sl\u00e2m \u00dclkesinden [&hellip;]<\/p>\n","protected":false},"author":1,"featured_media":0,"comment_status":"open","ping_status":"open","sticky":false,"template":"","format":"standard","meta":{"_acf_changed":false,"footnotes":""},"categories":[270],"tags":[],"class_list":["post-275","post","type-post","status-publish","format-standard","hentry","category-uncategorised-tr"],"acf":[],"yoast_head":"<!-- This site is optimized with the Yoast SEO plugin v26.0 - https:\/\/yoast.com\/wordpress\/plugins\/seo\/ -->\n<title>2nci Uluslararas\u0131 ASSAM \u0130slam Birli\u011fi Kongresi: \u0130slam Ekonomisi ve Ortak Ekonomik Sistemler - ASSAM Congress<\/title>\n<meta name=\"robots\" content=\"index, follow, max-snippet:-1, max-image-preview:large, max-video-preview:-1\" \/>\n<link rel=\"canonical\" href=\"https:\/\/assamcongress.com\/tr\/2nci-uluslararasi-assam-islam-birligi-kongresi-islam-ekonomisi-ve-ortak-ekonomik-sistemler\/\" \/>\n<meta property=\"og:locale\" content=\"tr_TR\" \/>\n<meta property=\"og:type\" content=\"article\" \/>\n<meta property=\"og:title\" content=\"2nci Uluslararas\u0131 ASSAM \u0130slam Birli\u011fi Kongresi: \u0130slam Ekonomisi ve Ortak Ekonomik Sistemler - ASSAM Congress\" \/>\n<meta property=\"og:description\" content=\"Uluslararas\u0131 ASSAM \u0130slam Birli\u011fi Kongrelerinin amac\u0131; \u0130slam \u00dclkeleri Co\u011frafyas\u0131 ba\u015fta olmak \u00fczere d\u00fcnya siyasetinde g\u00fcncel sorunlarla ilgili olarak akademik ve siyasal bir zemin \u00fczerinde tespitler yapmak,\u00a0\u0130sl\u00e2m \u00dclkelerinin bir irade alt\u0131nda toplanmas\u0131 i\u00e7in gerekli m\u00fcesseseleri ve bu m\u00fcesseselerin olmas\u0131 gereken mevzuat\u0131 hakk\u0131nda karar vericilere bir hal tarz\u0131 sunmakt\u0131r. Uluslararas\u0131 ASSAM \u0130slam Birli\u011fi Kongrelerinin,\u00a0Birincisine 27 \u0130sl\u00e2m \u00dclkesinden [&hellip;]\" \/>\n<meta property=\"og:url\" content=\"https:\/\/assamcongress.com\/tr\/2nci-uluslararasi-assam-islam-birligi-kongresi-islam-ekonomisi-ve-ortak-ekonomik-sistemler\/\" \/>\n<meta property=\"og:site_name\" content=\"ASSAM Congress\" \/>\n<meta property=\"article:publisher\" content=\"https:\/\/facebook.com\/assamcongresses\" \/>\n<meta property=\"article:published_time\" content=\"2019-04-10T09:03:02+00:00\" \/>\n<meta name=\"author\" content=\"admin\" \/>\n<meta name=\"twitter:card\" content=\"summary_large_image\" \/>\n<meta name=\"twitter:creator\" content=\"@assamcongresses\" \/>\n<meta name=\"twitter:site\" content=\"@assamcongresses\" \/>\n<meta name=\"twitter:label1\" content=\"Yazan:\" \/>\n\t<meta name=\"twitter:data1\" content=\"admin\" \/>\n\t<meta name=\"twitter:label2\" content=\"Tahmini okuma s\u00fcresi\" \/>\n\t<meta name=\"twitter:data2\" content=\"3 dakika\" \/>\n<script type=\"application\/ld+json\" class=\"yoast-schema-graph\">{\"@context\":\"https:\/\/schema.org\",\"@graph\":[{\"@type\":\"Article\",\"@id\":\"https:\/\/assamcongress.com\/tr\/2nci-uluslararasi-assam-islam-birligi-kongresi-islam-ekonomisi-ve-ortak-ekonomik-sistemler\/#article\",\"isPartOf\":{\"@id\":\"https:\/\/assamcongress.com\/tr\/2nci-uluslararasi-assam-islam-birligi-kongresi-islam-ekonomisi-ve-ortak-ekonomik-sistemler\/\"},\"author\":{\"name\":\"admin\",\"@id\":\"https:\/\/assamcongress.com\/tr\/#\/schema\/person\/fcb934b07ebb712152272b3685845fd4\"},\"headline\":\"2nci Uluslararas\u0131 ASSAM \u0130slam Birli\u011fi Kongresi: \u0130slam Ekonomisi ve Ortak Ekonomik Sistemler\",\"datePublished\":\"2019-04-10T09:03:02+00:00\",\"mainEntityOfPage\":{\"@id\":\"https:\/\/assamcongress.com\/tr\/2nci-uluslararasi-assam-islam-birligi-kongresi-islam-ekonomisi-ve-ortak-ekonomik-sistemler\/\"},\"wordCount\":667,\"commentCount\":0,\"publisher\":{\"@id\":\"https:\/\/assamcongress.com\/tr\/#organization\"},\"articleSection\":[\"Uncategorised\"],\"inLanguage\":\"tr\"},{\"@type\":\"WebPage\",\"@id\":\"https:\/\/assamcongress.com\/tr\/2nci-uluslararasi-assam-islam-birligi-kongresi-islam-ekonomisi-ve-ortak-ekonomik-sistemler\/\",\"url\":\"https:\/\/assamcongress.com\/tr\/2nci-uluslararasi-assam-islam-birligi-kongresi-islam-ekonomisi-ve-ortak-ekonomik-sistemler\/\",\"name\":\"2nci Uluslararas\u0131 ASSAM \u0130slam Birli\u011fi Kongresi: \u0130slam Ekonomisi ve Ortak Ekonomik Sistemler - ASSAM Congress\",\"isPartOf\":{\"@id\":\"https:\/\/assamcongress.com\/tr\/#website\"},\"datePublished\":\"2019-04-10T09:03:02+00:00\",\"breadcrumb\":{\"@id\":\"https:\/\/assamcongress.com\/tr\/2nci-uluslararasi-assam-islam-birligi-kongresi-islam-ekonomisi-ve-ortak-ekonomik-sistemler\/#breadcrumb\"},\"inLanguage\":\"tr\",\"potentialAction\":[{\"@type\":\"ReadAction\",\"target\":[\"https:\/\/assamcongress.com\/tr\/2nci-uluslararasi-assam-islam-birligi-kongresi-islam-ekonomisi-ve-ortak-ekonomik-sistemler\/\"]}]},{\"@type\":\"BreadcrumbList\",\"@id\":\"https:\/\/assamcongress.com\/tr\/2nci-uluslararasi-assam-islam-birligi-kongresi-islam-ekonomisi-ve-ortak-ekonomik-sistemler\/#breadcrumb\",\"itemListElement\":[{\"@type\":\"ListItem\",\"position\":1,\"name\":\"Home\",\"item\":\"https:\/\/assamcongress.com\/tr\/\"},{\"@type\":\"ListItem\",\"position\":2,\"name\":\"2nci Uluslararas\u0131 ASSAM \u0130slam Birli\u011fi Kongresi: \u0130slam Ekonomisi ve Ortak Ekonomik Sistemler\"}]},{\"@type\":\"WebSite\",\"@id\":\"https:\/\/assamcongress.com\/tr\/#website\",\"url\":\"https:\/\/assamcongress.com\/tr\/\",\"name\":\"ASSAM International Congresses\",\"description\":\"Adaleti Savunanlar Stratejik Ara\u015ft\u0131rmalar Merkezi\",\"publisher\":{\"@id\":\"https:\/\/assamcongress.com\/tr\/#organization\"},\"potentialAction\":[{\"@type\":\"SearchAction\",\"target\":{\"@type\":\"EntryPoint\",\"urlTemplate\":\"https:\/\/assamcongress.com\/tr\/?s={search_term_string}\"},\"query-input\":{\"@type\":\"PropertyValueSpecification\",\"valueRequired\":true,\"valueName\":\"search_term_string\"}}],\"inLanguage\":\"tr\"},{\"@type\":\"Organization\",\"@id\":\"https:\/\/assamcongress.com\/tr\/#organization\",\"name\":\"ASSAM - Justice Defenders Strategic Studies Center\",\"url\":\"https:\/\/assamcongress.com\/tr\/\",\"logo\":{\"@type\":\"ImageObject\",\"inLanguage\":\"tr\",\"@id\":\"https:\/\/assamcongress.com\/tr\/#\/schema\/logo\/image\/\",\"url\":\"https:\/\/assamcongress.com\/download\/2025\/09\/ASSAM-Logo-2023-1-scaled.png\",\"contentUrl\":\"https:\/\/assamcongress.com\/download\/2025\/09\/ASSAM-Logo-2023-1-scaled.png\",\"width\":2560,\"height\":2560,\"caption\":\"ASSAM - Justice Defenders Strategic Studies Center\"},\"image\":{\"@id\":\"https:\/\/assamcongress.com\/tr\/#\/schema\/logo\/image\/\"},\"sameAs\":[\"https:\/\/facebook.com\/assamcongresses\",\"https:\/\/x.com\/assamcongresses\",\"https:\/\/linkedin.com\/showcase\/assamcongresses\",\"http:\/\/youtube.com\/ASSAMCongress\",\"https:\/\/sosyal.teknofest.app\/@assam_der\"]},{\"@type\":\"Person\",\"@id\":\"https:\/\/assamcongress.com\/tr\/#\/schema\/person\/fcb934b07ebb712152272b3685845fd4\",\"name\":\"admin\",\"image\":{\"@type\":\"ImageObject\",\"inLanguage\":\"tr\",\"@id\":\"https:\/\/assamcongress.com\/tr\/#\/schema\/person\/image\/\",\"url\":\"https:\/\/secure.gravatar.com\/avatar\/5430b77c9e17c670a7ca76d5ddab471e7f5d3ecdf74491a4a9a66ceae9a8346b?s=96&d=mm&r=g\",\"contentUrl\":\"https:\/\/secure.gravatar.com\/avatar\/5430b77c9e17c670a7ca76d5ddab471e7f5d3ecdf74491a4a9a66ceae9a8346b?s=96&d=mm&r=g\",\"caption\":\"admin\"},\"sameAs\":[\"https:\/\/assamcongress.com\"],\"url\":\"https:\/\/assamcongress.com\/tr\/author\/admin\/\"}]}<\/script>\n<!-- \/ Yoast SEO plugin. -->","yoast_head_json":{"title":"2nci Uluslararas\u0131 ASSAM \u0130slam Birli\u011fi Kongresi: \u0130slam Ekonomisi ve Ortak Ekonomik Sistemler - ASSAM Congress","robots":{"index":"index","follow":"follow","max-snippet":"max-snippet:-1","max-image-preview":"max-image-preview:large","max-video-preview":"max-video-preview:-1"},"canonical":"https:\/\/assamcongress.com\/tr\/2nci-uluslararasi-assam-islam-birligi-kongresi-islam-ekonomisi-ve-ortak-ekonomik-sistemler\/","og_locale":"tr_TR","og_type":"article","og_title":"2nci Uluslararas\u0131 ASSAM \u0130slam Birli\u011fi Kongresi: \u0130slam Ekonomisi ve Ortak Ekonomik Sistemler - ASSAM Congress","og_description":"Uluslararas\u0131 ASSAM \u0130slam Birli\u011fi Kongrelerinin amac\u0131; \u0130slam \u00dclkeleri Co\u011frafyas\u0131 ba\u015fta olmak \u00fczere d\u00fcnya siyasetinde g\u00fcncel sorunlarla ilgili olarak akademik ve siyasal bir zemin \u00fczerinde tespitler yapmak,\u00a0\u0130sl\u00e2m \u00dclkelerinin bir irade alt\u0131nda toplanmas\u0131 i\u00e7in gerekli m\u00fcesseseleri ve bu m\u00fcesseselerin olmas\u0131 gereken mevzuat\u0131 hakk\u0131nda karar vericilere bir hal tarz\u0131 sunmakt\u0131r. Uluslararas\u0131 ASSAM \u0130slam Birli\u011fi Kongrelerinin,\u00a0Birincisine 27 \u0130sl\u00e2m \u00dclkesinden [&hellip;]","og_url":"https:\/\/assamcongress.com\/tr\/2nci-uluslararasi-assam-islam-birligi-kongresi-islam-ekonomisi-ve-ortak-ekonomik-sistemler\/","og_site_name":"ASSAM Congress","article_publisher":"https:\/\/facebook.com\/assamcongresses","article_published_time":"2019-04-10T09:03:02+00:00","author":"admin","twitter_card":"summary_large_image","twitter_creator":"@assamcongresses","twitter_site":"@assamcongresses","twitter_misc":{"Yazan:":"admin","Tahmini okuma s\u00fcresi":"3 dakika"},"schema":{"@context":"https:\/\/schema.org","@graph":[{"@type":"Article","@id":"https:\/\/assamcongress.com\/tr\/2nci-uluslararasi-assam-islam-birligi-kongresi-islam-ekonomisi-ve-ortak-ekonomik-sistemler\/#article","isPartOf":{"@id":"https:\/\/assamcongress.com\/tr\/2nci-uluslararasi-assam-islam-birligi-kongresi-islam-ekonomisi-ve-ortak-ekonomik-sistemler\/"},"author":{"name":"admin","@id":"https:\/\/assamcongress.com\/tr\/#\/schema\/person\/fcb934b07ebb712152272b3685845fd4"},"headline":"2nci Uluslararas\u0131 ASSAM \u0130slam Birli\u011fi Kongresi: \u0130slam Ekonomisi ve Ortak Ekonomik Sistemler","datePublished":"2019-04-10T09:03:02+00:00","mainEntityOfPage":{"@id":"https:\/\/assamcongress.com\/tr\/2nci-uluslararasi-assam-islam-birligi-kongresi-islam-ekonomisi-ve-ortak-ekonomik-sistemler\/"},"wordCount":667,"commentCount":0,"publisher":{"@id":"https:\/\/assamcongress.com\/tr\/#organization"},"articleSection":["Uncategorised"],"inLanguage":"tr"},{"@type":"WebPage","@id":"https:\/\/assamcongress.com\/tr\/2nci-uluslararasi-assam-islam-birligi-kongresi-islam-ekonomisi-ve-ortak-ekonomik-sistemler\/","url":"https:\/\/assamcongress.com\/tr\/2nci-uluslararasi-assam-islam-birligi-kongresi-islam-ekonomisi-ve-ortak-ekonomik-sistemler\/","name":"2nci Uluslararas\u0131 ASSAM \u0130slam Birli\u011fi Kongresi: \u0130slam Ekonomisi ve Ortak Ekonomik Sistemler - ASSAM Congress","isPartOf":{"@id":"https:\/\/assamcongress.com\/tr\/#website"},"datePublished":"2019-04-10T09:03:02+00:00","breadcrumb":{"@id":"https:\/\/assamcongress.com\/tr\/2nci-uluslararasi-assam-islam-birligi-kongresi-islam-ekonomisi-ve-ortak-ekonomik-sistemler\/#breadcrumb"},"inLanguage":"tr","potentialAction":[{"@type":"ReadAction","target":["https:\/\/assamcongress.com\/tr\/2nci-uluslararasi-assam-islam-birligi-kongresi-islam-ekonomisi-ve-ortak-ekonomik-sistemler\/"]}]},{"@type":"BreadcrumbList","@id":"https:\/\/assamcongress.com\/tr\/2nci-uluslararasi-assam-islam-birligi-kongresi-islam-ekonomisi-ve-ortak-ekonomik-sistemler\/#breadcrumb","itemListElement":[{"@type":"ListItem","position":1,"name":"Home","item":"https:\/\/assamcongress.com\/tr\/"},{"@type":"ListItem","position":2,"name":"2nci Uluslararas\u0131 ASSAM \u0130slam Birli\u011fi Kongresi: \u0130slam Ekonomisi ve Ortak Ekonomik Sistemler"}]},{"@type":"WebSite","@id":"https:\/\/assamcongress.com\/tr\/#website","url":"https:\/\/assamcongress.com\/tr\/","name":"ASSAM International Congresses","description":"Adaleti Savunanlar Stratejik Ara\u015ft\u0131rmalar Merkezi","publisher":{"@id":"https:\/\/assamcongress.com\/tr\/#organization"},"potentialAction":[{"@type":"SearchAction","target":{"@type":"EntryPoint","urlTemplate":"https:\/\/assamcongress.com\/tr\/?s={search_term_string}"},"query-input":{"@type":"PropertyValueSpecification","valueRequired":true,"valueName":"search_term_string"}}],"inLanguage":"tr"},{"@type":"Organization","@id":"https:\/\/assamcongress.com\/tr\/#organization","name":"ASSAM - Justice Defenders Strategic Studies Center","url":"https:\/\/assamcongress.com\/tr\/","logo":{"@type":"ImageObject","inLanguage":"tr","@id":"https:\/\/assamcongress.com\/tr\/#\/schema\/logo\/image\/","url":"https:\/\/assamcongress.com\/download\/2025\/09\/ASSAM-Logo-2023-1-scaled.png","contentUrl":"https:\/\/assamcongress.com\/download\/2025\/09\/ASSAM-Logo-2023-1-scaled.png","width":2560,"height":2560,"caption":"ASSAM - Justice Defenders Strategic Studies Center"},"image":{"@id":"https:\/\/assamcongress.com\/tr\/#\/schema\/logo\/image\/"},"sameAs":["https:\/\/facebook.com\/assamcongresses","https:\/\/x.com\/assamcongresses","https:\/\/linkedin.com\/showcase\/assamcongresses","http:\/\/youtube.com\/ASSAMCongress","https:\/\/sosyal.teknofest.app\/@assam_der"]},{"@type":"Person","@id":"https:\/\/assamcongress.com\/tr\/#\/schema\/person\/fcb934b07ebb712152272b3685845fd4","name":"admin","image":{"@type":"ImageObject","inLanguage":"tr","@id":"https:\/\/assamcongress.com\/tr\/#\/schema\/person\/image\/","url":"https:\/\/secure.gravatar.com\/avatar\/5430b77c9e17c670a7ca76d5ddab471e7f5d3ecdf74491a4a9a66ceae9a8346b?s=96&d=mm&r=g","contentUrl":"https:\/\/secure.gravatar.com\/avatar\/5430b77c9e17c670a7ca76d5ddab471e7f5d3ecdf74491a4a9a66ceae9a8346b?s=96&d=mm&r=g","caption":"admin"},"sameAs":["https:\/\/assamcongress.com"],"url":"https:\/\/assamcongress.com\/tr\/author\/admin\/"}]}},"_links":{"self":[{"href":"https:\/\/assamcongress.com\/tr\/wp-json\/wp\/v2\/posts\/275","targetHints":{"allow":["GET"]}}],"collection":[{"href":"https:\/\/assamcongress.com\/tr\/wp-json\/wp\/v2\/posts"}],"about":[{"href":"https:\/\/assamcongress.com\/tr\/wp-json\/wp\/v2\/types\/post"}],"author":[{"embeddable":true,"href":"https:\/\/assamcongress.com\/tr\/wp-json\/wp\/v2\/users\/1"}],"replies":[{"embeddable":true,"href":"https:\/\/assamcongress.com\/tr\/wp-json\/wp\/v2\/comments?post=275"}],"version-history":[{"count":0,"href":"https:\/\/assamcongress.com\/tr\/wp-json\/wp\/v2\/posts\/275\/revisions"}],"wp:attachment":[{"href":"https:\/\/assamcongress.com\/tr\/wp-json\/wp\/v2\/media?parent=275"}],"wp:term":[{"taxonomy":"category","embeddable":true,"href":"https:\/\/assamcongress.com\/tr\/wp-json\/wp\/v2\/categories?post=275"},{"taxonomy":"post_tag","embeddable":true,"href":"https:\/\/assamcongress.com\/tr\/wp-json\/wp\/v2\/tags?post=275"}],"curies":[{"name":"wp","href":"https:\/\/api.w.org\/{rel}","templated":true}]}}