{"id":278,"date":"2017-02-19T12:19:31","date_gmt":"2017-02-19T09:19:31","guid":{"rendered":"https:\/\/yeni.assamcongress.com\/3ncu-uluslararasi-assam-islam-birligi-kongresi-islam-birligi-icin-savunma-sanayi-isbirligi-usul-ve-esaslari\/"},"modified":"2017-02-19T12:19:31","modified_gmt":"2017-02-19T09:19:31","slug":"3ncu-uluslararasi-assam-islam-birligi-kongresi-islam-birligi-icin-savunma-sanayi-isbirligi-usul-ve-esaslari","status":"publish","type":"post","link":"https:\/\/assamcongress.com\/tr\/3ncu-uluslararasi-assam-islam-birligi-kongresi-islam-birligi-icin-savunma-sanayi-isbirligi-usul-ve-esaslari\/","title":{"rendered":"3nc\u00fc Uluslararas\u0131 ASSAM \u0130slam Birli\u011fi Kongresi: \u0130sl\u00e2m Birli\u011fi \u0130\u00e7in Savunma Sanayi \u0130\u015fbirli\u011fi Usul Ve Esaslar\u0131"},"content":{"rendered":"<p>Uluslararas\u0131 ASSAM \u0130slam Birli\u011fi Kongrelerinin amac\u0131; \u0130slam \u00dclkeleri Co\u011frafyas\u0131 ba\u015fta olmak \u00fczere d\u00fcnya siyasetinde g\u00fcncel sorunlarla ilgili olarak akademik ve siyasal bir zemin \u00fczerinde tespitler yapmak,\u00a0<strong>\u0130sl\u00e2m \u00dclkelerinin bir irade alt\u0131nda toplanmas\u0131 i\u00e7in gerekli m\u00fcesseseleri ve bu m\u00fcesseseler i\u00e7in gerekli mevzuat hakk\u0131nda karar vericilere bir hal tarz\u0131 sunmakt\u0131r.\u00a0<\/strong><\/p>\n<p><strong>Uluslararas\u0131 ASSAM \u0130slam Birli\u011fi Kongrelerinin,\u00a0<\/strong>Birincisine 27 \u0130sl\u00e2m \u00dclkesinden kat\u0131lan STK Temsilcileriyle yap\u0131lan isti\u015fare sonucunda s\u00fcreklili\u011finin sa\u011flanmas\u0131na karar verilmi\u015ftir.<\/p>\n<p><strong>Devletlerin asl\u00ee faaliyet alanlar\u0131\u00a0<\/strong>da dikkate al\u0131narak,\u00a0<strong>ilki 2017<\/strong>,\u00a0<strong>ikincisi 2018 y\u0131l\u0131nda<\/strong>\u00a0uygulanan ve her y\u0131l icra edilmesi planlanan\u00a0<strong>&#8220;Uluslararas\u0131 ASSAM \u0130sl\u00e2m Birli\u011fi Kongreleri&#8221; serisinin, ge\u00e7mi\u015f y\u0131llarda uygulanan,\u00a0<\/strong>bu y\u0131l ve m\u00fcteakip y\u0131llarda uygulanacak,\u00a0<strong>ana konular\u0131<\/strong>;<\/p>\n<ul>\n<li>\u0130slam Birli\u011fi i\u00e7in\u00a0<strong>Y\u00f6netim \u015eekil ve Organlar\u0131 Mevzuat\u0131n\u0131n\u00a0<\/strong>Tespiti\u00a0<strong>(2017-Yap\u0131ld\u0131)<\/strong><\/li>\n<li>\u0130slam Birli\u011fi i\u00e7in\u00a0<strong>Ekonomik \u0130\u015fbirli\u011fi Usul ve Esaslar\u0131n\u0131n\u00a0<\/strong>Tespiti\u00a0<strong>(2018-Yap\u0131ld\u0131)<\/strong><\/li>\n<li><span style=\"color: #ff0000;\">\u0130sl\u00e2m Birli\u011fi i\u00e7in\u00a0<strong>Savunma Sanayi \u0130\u015fbirli\u011fi Usul ve Esaslar\u0131n\u0131n\u00a0<\/strong>Tespiti (2019)<\/span><\/li>\n<li>\u0130sl\u00e2m Birli\u011fi i\u00e7in\u00a0<strong>Ortak Savunma Sistemi Usul ve Esaslar\u0131n\u0131n\u00a0<\/strong>Tespiti (2020),<\/li>\n<li>\u0130sl\u00e2m Birli\u011fi i\u00e7in\u00a0<strong>M\u00fc\u015fterek D\u0131\u015f Politika Usul ve Esaslar\u0131n\u0131n\u00a0<\/strong>Tespiti (2021),<\/li>\n<li>\u0130sl\u00e2m Birli\u011fi i\u00e7in\u00a0<strong>M\u00fc\u015fterek Adalet Sistemi Usul ve Esaslar\u0131n\u0131n\u00a0<\/strong>Tespiti (2022),<\/li>\n<li>\u0130sl\u00e2m Birli\u011fi i\u00e7in\u00a0<strong>Ortak Asayi\u015f ve G\u00fcvenlik Usul ve Esaslar\u0131n\u0131n\u00a0<\/strong>Tespiti (2023), \u015eekilde se\u00e7ilmi\u015f ve sonunda\u00a0<strong>\u0130slam \u00dclkelerinin bir irade alt\u0131nda toplanmas\u0131 i\u00e7in gereken m\u00fcesseseler ve bu m\u00fcesseselerin mevzuat\u0131n\u0131n bir model olarak ortaya \u00e7\u0131kar\u0131lmas\u0131\u00a0<\/strong>ama\u00e7lanm\u0131\u015ft\u0131r.<\/li>\n<\/ul>\n<p><strong>Kongrenin birincisi ASSAM\u2019\u0131n merkezi olan \u0130stanbul\u2019da, \u00dcsk\u00fcdar \u00dcniversitesi, Adaleti Savunanlar Derne\u011fi (ASDER) ve \u0130slam D\u00fcnyas\u0131 STK Birli\u011finin (\u0130DSB) i\u015fbirli\u011fi ile\u00a023-24 Kas\u0131m 2017 tarihinde yap\u0131lm\u0131\u015ft\u0131r.<\/strong><\/p>\n<p>Birinci Uluslararas\u0131\u00a0<strong>ASSAM<\/strong>\u00a0\u0130sl\u00e2m Birli\u011fi Kongresine\u00a0<strong>27 \u0130sl\u00e2m \u00dclkesinden Sivil Toplum Kurulu\u015fu Temsilcisi ve akademisyen\u00a0<\/strong>kat\u0131lm\u0131\u015f olup,\u00a0<strong>11 \u00dclkeden 31 akademisyen\u00a0<\/strong>taraf\u0131ndan bildiri \u00f6zetleri sunulmu\u015f ve bildiriler\u00a0<strong>ASSAM WEB Sitesinde yay\u0131nlanm\u0131\u015ft\u0131r<\/strong>.\u00a0<strong>(i)<\/strong><\/p>\n<p>Kongre sonucunda\u00a0<strong>\u201c\u0130sl\u00e2m \u00dclkeleri Parlamentosu\u201dn<\/strong>un kurulmas\u0131 ve her \u0130sl\u00e2m \u00dclkesinin Bakanlar kurulunda\u00a0<strong>\u201c\u0130sl\u00e2m Birli\u011fi Bakanl\u0131\u011f\u0131\u201d\u00a0<\/strong>ihdas edilmesi gerekti\u011fi kanaatine var\u0131lm\u0131\u015f ve ASSAM Y\u00f6netim Kurulunca onaylanan\u00a0<strong>\u201c\u0130sl\u00e2m \u00dclkeleri Konfederasyonu Deklarasyonu<\/strong>\u201d ayr\u0131ca\u00a0<strong>29 \u00fclkeden 70\u2019i T\u00fcrkiye\u2019den 109 STK yetkilisi taraf\u0131ndan da imzalanarak\u00a0<\/strong>bas\u0131n vas\u0131tas\u0131yla d\u00fcnya kamuoyuna duyurulmu\u015ftur.\u00a0<strong>(ii)<\/strong><\/p>\n<p>Ayr\u0131ca bildirilerde vurgulanan h\u00fck\u00fcmler dikkate al\u0131narak\u00a0<strong>\u0130sl\u00e2m \u00dclkeleri konfederasyonu i\u00e7in model bir Anayasa tasla\u011f\u0131 haz\u0131rlanm\u0131\u015ft\u0131r<\/strong>.\u00a0<strong>(iii)<\/strong><\/p>\n<p><strong>Kongremizin ikincisi yine ASSAM\u2019\u0131n merkezi olan \u0130stanbul\u2019da \u00dcsk\u00fcdar \u00dcniversitesi,\u00a0Adaleti Savunanlar Derne\u011fi, \u0130slam D\u00fcnyas\u0131 STK Birli\u011fini (\u0130DSB) ve Uluslararas\u0131 M\u00fcsl\u00fcman \u00c2limler Birli\u011fi\u00a0<\/strong>\/\u00a0<strong>International Union Of Muslim Scholars (IUMS)\u2019nin i\u015fbirli\u011fi ile 1-2 Kas\u0131m 2018 tarihinde yap\u0131lm\u0131\u015ft\u0131r.<\/strong><\/p>\n<p>\u0130kinci Uluslararas\u0131 ASSAM \u0130slam Birli\u011fi Kongresine;\u00a0<strong>29 \u0130slam \u00dclkesinden Sivil Toplum Kurulu\u015fu Temsilcisi ve akademisyen<\/strong>\u00a0kat\u0131lm\u0131\u015f,\u00a0<strong>15 \u00dclkeden 66 akademisyen<\/strong>\u00a0taraf\u0131ndan 58 bildiri sunulmu\u015f, bildiriler\u00a0<strong>ASSAM\u00a0<\/strong>Uluslararas\u0131 Hakemli Dergisinde (<strong>ASSAM-UHAD)\u00a0<\/strong>\u00a0ve\u00a0<strong>ASSAM WEB Sitesinde elektronik ortamda yay\u0131nlanm\u0131\u015ft\u0131r.<\/strong><\/p>\n<p><strong>\u0130kinci Kongrede sunulan bildiriler ve Kongre sonu\u00e7 raporu dikkate al\u0131narak, Birinci kongre deklarasyonunu da kapsayacak \u015fekilde bir bildirge haz\u0131rlanm\u0131\u015f, karar verici mekanizmalara, \u0130sl\u00e2m D\u00fcnyas\u0131ndan t\u00fcm davetli ve kat\u0131l\u0131mc\u0131lara ve d\u00fcnya kamu oyuna sunulmu\u015f ve ASSAM WEB Sitemizde yay\u0131nlanm\u0131\u015ft\u0131r.(<a name=\"_ednref1\"><\/a><a href=\"#_edn1\">[i]<\/a><a name=\"_ednref2\"><\/a><a href=\"#_edn2\">[ii]<\/a>)(iv)<\/strong><\/p>\n<p><strong>KONGREN\u0130N \u00dc\u00c7\u00dcNC\u00dcS\u00dc;<\/strong><\/p>\n<p><!--more--><\/p>\n<p>ASSAM\u2019\u0131n merkezi olan \u0130stanbul\u2019da, \u00dcsk\u00fcdar \u00dcniversitesi (\u00dc\u00dc), Adaleti Savunanlar Derne\u011fi (ASDER), i\u015ftirakiyle 19-20-21 Aral\u0131k 2019 tarihinde \u201c\u0130SL\u00c2M B\u0130RL\u0130\u011e\u0130 \u0130\u00c7\u0130N SAVUNMA SANAY\u0130 \u0130\u015eB\u0130RL\u0130\u011e\u0130 USUL VE ESASLARI\u201d ana ba\u015fl\u0131\u011f\u0131nda yap\u0131lacakt\u0131r.<\/p>\n<p>M\u00fcteakip kongrelerin\u00a0<strong>ASSAM\u00a0<\/strong>b\u00fcnyesinde ve koordinat\u00f6rl\u00fc\u011f\u00fcnde \u0130sl\u00e2m \u00fclkelerinin STK\u2019lar\u0131yla i\u015fbirli\u011fi halinde farkl\u0131 \u00fclkelerde yap\u0131lmas\u0131 planlanmaktad\u0131r.<\/p>\n<p>Kongre dili T\u00fcrk\u00e7e, \u0130ngilizce ve Arap\u00e7a olacakt\u0131r. Bildirilerin sunumunda sim\u00fcltane terc\u00fcme yap\u0131lacakt\u0131r. Bildiri \u00f6zetleri ve bildiriler kitap haline getirilerek ASSAM WEB Sitesinde, Bildiriler de ayr\u0131ca\u00a0<strong>ASSAM\u00a0<\/strong>Uluslararas\u0131 Hakemli Dergide (<strong>ASSAM-UHAD<\/strong>), elektronik ortamda yay\u0131nlanacakt\u0131r. \u0130craya d\u00f6n\u00fck olarak haz\u0131rlanacak Kongre Sonu\u00e7 Raporlar\u0131 da karar verici mekanizmalara ve \u0130sl\u00e2m D\u00fcnyas\u0131ndan t\u00fcm davetli ve kat\u0131l\u0131mc\u0131lara g\u00f6nderilecek ve ASSAM WEB Sitesinde yay\u0131nlanacakt\u0131r.<\/p>\n<p><strong>\u0130SL\u00c2M CO\u011eRAFYASININ JEOPOL\u0130T\u0130K DE\u011eER\u0130:<\/strong>\u00a0<\/p>\n<p>Birle\u015fmi\u015f Milletler Te\u015fkil\u00e2t\u0131na \u00fcye 193 Devlet\u2019in 61\u2019ine\u00a0<em>(\u00dcye Say\u0131s\u0131n\u0131n %31\u2019i)<\/em>, 7,145 milyarl\u0131k D\u00fcnya N\u00fcfusunun 1,6 Milyar\u0131na (<em>D\u00fcnya N\u00fcfusunun %22,5\u2019u)<\/em>, 150 milyon Km2 olan d\u00fcnya karalar\u0131n\u0131n 19 milyon Km2\u2019sine\u00a0<em>(D\u00fcnya Karalar\u0131n\u0131n %12,8\u2019i)\u00a0<\/em>sahip olan 60 \u0130sl\u00e2m \u00dclkesinin sahip oldu\u011fu\u00a0<strong>\u0130sl\u00e2m Co\u011frafyas\u0131, kendi aralar\u0131ndaki s\u0131n\u0131rlar yok say\u0131ld\u0131\u011f\u0131nda olu\u015fturduklar\u0131 blok ile:<\/strong><\/p>\n<ol>\n<li>D\u00fcnya adas\u0131 olarak bilinen\u00a0<strong>Asya, Avrupa ve Afrika K\u0131talar\u0131n\u0131n merkezinde bulunan<\/strong>;<\/li>\n<li>D\u00fcnyan\u0131n en b\u00fcy\u00fck i\u00e7 denizi konumundaki Akdeniz, K\u0131z\u0131l Deniz ve Karadeniz\u2019in giri\u015f kap\u0131lar\u0131 say\u0131lan\u00a0<strong>Cebeli Tar\u0131k, Bab-El Mendeb, \u00c7anakkale ve \u0130stanbul bo\u011fazlar\u0131 ve S\u00fcvey\u015f Kanal\u0131n\u0131 kontrol eden;<\/strong><\/li>\n<li><strong>Atlas Okyanusu, Hint Okyanusu, Akdeniz, Karadeniz, K\u0131z\u0131ldeniz ve Hazar Denizine<\/strong><\/li>\n<li>k\u0131y\u0131lar\u0131 olan;<\/li>\n<li><strong>Asya, Avrupa ve Afrika K\u0131talar\u0131na, Avrupa Birli\u011fi, Rusya, Hindistan, \u00c7in gibi s\u00fcper g\u00fc\u00e7 say\u0131lan D\u00fcnyan\u0131n b\u00fcy\u00fck devletlerine\u00a0<\/strong>kara ve denizden,\u00a0<strong>Amerika Birle\u015fik Devletleri\u2019ne\u00a0<\/strong>denizden\u00a0<strong>s\u0131n\u0131r kom\u015fusu olan<\/strong>;<\/li>\n<li>D\u00fcnya kara, hava ve deniz\u00a0<strong>ula\u015f\u0131m yollar\u0131n\u0131n alternatifsiz merkezi\u00a0<\/strong>olma imk\u00e2n\u0131na sahip bulunan;<\/li>\n<li>D\u00fcnya\u00a0<strong>petrol rezervlerinin\u00a0<\/strong>%55,5\u2019ine,\u00a0<strong>\u00fcretiminin\u00a0<\/strong>%45,6\u2019s\u0131na,\u00a0<strong>do\u011falgaz rezervlerinin<\/strong><\/li>\n<li>% 64,1\u2019ine, \u00fcretiminin % 33\u2019\u00fcne, sahip olan;<\/li>\n<li><strong>Jeopolitik konumu, ortak medeniyet de\u011ferleri ve tarihi birikimi ile imk\u00e2n, gayret ve hedeflerini birle\u015ftirerek gelece\u011fin s\u00fcper g\u00fcc\u00fc olmaya namzet potansiyel bir g\u00fcce sahip bulunmaktad\u0131r<\/strong>.<\/li>\n<\/ol>\n<p><strong>\u0130SLAM D\u00dcNYASININ MARUZ KALDI\u011eI K\u00dcRESEL SALDIRILAR<\/strong><\/p>\n<p>Egemen olmas\u0131 gerekti\u011fi Co\u011frafyas\u0131nda\u00a0<strong>\u0130sl\u00e2m D\u00fcnyas\u0131<\/strong>, her bir \u0130slam \u00dclkesinin \u00fcniter yap\u0131lar\u0131n\u0131n i\u00e7indeki etnik ve mezhepsel farkl\u0131l\u0131\u011fa sahip unsurlar\u0131n\u0131n birbirleri ile sava\u015ft\u0131r\u0131ld\u0131\u011f\u0131,\u00a0<strong>ilan edilmemi\u015f, gizli, sinsi, kirli ve asimetrik \u00dc\u00e7\u00fcnc\u00fc D\u00fcnya Sava\u015f\u0131n\u0131n\u00a0<\/strong>alan\u0131 haline getirilmi\u015ftir.<\/p>\n<p>T\u00fcrkiye\u2019yi ve \u0130sl\u00e2m Co\u011frafyas\u0131n\u0131 kan ve g\u00f6zya\u015f\u0131na bo\u011fan ve harabe haline getiren;\u00a0<strong>Afganistan\u2019da<\/strong>, Taliban, El Kaide;\u00a0<strong>Irak\u2019ta\u00a0<\/strong>Ha\u015fdi \u015eabi;\u00a0<strong>Nijerya\u2019da\u00a0<\/strong>Boko Haram;\u00a0<strong>Orta Afrika<\/strong>\u2019da Anti Balaka;\u00a0<strong>T\u00fcrkiye\u2019de\u00a0<\/strong>Devrimci Halk Kurtulu\u015f Cephesi (DHKP-C), T\u00fcrkiye Kom\u00fcnist Partisi\/Marksist Leninist (TKP\/ML), PKK, PYD, FET\u00d6\/PYD;\u00a0<strong>Suriye\u2019de\u00a0<\/strong>El Nusra Cephesi, DEA\u015e, PYD, HT\u015e, silahl\u0131 ter\u00f6r \u00f6rg\u00fctleri k\u00fcresel g\u00fc\u00e7lerin kontrol ve deste\u011finde faaliyet g\u00f6stermektedirler.<\/p>\n<p><strong>Sahip oldu\u011fu avantajlara ra\u011fmen \u0130slam \u00fclkeleri<\/strong>, emperyalist bat\u0131 devletlerinin m\u00fcdahaleleri ile b\u00fcy\u00fck bir karga\u015fa i\u00e7ine d\u00fc\u015fm\u00fc\u015ft\u00fcr. Bu karga\u015fan\u0131n sonucu olarak \u0130slam co\u011frafyas\u0131nda b\u00fcy\u00fck ac\u0131lar ve y\u0131k\u0131mlar ya\u015fanmaktad\u0131r. Milyonlarca M\u00fcsl\u00fcman evlerini, yurtlar\u0131n\u0131 terk etmek veya \u00f6lmek aras\u0131nda tercih yapmak zorunda b\u0131rak\u0131lmaktad\u0131r. G\u00f6\u00e7 yollar\u0131nda binlerce M\u00fcsl\u00fcman \u00e7e\u015fitli \u015fekillerde \u00f6lmekte, g\u00f6\u00e7 etmeyi ba\u015faranlar ise yoksulluk ve sefalet i\u00e7inde ya\u015famaya mahk\u00fbm b\u0131rak\u0131lmaktad\u0131r.<\/p>\n<p>Birle\u015fmi\u015f milletler m\u00fclteciler y\u00fcksek komiserli\u011finin 2016 verilerine g\u00f6re sadece 5 milyon Suriye vatanda\u015f\u0131 g\u00f6\u00e7 etmi\u015ftir. Kay\u0131t alt\u0131na al\u0131namayan m\u00fcltecilerle bu rakam daha da y\u00fckselmektedir Suriyeli m\u00fclteciler, T\u00fcrkiye (3.644.342 )(<a name=\"_ednref3\"><\/a><a href=\"#_edn3\">[iii]<\/a>)(v), Irak (249.726), \u00dcrd\u00fcn (629.128), M\u0131s\u0131r (132.275), L\u00fcbnan (1.172.753) ve Kuzey Afrika\u2019da di\u011fer yerlere g\u00f6\u00e7 etmi\u015ftir. Bu rakamlar\u0131n d\u0131\u015f\u0131nda yo\u011fun bir \u015fekilde Avrupa\u2019ya g\u00f6\u00e7 giri\u015fimleri olmakta ve b\u00fcy\u00fck bir k\u0131sm\u0131 Ak Denizde ya\u015famlar\u0131n\u0131 yitirmektedir. Bu olumsuzluklara ra\u011fmen Nisan 2011 y\u0131l\u0131ndan Ocak 2016 y\u0131l\u0131na kadar Avrupa\u2019ya ge\u00e7en toplam kay\u0131tl\u0131 m\u00fclteci say\u0131s\u0131 is 935.008 ki\u015fi[olmu\u015ftur.<strong>(<a name=\"_ednref4\"><\/a><a href=\"#_edn4\">[iv]<\/a>)<\/strong>(V\u0130)<\/p>\n<p><strong>\u00dc\u00e7\u00fcnc\u00fc D\u00fcnya Sava\u015f\u0131 \u0130slam \u00dclkelerine kar\u015f\u0131 ilan edilmemi\u015f bir sava\u015f olarak s\u00fcrd\u00fcr\u00fclmektedir<\/strong>. Osmanl\u0131&#8217;n\u0131n y\u0131k\u0131lmas\u0131ndan sonra y\u00f6netimsiz kalan M\u00fcsl\u00fcmanlar k\u00fc\u00e7\u00fck devlet\u00e7ikler kurarak varl\u0131klar\u0131n\u0131 devam ettirmeye \u00e7al\u0131\u015fm\u0131\u015f, ancak birlik ve beraberli\u011fini kaybettiklerinden k\u00fcresel g\u00fc\u00e7ler i\u00e7in kolay lokma haline gelmi\u015flerdir.\u00a0<strong>Amerika Birle\u015fik Devletleri, Avrupa Birli\u011fi, \u0130ngiltere, Fransa, Rusya Ba\u011f\u0131ms\u0131z Devletler Toplulu\u011fu ve \u00c7in \u0130slam Co\u011frafyas\u0131n\u0131 ele ge\u00e7irmek i\u00e7in \u0130slam \u00dclkelerinde, kontrol ettikleri ter\u00f6r \u00f6rg\u00fctleri vas\u0131tas\u0131yla vek\u00e2let sava\u015flar\u0131 (asimetrik Sava\u015f)\u00a0<\/strong>y\u00fcr\u00fcterek otorite tesis etmeyi ama\u00e7lamaktad\u0131r.<\/p>\n<p><strong>\u00dc\u00c7\u00dcNC\u00dc ULUSLARARASI ASSAM \u0130SLAM B\u0130RL\u0130\u011e\u0130 KONGRES\u0130<\/strong><\/p>\n<p>\u0130stanbul\u2019da, 19-20-21 Aral\u0131k 2019 tarihinde icra edilecektir.<\/p>\n<p>\u0130slam Birli\u011fi i\u00e7in Savunma Sanayi \u0130\u015fbirli\u011fi Usul ve Esaslar\u0131n\u0131n\u00a0Tespiti, \u201cASR\u0130KA Ortak Savunma Sanayi \u00dcretimi\u201d ana temas\u0131 alt\u0131nda incelenecektir.<\/p>\n<p>\u00dc\u00e7\u00fcnc\u00fc Uluslararas\u0131 ASSAM \u0130sl\u00e2m Birli\u011fi Kongresine kat\u0131lacak akademisyenlerin sunacaklar\u0131 bildirilerin konular, a\u015fa\u011f\u0131daki ba\u015fl\u0131klar alt\u0131nda incelenecektir.<\/p>\n<ol style=\"list-style-type: lower-alpha;\">\n<li><span style=\"font-weight: 400;\">\u0130slam \u00dclkeleri Ortak <\/span><b>Askeri Standardizasyon Merkezi<\/b><span style=\"font-weight: 400;\"> olu\u015fturulmas\u0131n\u0131n usul ve esaslar\u0131 \u00a0<\/span><\/li>\n<li><span style=\"font-weight: 400;\">Sanayi ve imalat sanayiinin s\u0131n\u0131fland\u0131r\u0131lmas\u0131, savunma sanayinin imalat sanayiindeki yeri ve uluslararas\u0131 standartlar\u0131,<\/span><\/li>\n<li><span style=\"font-weight: 400;\">\u0130sl\u00e2m \u00fclkeleri aras\u0131nda i\u015fbirli\u011finin tesisi i\u00e7in savunma sanayi stratejisinin ve \u00e7er\u00e7evesinin belirlenmesi<\/span><\/li>\n<li><span style=\"font-weight: 400;\">Savunma sanayiinin bilimsel aya\u011f\u0131, meslek y\u00fcksek okullar\u0131 ve \u00fcniversitelerde savunma sanayiinin yeri, \u00fcretime d\u00f6n\u00fck savunma sanayi e\u011fitim ihtiyac\u0131,<\/span><\/li>\n<li><span style=\"font-weight: 400;\">\u0130slam \u00fclkeleri silahl\u0131 kuvvetlerinde kullan\u0131lan ana muharebe vas\u0131talar\u0131n\u0131n d\u00f6k\u00fcm\u00fcn\u00fcn olu\u015fturulmas\u0131,<\/span><\/li>\n<li><span style=\"font-weight: 400;\">\u0130slam \u00fclkelerinin savunma sanayi yap\u0131s\u0131, \u00fcretimi (tank \u2013 u\u00e7ak \u2013 gemi \u2013 f\u00fcze \u2013 balistik f\u00fcze \u2013 hava savunma sistemi), ithalat, ihracat, insan g\u00fcc\u00fc kapasitelerinin (her bir \u00fclke i\u00e7in ayr\u0131) de\u011ferlendirilmesi,<\/span><\/li>\n<li><span style=\"font-weight: 400;\">\u0130sl\u00e2m \u00fclkelerinin kulland\u0131\u011f\u0131 ve \u00fcretti\u011fi savunma sanayi \u00fcr\u00fcnlerinin cins, miktar ve standartlar\u0131n\u0131n veri taban\u0131n\u0131n olu\u015fturulmas\u0131 ve ortak kullan\u0131ma a\u00e7\u0131lmas\u0131 i\u00e7in sistem olu\u015fturulmas\u0131n\u0131n esas ve usullerinin belirlenmesi,<\/span><\/li>\n<li><span style=\"font-weight: 400;\">Ortak savunma sanayi \u00fcr\u00fcn\u00fc \u00fcretme imk\u00e2n ve kabiliyetleri ile savunma sanayiinde i\u015fbirli\u011fi ve ortak \u00fcretim sistemi modelinin olu\u015fturulmas\u0131,<\/span><\/li>\n<li><span style=\"font-weight: 400;\">K\u00fcresel g\u00fc\u00e7lerin savunma sanayi \u00fcr\u00fcn\u00fc \u00fcretim imk\u00e2n ve kabiliyetleri, teknolojik seviyeleri, ortak \u00fcretim ve denetim sistemleri, ARGE kapasiteleri,<\/span><\/li>\n<li><span style=\"font-weight: 400;\">K\u00fcresel g\u00fc\u00e7lerin ula\u015ft\u0131\u011f\u0131 S\u0130BER g\u00fcvenlik ve Kuantum Sistemine ge\u00e7i\u015f durumlar\u0131<\/span><\/li>\n<li><span style=\"font-weight: 400;\">\u0130slam \u00fclkelerinin siber g\u00fcvenlik imk\u00e2n ve kabiliyetleri ile ortak ARGE ve S\u0130BER g\u00fcvenlik sistemlerinin olu\u015fturulma y\u00f6ntemlerinin tespiti,<\/span><\/li>\n<li><span style=\"font-weight: 400;\">\u0130sl\u00e2m \u00fclkelerinin elektronik harp ve radar sistemleri ile ilgili imk\u00e2n ve kabiliyetleri,<\/span><\/li>\n<li><span style=\"font-weight: 400;\">Savunma sanayii hizmet sekt\u00f6r\u00fcnde faaliyet g\u00f6steren \u00d6zel Askeri \u015eirketlerin imk\u00e2n ve kabiliyetleri,<\/span><\/li>\n<li><span style=\"font-weight: 400;\">\u0130sl\u00e2m co\u011frafyas\u0131 i\u00e7in ortak veri taban\u0131 olu\u015fturarak \u00fcretim sistem ve modellerinin geli\u015ftirilmesi imk\u00e2nlar\u0131n\u0131n ara\u015ft\u0131r\u0131lmas\u0131,<\/span><\/li>\n<li><span style=\"font-weight: 400;\">Savunma sanayii \u00fcr\u00fcnlerinin \u00fcretimi ve dola\u015f\u0131m\u0131 ile ilgili ulusal ve uluslararas\u0131 alanda uygulanan <\/span><span style=\"font-weight: 400;\">kontrol sistemini<\/span><span style=\"font-weight: 400;\"> sa\u011flayan mevzuat\u0131n belirlenmesi<\/span><\/li>\n<\/ol>\n<p><b>\u00dc\u00c7\u00dcNC\u00dc ULUSLARARASI ASSAM \u0130SLAM B\u0130RL\u0130\u011e\u0130 KONGRES\u0130 PROGRAMI<\/b><\/p>\n<p><b>\u00d6NEML\u0130 TAR\u0130HLER<\/b><\/p>\n<ol>\n<li style=\"font-weight: 400;\"><span style=\"font-weight: 400;\">\u00d6zet g\u00f6nderme son tarihi<\/span> <span style=\"font-weight: 400;\">: 31 Ekim 2019<\/span><\/li>\n<li style=\"font-weight: 400;\"><span style=\"font-weight: 400;\">Kabul edilen \u00f6zetlerin duyurusu<\/span> <span style=\"font-weight: 400;\">: 15 Kas\u0131m 2019<\/span><\/li>\n<li style=\"font-weight: 400;\"><span style=\"font-weight: 400;\">Tam metinlerin son g\u00f6nderme tarihi<\/span> <span style=\"font-weight: 400;\">: 01 Aral\u0131k 2019<\/span><\/li>\n<li style=\"font-weight: 400;\"><b>KONGRE TAR\u0130H\u0130<\/b> <b>: 19-20 Aral\u0131k 2019<\/b><\/li>\n<\/ol>\n<p>ASSAM Kongreleri<br \/> \u0130cra Komitesi<\/p>\n<p>\u00a0<\/p>\n<p><strong>(i)\u00a0<\/strong>T\u00fcrk\u00e7e <a href=\"tr\/kongre\/assam-kongre-2017\/islam-birligi-kongresi- ozet-kitapcigi.html\" target=\"_blank\" rel=\"noopener noreferrer\">https:\/\/www.assamcongress.com\/tr\/kongre\/assam-kongre-2017\/islam-birligi-kongresi- ozet-kitapcigi.html<\/a><\/p>\n<p>Arap\u00e7a <a href=\"ar\/kongreler-ar\/assam-kongre-2017-ar\/islam-birligi-kongresi-ozet-kitapcigi-ar.html\">https:\/\/www.assamcongress.com\/ar\/kongreler-ar\/assam-kongre-2017-ar\/islam-birligi-kongresi-ozet-kitapcigi-ar.html<\/a><\/p>\n<p>\u0130ngilizce <a href=\"congresses\/past-to-future-government-forms\/the-islamic-union-congress-abstract-book.html\">https:\/\/www.assamcongress.com\/congresses\/past-to-future-government-forms\/the-islamic-union-congress-abstract-book.html<\/a><\/p>\n<p><strong>(ii ) <\/strong>T\u00fcrk\u00e7e <a href=\"tr\/kongre\/assam-kongre-2017\/kongre-17-deklarasyonu.html\" target=\"_blank\" rel=\"noopener noreferrer\">https:\/\/www.assamcongress.com\/tr\/kongre\/assam-kongre-2017\/kongre-17-deklarasyonu.html<\/a><\/p>\n<p>Arap\u00e7a <a href=\"ar\/kongreler-ar\/assam-kongre-2017-ar\/kongre-17-deklarasyonu-ar.html\">https:\/\/www.assamcongress.com\/ar\/kongreler-ar\/assam-kongre-2017-ar\/kongre-17-deklarasyonu-ar.html<\/a><\/p>\n<p>\u0130ngilizce <a href=\"congresses\/past-to-future-government-forms\/congress-17-declaration.html\" target=\"_blank\" rel=\"noopener noreferrer\">https:\/\/www.assamcongress.com\/congresses\/past-to-future-government-forms\/congress-17-declaration.html<\/a><\/p>\n<p><strong>(ii )\u00a0\u00a0<\/strong>T\u00fcrk\u00e7e <a href=\"tr\/kongre\/assam-kongre-2017\/konfederasyon-anayasasi.html\">https:\/\/www.assamcongress.com\/tr\/kongre\/assam-kongre-2017\/konfederasyon-anayasasi.html<\/a><\/p>\n<p>Arap\u00e7a <a href=\"ar\/kongreler-ar\/assam-kongre-2017-ar\/confederation-constitution-ar.html\">https:\/\/www.assamcongress.com\/ar\/kongreler-ar\/assam-kongre-2017-ar\/confederation-constitution-ar.html<\/a><\/p>\n<p>\u0130ngilizce <a href=\"congresses\/past-to-future-government-forms\/confederation-constitution.html\">https:\/\/www.assamcongress.com\/congresses\/past-to-future-government-forms\/confederation-constitution.html<\/a><\/p>\n<p><strong>(\u0130V) (i)<\/strong> T\u00fcrk\u00e7e <a href=\"tr\/kongre\/assam-kongre-2018\/kongre-18-deklarasyonu.html\">https:\/\/www.assamcongress.com\/tr\/kongre\/assam-kongre-2018\/kongre-18-deklarasyonu.html<\/a><\/p>\n<p>\u0130ngilizce <a href=\"congresses\/2018-congress\/congress-18-declaration.html\">https:\/\/www.assamcongress.com\/congresses\/2018-congress\/congress-18-declaration.html<\/a><\/p>\n<p><strong>(V)<\/strong> <em>Kaynak: TC \u0130\u00e7i\u015fleri Bakanl\u0131\u011f\u0131 G\u00f6\u00e7 \u0130daresi Gn. M\u00fcd\u00fcrl\u00fc\u011f\u00fc-11 \u015eubat 2019.<\/em><\/p>\n<p><strong>(VI)<\/strong> <a href=\"http:\/\/data.unhcr.org\/syrianrefugees\/asylum.php%20-Europe%20\u2013%20Jan.2016\">http:\/\/data.unhcr.org\/syrianrefugees\/asylum.php -Europe \u2013 Jan.2016<\/a><\/p>\n<p>\u00a0<\/p>\n","protected":false},"excerpt":{"rendered":"<p>Uluslararas\u0131 ASSAM \u0130slam Birli\u011fi Kongrelerinin amac\u0131; \u0130slam \u00dclkeleri Co\u011frafyas\u0131 ba\u015fta olmak \u00fczere d\u00fcnya siyasetinde g\u00fcncel sorunlarla ilgili olarak akademik ve siyasal bir zemin \u00fczerinde tespitler yapmak,\u00a0\u0130sl\u00e2m \u00dclkelerinin bir irade alt\u0131nda toplanmas\u0131 i\u00e7in gerekli m\u00fcesseseleri ve bu m\u00fcesseseler i\u00e7in gerekli mevzuat hakk\u0131nda karar vericilere bir hal tarz\u0131 sunmakt\u0131r.\u00a0 Uluslararas\u0131 ASSAM \u0130slam Birli\u011fi Kongrelerinin,\u00a0Birincisine 27 \u0130sl\u00e2m \u00dclkesinden [&hellip;]<\/p>\n","protected":false},"author":13,"featured_media":0,"comment_status":"open","ping_status":"open","sticky":false,"template":"","format":"standard","meta":{"_acf_changed":false,"footnotes":""},"categories":[270],"tags":[],"class_list":["post-278","post","type-post","status-publish","format-standard","hentry","category-uncategorised-tr"],"acf":[],"yoast_head":"<!-- This site is optimized with the Yoast SEO plugin v26.0 - https:\/\/yoast.com\/wordpress\/plugins\/seo\/ -->\n<title>3nc\u00fc Uluslararas\u0131 ASSAM \u0130slam Birli\u011fi Kongresi: \u0130sl\u00e2m Birli\u011fi \u0130\u00e7in Savunma Sanayi \u0130\u015fbirli\u011fi Usul Ve Esaslar\u0131 - ASSAM Congress<\/title>\n<meta name=\"robots\" content=\"index, follow, max-snippet:-1, max-image-preview:large, max-video-preview:-1\" \/>\n<link rel=\"canonical\" href=\"https:\/\/assamcongress.com\/tr\/3ncu-uluslararasi-assam-islam-birligi-kongresi-islam-birligi-icin-savunma-sanayi-isbirligi-usul-ve-esaslari\/\" \/>\n<meta property=\"og:locale\" content=\"tr_TR\" \/>\n<meta property=\"og:type\" content=\"article\" \/>\n<meta property=\"og:title\" content=\"3nc\u00fc Uluslararas\u0131 ASSAM \u0130slam Birli\u011fi Kongresi: \u0130sl\u00e2m Birli\u011fi \u0130\u00e7in Savunma Sanayi \u0130\u015fbirli\u011fi Usul Ve Esaslar\u0131 - ASSAM Congress\" \/>\n<meta property=\"og:description\" content=\"Uluslararas\u0131 ASSAM \u0130slam Birli\u011fi Kongrelerinin amac\u0131; \u0130slam \u00dclkeleri Co\u011frafyas\u0131 ba\u015fta olmak \u00fczere d\u00fcnya siyasetinde g\u00fcncel sorunlarla ilgili olarak akademik ve siyasal bir zemin \u00fczerinde tespitler yapmak,\u00a0\u0130sl\u00e2m \u00dclkelerinin bir irade alt\u0131nda toplanmas\u0131 i\u00e7in gerekli m\u00fcesseseleri ve bu m\u00fcesseseler i\u00e7in gerekli mevzuat hakk\u0131nda karar vericilere bir hal tarz\u0131 sunmakt\u0131r.\u00a0 Uluslararas\u0131 ASSAM \u0130slam Birli\u011fi Kongrelerinin,\u00a0Birincisine 27 \u0130sl\u00e2m \u00dclkesinden [&hellip;]\" \/>\n<meta property=\"og:url\" content=\"https:\/\/assamcongress.com\/tr\/3ncu-uluslararasi-assam-islam-birligi-kongresi-islam-birligi-icin-savunma-sanayi-isbirligi-usul-ve-esaslari\/\" \/>\n<meta property=\"og:site_name\" content=\"ASSAM Congress\" \/>\n<meta property=\"article:publisher\" content=\"https:\/\/facebook.com\/assamcongresses\" \/>\n<meta property=\"article:published_time\" content=\"2017-02-19T09:19:31+00:00\" \/>\n<meta name=\"author\" content=\"ASSAM Web Admin\" \/>\n<meta name=\"twitter:card\" content=\"summary_large_image\" \/>\n<meta name=\"twitter:creator\" content=\"@assamcongresses\" \/>\n<meta name=\"twitter:site\" content=\"@assamcongresses\" \/>\n<meta name=\"twitter:label1\" content=\"Yazan:\" \/>\n\t<meta name=\"twitter:data1\" content=\"ASSAM Web Admin\" \/>\n\t<meta name=\"twitter:label2\" content=\"Tahmini okuma s\u00fcresi\" \/>\n\t<meta name=\"twitter:data2\" content=\"10 dakika\" \/>\n<script type=\"application\/ld+json\" class=\"yoast-schema-graph\">{\"@context\":\"https:\/\/schema.org\",\"@graph\":[{\"@type\":\"Article\",\"@id\":\"https:\/\/assamcongress.com\/tr\/3ncu-uluslararasi-assam-islam-birligi-kongresi-islam-birligi-icin-savunma-sanayi-isbirligi-usul-ve-esaslari\/#article\",\"isPartOf\":{\"@id\":\"https:\/\/assamcongress.com\/tr\/3ncu-uluslararasi-assam-islam-birligi-kongresi-islam-birligi-icin-savunma-sanayi-isbirligi-usul-ve-esaslari\/\"},\"author\":{\"name\":\"ASSAM Web Admin\",\"@id\":\"https:\/\/assamcongress.com\/tr\/#\/schema\/person\/88ab876df3f064629243273a9d94ceed\"},\"headline\":\"3nc\u00fc Uluslararas\u0131 ASSAM \u0130slam Birli\u011fi Kongresi: \u0130sl\u00e2m Birli\u011fi \u0130\u00e7in Savunma Sanayi \u0130\u015fbirli\u011fi Usul Ve Esaslar\u0131\",\"datePublished\":\"2017-02-19T09:19:31+00:00\",\"mainEntityOfPage\":{\"@id\":\"https:\/\/assamcongress.com\/tr\/3ncu-uluslararasi-assam-islam-birligi-kongresi-islam-birligi-icin-savunma-sanayi-isbirligi-usul-ve-esaslari\/\"},\"wordCount\":2074,\"commentCount\":0,\"publisher\":{\"@id\":\"https:\/\/assamcongress.com\/tr\/#organization\"},\"articleSection\":[\"Uncategorised\"],\"inLanguage\":\"tr\"},{\"@type\":\"WebPage\",\"@id\":\"https:\/\/assamcongress.com\/tr\/3ncu-uluslararasi-assam-islam-birligi-kongresi-islam-birligi-icin-savunma-sanayi-isbirligi-usul-ve-esaslari\/\",\"url\":\"https:\/\/assamcongress.com\/tr\/3ncu-uluslararasi-assam-islam-birligi-kongresi-islam-birligi-icin-savunma-sanayi-isbirligi-usul-ve-esaslari\/\",\"name\":\"3nc\u00fc Uluslararas\u0131 ASSAM \u0130slam Birli\u011fi Kongresi: \u0130sl\u00e2m Birli\u011fi \u0130\u00e7in Savunma Sanayi \u0130\u015fbirli\u011fi Usul Ve Esaslar\u0131 - ASSAM Congress\",\"isPartOf\":{\"@id\":\"https:\/\/assamcongress.com\/tr\/#website\"},\"datePublished\":\"2017-02-19T09:19:31+00:00\",\"breadcrumb\":{\"@id\":\"https:\/\/assamcongress.com\/tr\/3ncu-uluslararasi-assam-islam-birligi-kongresi-islam-birligi-icin-savunma-sanayi-isbirligi-usul-ve-esaslari\/#breadcrumb\"},\"inLanguage\":\"tr\",\"potentialAction\":[{\"@type\":\"ReadAction\",\"target\":[\"https:\/\/assamcongress.com\/tr\/3ncu-uluslararasi-assam-islam-birligi-kongresi-islam-birligi-icin-savunma-sanayi-isbirligi-usul-ve-esaslari\/\"]}]},{\"@type\":\"BreadcrumbList\",\"@id\":\"https:\/\/assamcongress.com\/tr\/3ncu-uluslararasi-assam-islam-birligi-kongresi-islam-birligi-icin-savunma-sanayi-isbirligi-usul-ve-esaslari\/#breadcrumb\",\"itemListElement\":[{\"@type\":\"ListItem\",\"position\":1,\"name\":\"Home\",\"item\":\"https:\/\/assamcongress.com\/tr\/\"},{\"@type\":\"ListItem\",\"position\":2,\"name\":\"3nc\u00fc Uluslararas\u0131 ASSAM \u0130slam Birli\u011fi Kongresi: \u0130sl\u00e2m Birli\u011fi \u0130\u00e7in Savunma Sanayi \u0130\u015fbirli\u011fi Usul Ve Esaslar\u0131\"}]},{\"@type\":\"WebSite\",\"@id\":\"https:\/\/assamcongress.com\/tr\/#website\",\"url\":\"https:\/\/assamcongress.com\/tr\/\",\"name\":\"ASSAM International Congresses\",\"description\":\"Adaleti Savunanlar Stratejik Ara\u015ft\u0131rmalar Merkezi\",\"publisher\":{\"@id\":\"https:\/\/assamcongress.com\/tr\/#organization\"},\"potentialAction\":[{\"@type\":\"SearchAction\",\"target\":{\"@type\":\"EntryPoint\",\"urlTemplate\":\"https:\/\/assamcongress.com\/tr\/?s={search_term_string}\"},\"query-input\":{\"@type\":\"PropertyValueSpecification\",\"valueRequired\":true,\"valueName\":\"search_term_string\"}}],\"inLanguage\":\"tr\"},{\"@type\":\"Organization\",\"@id\":\"https:\/\/assamcongress.com\/tr\/#organization\",\"name\":\"ASSAM - Justice Defenders Strategic Studies Center\",\"url\":\"https:\/\/assamcongress.com\/tr\/\",\"logo\":{\"@type\":\"ImageObject\",\"inLanguage\":\"tr\",\"@id\":\"https:\/\/assamcongress.com\/tr\/#\/schema\/logo\/image\/\",\"url\":\"https:\/\/assamcongress.com\/download\/2025\/09\/ASSAM-Logo-2023-1-scaled.png\",\"contentUrl\":\"https:\/\/assamcongress.com\/download\/2025\/09\/ASSAM-Logo-2023-1-scaled.png\",\"width\":2560,\"height\":2560,\"caption\":\"ASSAM - Justice Defenders Strategic Studies Center\"},\"image\":{\"@id\":\"https:\/\/assamcongress.com\/tr\/#\/schema\/logo\/image\/\"},\"sameAs\":[\"https:\/\/facebook.com\/assamcongresses\",\"https:\/\/x.com\/assamcongresses\",\"https:\/\/linkedin.com\/showcase\/assamcongresses\",\"http:\/\/youtube.com\/ASSAMCongress\",\"https:\/\/sosyal.teknofest.app\/@assam_der\"]},{\"@type\":\"Person\",\"@id\":\"https:\/\/assamcongress.com\/tr\/#\/schema\/person\/88ab876df3f064629243273a9d94ceed\",\"name\":\"ASSAM Web Admin\",\"image\":{\"@type\":\"ImageObject\",\"inLanguage\":\"tr\",\"@id\":\"https:\/\/assamcongress.com\/tr\/#\/schema\/person\/image\/\",\"url\":\"https:\/\/secure.gravatar.com\/avatar\/b64b9f9a11c3402664510c42229973ea79f05e8f86997d5123fb1c02cf533ea4?s=96&d=mm&r=g\",\"contentUrl\":\"https:\/\/secure.gravatar.com\/avatar\/b64b9f9a11c3402664510c42229973ea79f05e8f86997d5123fb1c02cf533ea4?s=96&d=mm&r=g\",\"caption\":\"ASSAM Web Admin\"},\"url\":\"https:\/\/assamcongress.com\/tr\/author\/assamkongre\/\"}]}<\/script>\n<!-- \/ Yoast SEO plugin. -->","yoast_head_json":{"title":"3nc\u00fc Uluslararas\u0131 ASSAM \u0130slam Birli\u011fi Kongresi: \u0130sl\u00e2m Birli\u011fi \u0130\u00e7in Savunma Sanayi \u0130\u015fbirli\u011fi Usul Ve Esaslar\u0131 - ASSAM Congress","robots":{"index":"index","follow":"follow","max-snippet":"max-snippet:-1","max-image-preview":"max-image-preview:large","max-video-preview":"max-video-preview:-1"},"canonical":"https:\/\/assamcongress.com\/tr\/3ncu-uluslararasi-assam-islam-birligi-kongresi-islam-birligi-icin-savunma-sanayi-isbirligi-usul-ve-esaslari\/","og_locale":"tr_TR","og_type":"article","og_title":"3nc\u00fc Uluslararas\u0131 ASSAM \u0130slam Birli\u011fi Kongresi: \u0130sl\u00e2m Birli\u011fi \u0130\u00e7in Savunma Sanayi \u0130\u015fbirli\u011fi Usul Ve Esaslar\u0131 - ASSAM Congress","og_description":"Uluslararas\u0131 ASSAM \u0130slam Birli\u011fi Kongrelerinin amac\u0131; \u0130slam \u00dclkeleri Co\u011frafyas\u0131 ba\u015fta olmak \u00fczere d\u00fcnya siyasetinde g\u00fcncel sorunlarla ilgili olarak akademik ve siyasal bir zemin \u00fczerinde tespitler yapmak,\u00a0\u0130sl\u00e2m \u00dclkelerinin bir irade alt\u0131nda toplanmas\u0131 i\u00e7in gerekli m\u00fcesseseleri ve bu m\u00fcesseseler i\u00e7in gerekli mevzuat hakk\u0131nda karar vericilere bir hal tarz\u0131 sunmakt\u0131r.\u00a0 Uluslararas\u0131 ASSAM \u0130slam Birli\u011fi Kongrelerinin,\u00a0Birincisine 27 \u0130sl\u00e2m \u00dclkesinden [&hellip;]","og_url":"https:\/\/assamcongress.com\/tr\/3ncu-uluslararasi-assam-islam-birligi-kongresi-islam-birligi-icin-savunma-sanayi-isbirligi-usul-ve-esaslari\/","og_site_name":"ASSAM Congress","article_publisher":"https:\/\/facebook.com\/assamcongresses","article_published_time":"2017-02-19T09:19:31+00:00","author":"ASSAM Web Admin","twitter_card":"summary_large_image","twitter_creator":"@assamcongresses","twitter_site":"@assamcongresses","twitter_misc":{"Yazan:":"ASSAM Web Admin","Tahmini okuma s\u00fcresi":"10 dakika"},"schema":{"@context":"https:\/\/schema.org","@graph":[{"@type":"Article","@id":"https:\/\/assamcongress.com\/tr\/3ncu-uluslararasi-assam-islam-birligi-kongresi-islam-birligi-icin-savunma-sanayi-isbirligi-usul-ve-esaslari\/#article","isPartOf":{"@id":"https:\/\/assamcongress.com\/tr\/3ncu-uluslararasi-assam-islam-birligi-kongresi-islam-birligi-icin-savunma-sanayi-isbirligi-usul-ve-esaslari\/"},"author":{"name":"ASSAM Web Admin","@id":"https:\/\/assamcongress.com\/tr\/#\/schema\/person\/88ab876df3f064629243273a9d94ceed"},"headline":"3nc\u00fc Uluslararas\u0131 ASSAM \u0130slam Birli\u011fi Kongresi: \u0130sl\u00e2m Birli\u011fi \u0130\u00e7in Savunma Sanayi \u0130\u015fbirli\u011fi Usul Ve Esaslar\u0131","datePublished":"2017-02-19T09:19:31+00:00","mainEntityOfPage":{"@id":"https:\/\/assamcongress.com\/tr\/3ncu-uluslararasi-assam-islam-birligi-kongresi-islam-birligi-icin-savunma-sanayi-isbirligi-usul-ve-esaslari\/"},"wordCount":2074,"commentCount":0,"publisher":{"@id":"https:\/\/assamcongress.com\/tr\/#organization"},"articleSection":["Uncategorised"],"inLanguage":"tr"},{"@type":"WebPage","@id":"https:\/\/assamcongress.com\/tr\/3ncu-uluslararasi-assam-islam-birligi-kongresi-islam-birligi-icin-savunma-sanayi-isbirligi-usul-ve-esaslari\/","url":"https:\/\/assamcongress.com\/tr\/3ncu-uluslararasi-assam-islam-birligi-kongresi-islam-birligi-icin-savunma-sanayi-isbirligi-usul-ve-esaslari\/","name":"3nc\u00fc Uluslararas\u0131 ASSAM \u0130slam Birli\u011fi Kongresi: \u0130sl\u00e2m Birli\u011fi \u0130\u00e7in Savunma Sanayi \u0130\u015fbirli\u011fi Usul Ve Esaslar\u0131 - ASSAM Congress","isPartOf":{"@id":"https:\/\/assamcongress.com\/tr\/#website"},"datePublished":"2017-02-19T09:19:31+00:00","breadcrumb":{"@id":"https:\/\/assamcongress.com\/tr\/3ncu-uluslararasi-assam-islam-birligi-kongresi-islam-birligi-icin-savunma-sanayi-isbirligi-usul-ve-esaslari\/#breadcrumb"},"inLanguage":"tr","potentialAction":[{"@type":"ReadAction","target":["https:\/\/assamcongress.com\/tr\/3ncu-uluslararasi-assam-islam-birligi-kongresi-islam-birligi-icin-savunma-sanayi-isbirligi-usul-ve-esaslari\/"]}]},{"@type":"BreadcrumbList","@id":"https:\/\/assamcongress.com\/tr\/3ncu-uluslararasi-assam-islam-birligi-kongresi-islam-birligi-icin-savunma-sanayi-isbirligi-usul-ve-esaslari\/#breadcrumb","itemListElement":[{"@type":"ListItem","position":1,"name":"Home","item":"https:\/\/assamcongress.com\/tr\/"},{"@type":"ListItem","position":2,"name":"3nc\u00fc Uluslararas\u0131 ASSAM \u0130slam Birli\u011fi Kongresi: \u0130sl\u00e2m Birli\u011fi \u0130\u00e7in Savunma Sanayi \u0130\u015fbirli\u011fi Usul Ve Esaslar\u0131"}]},{"@type":"WebSite","@id":"https:\/\/assamcongress.com\/tr\/#website","url":"https:\/\/assamcongress.com\/tr\/","name":"ASSAM International Congresses","description":"Adaleti Savunanlar Stratejik Ara\u015ft\u0131rmalar Merkezi","publisher":{"@id":"https:\/\/assamcongress.com\/tr\/#organization"},"potentialAction":[{"@type":"SearchAction","target":{"@type":"EntryPoint","urlTemplate":"https:\/\/assamcongress.com\/tr\/?s={search_term_string}"},"query-input":{"@type":"PropertyValueSpecification","valueRequired":true,"valueName":"search_term_string"}}],"inLanguage":"tr"},{"@type":"Organization","@id":"https:\/\/assamcongress.com\/tr\/#organization","name":"ASSAM - Justice Defenders Strategic Studies Center","url":"https:\/\/assamcongress.com\/tr\/","logo":{"@type":"ImageObject","inLanguage":"tr","@id":"https:\/\/assamcongress.com\/tr\/#\/schema\/logo\/image\/","url":"https:\/\/assamcongress.com\/download\/2025\/09\/ASSAM-Logo-2023-1-scaled.png","contentUrl":"https:\/\/assamcongress.com\/download\/2025\/09\/ASSAM-Logo-2023-1-scaled.png","width":2560,"height":2560,"caption":"ASSAM - Justice Defenders Strategic Studies Center"},"image":{"@id":"https:\/\/assamcongress.com\/tr\/#\/schema\/logo\/image\/"},"sameAs":["https:\/\/facebook.com\/assamcongresses","https:\/\/x.com\/assamcongresses","https:\/\/linkedin.com\/showcase\/assamcongresses","http:\/\/youtube.com\/ASSAMCongress","https:\/\/sosyal.teknofest.app\/@assam_der"]},{"@type":"Person","@id":"https:\/\/assamcongress.com\/tr\/#\/schema\/person\/88ab876df3f064629243273a9d94ceed","name":"ASSAM Web Admin","image":{"@type":"ImageObject","inLanguage":"tr","@id":"https:\/\/assamcongress.com\/tr\/#\/schema\/person\/image\/","url":"https:\/\/secure.gravatar.com\/avatar\/b64b9f9a11c3402664510c42229973ea79f05e8f86997d5123fb1c02cf533ea4?s=96&d=mm&r=g","contentUrl":"https:\/\/secure.gravatar.com\/avatar\/b64b9f9a11c3402664510c42229973ea79f05e8f86997d5123fb1c02cf533ea4?s=96&d=mm&r=g","caption":"ASSAM Web Admin"},"url":"https:\/\/assamcongress.com\/tr\/author\/assamkongre\/"}]}},"_links":{"self":[{"href":"https:\/\/assamcongress.com\/tr\/wp-json\/wp\/v2\/posts\/278","targetHints":{"allow":["GET"]}}],"collection":[{"href":"https:\/\/assamcongress.com\/tr\/wp-json\/wp\/v2\/posts"}],"about":[{"href":"https:\/\/assamcongress.com\/tr\/wp-json\/wp\/v2\/types\/post"}],"author":[{"embeddable":true,"href":"https:\/\/assamcongress.com\/tr\/wp-json\/wp\/v2\/users\/13"}],"replies":[{"embeddable":true,"href":"https:\/\/assamcongress.com\/tr\/wp-json\/wp\/v2\/comments?post=278"}],"version-history":[{"count":0,"href":"https:\/\/assamcongress.com\/tr\/wp-json\/wp\/v2\/posts\/278\/revisions"}],"wp:attachment":[{"href":"https:\/\/assamcongress.com\/tr\/wp-json\/wp\/v2\/media?parent=278"}],"wp:term":[{"taxonomy":"category","embeddable":true,"href":"https:\/\/assamcongress.com\/tr\/wp-json\/wp\/v2\/categories?post=278"},{"taxonomy":"post_tag","embeddable":true,"href":"https:\/\/assamcongress.com\/tr\/wp-json\/wp\/v2\/tags?post=278"}],"curies":[{"name":"wp","href":"https:\/\/api.w.org\/{rel}","templated":true}]}}