{"id":279,"date":"2020-03-09T16:58:15","date_gmt":"2020-03-09T13:58:15","guid":{"rendered":"https:\/\/yeni.assamcongress.com\/4ncu-uluslararasi-assam-islam-birligi-kongresi-asrika-konfederasyonu-savunma-sistemi\/"},"modified":"2020-03-09T16:58:15","modified_gmt":"2020-03-09T13:58:15","slug":"4ncu-uluslararasi-assam-islam-birligi-kongresi-asrika-konfederasyonu-savunma-sistemi","status":"publish","type":"post","link":"https:\/\/assamcongress.com\/tr\/4ncu-uluslararasi-assam-islam-birligi-kongresi-asrika-konfederasyonu-savunma-sistemi\/","title":{"rendered":"4nc\u00fc Uluslararas\u0131 ASSAM \u0130slam Birli\u011fi Kongresi: ASR\u0130KA Konfederasyonu Savunma Sistemi"},"content":{"rendered":"<p style=\"text-align: center;\"><strong>D\u00d6RD\u00dcNC\u00dc ULUSLARARASI ASSAM \u0130SLAM B\u0130RL\u0130\u011e\u0130 KONGRE\u00a0<\/strong><strong>BEYANNAMES\u0130<\/strong><\/p>\n<p>GENEL<\/p>\n<p>Uluslararas\u0131 ASSAM \u0130slam Birli\u011fi Kongrelerinin amac\u0131; \u0130slam \u00dclkeleri Co\u011frafyas\u0131 ba\u015fta olmak \u00fczere d\u00fcnya siyasetinde g\u00fcncel sorunlarla ilgili olarak akademik ve siyasal bir zemin \u00fczerinde tespitler yapmak, <strong>\u0130sl\u00e2m \u00dclkelerinin bir irade alt\u0131nda toplanmas\u0131 i\u00e7in gerekli m\u00fcesseseleri ve bu m\u00fcesseseler i\u00e7in gerekli mevzuat hakk\u0131nda karar vericilere bir hal tarz\u0131 sunmakt\u0131r.<\/strong><\/p>\n<p><strong>\u00a0<\/strong><strong>Uluslararas\u0131 ASSAM \u0130slam Birli\u011fi Kongrelerinin, <\/strong>Birincisine 27 \u0130sl\u00e2m \u00dclkesinden kat\u0131lan STK Temsilcileriyle yap\u0131lan isti\u015fare sonucunda s\u00fcreklili\u011finin sa\u011flanmas\u0131na karar verilmi\u015ftir.<\/p>\n<p>\u00a0<strong>Devletlerin asl\u00ee faaliyet alanlar\u0131 <\/strong>da dikkate al\u0131narak, <strong>ilki 2017<\/strong>, <strong>ikincisi 2018, \u00fc\u00e7\u00fcnc\u00fcs\u00fc 2019 y\u0131l\u0131nda<\/strong> uygulanan ve her y\u0131l icra edilmesi planlanan <strong>&#8220;Uluslararas\u0131 ASSAM \u0130sl\u00e2m Birli\u011fi Kongreleri&#8221; serisinin, ge\u00e7mi\u015f y\u0131llarda uygulanan, <\/strong>bu y\u0131l ve m\u00fcteakip y\u0131llarda uygulanacak, <strong>ana konular\u0131<\/strong>;<\/p>\n<ul>\n<li>\u0130slam Birli\u011fi i\u00e7in <strong>Y\u00f6netim \u015eekil ve Organlar\u0131 Mevzuat\u0131n\u0131n <\/strong>Tespiti <strong>(2017-Yap\u0131ld\u0131)<\/strong><\/li>\n<li>\u0130slam Birli\u011fi i\u00e7in <strong>Ekonomik \u0130\u015fbirli\u011fi Usul ve Esaslar\u0131n\u0131n <\/strong>Tespiti <strong>(2018-Yap\u0131ld\u0131)<\/strong><\/li>\n<li>\u0130sl\u00e2m Birli\u011fi i\u00e7in <strong>Savunma Sanayi \u0130\u015fbirli\u011fi Usul ve Esaslar\u0131n\u0131n <\/strong>Tespiti <strong>(2019-Yap\u0131ld\u0131)<\/strong><\/li>\n<li><span style=\"color: #ff0000;\">\u0130sl\u00e2m Birli\u011fi i\u00e7in <strong>Ortak Savunma Sistemi Usul ve Esaslar\u0131n\u0131n <\/strong>Tespiti (2020),<\/span><\/li>\n<li>\u0130sl\u00e2m Birli\u011fi i\u00e7in <strong>M\u00fc\u015fterek D\u0131\u015f Politika Usul ve Esaslar\u0131n\u0131n <\/strong>Tespiti (2021),<\/li>\n<li>\u0130sl\u00e2m Birli\u011fi i\u00e7in <strong>M\u00fc\u015fterek Adalet Sistemi Usul ve Esaslar\u0131n\u0131n <\/strong>Tespiti (2022),<\/li>\n<li>\u0130sl\u00e2m Birli\u011fi i\u00e7in <strong>Ortak Asayi\u015f ve G\u00fcvenlik Usul ve Esaslar\u0131n\u0131n <\/strong>Tespiti (2023),<\/li>\n<\/ul>\n<p>\u015eeklinde se\u00e7ilmi\u015f ve sonunda <strong>\u0130slam \u00dclkelerinin bir irade alt\u0131nda toplanmas\u0131 i\u00e7in gereken m\u00fcesseseler ve bu m\u00fcesseselerin mevzuat\u0131n\u0131n bir model olarak ortaya konulmas\u0131 <\/strong>ama\u00e7lanm\u0131\u015ft\u0131r.<\/p>\n<p>\u00a0<strong>Kongrenin birincisi ASSAM\u2019\u0131n merkezi olan \u0130stanbul\u2019da<\/strong><strong>, \u00dcsk\u00fcdar \u00dcniversitesi, Adaleti Savunanlar Derne\u011fi (ASDER) ve \u0130slam D\u00fcnyas\u0131 STK Birli\u011finin (\u0130DSB) i\u015fbirli\u011fi ile <\/strong><strong>23-24 Kas\u0131m 2017 tarihinde yap\u0131lm\u0131\u015ft\u0131r.<\/strong><\/p>\n<p><strong>\u00a0<\/strong>Birinci Uluslararas\u0131 <strong>ASSAM<\/strong> \u0130sl\u00e2m Birli\u011fi Kongresine <strong>27 \u0130sl\u00e2m \u00dclkesinden Sivil Toplum Kurulu\u015fu Temsilcisi ve akademisyen <\/strong>kat\u0131lm\u0131\u015f olup, <strong>11 \u00dclkeden 31 akademisyen <\/strong>taraf\u0131ndan bildiri \u00f6zetleri sunulmu\u015f ve bildiriler <strong>ASSAM Kongre web sitesinde yay\u0131nlanm\u0131\u015ft\u0131r<\/strong>. <strong>(<a href=\"#_edn1\" name=\"_ednref1\">[i]<\/a>)<\/strong><\/p>\n<p><strong>\u00a0<\/strong>Kongre sonucunda <strong>\u201c\u0130sl\u00e2m \u00dclkeleri Parlamentosu\u201d<\/strong> kurulmas\u0131 ve her \u0130sl\u00e2m \u00dclkesinin Bakanlar kurulunda <strong>\u201c\u0130sl\u00e2m Birli\u011fi Bakanl\u0131\u011f\u0131\u201d <\/strong>ihdas edilmesi gerekti\u011fi kanaatine var\u0131lm\u0131\u015f ve ASSAM Y\u00f6netim Kurulunca onaylanan <strong>\u201c\u0130sl\u00e2m \u00dclkeleri Konfederasyonu Deklarasyonu<\/strong>\u201d <strong>29\u2019u \u0130slam \u00fclkelerinden 80\u2019i T\u00fcrkiye\u2019den olmak \u00fczere 109 STK yetkilisi taraf\u0131ndan da imzalanarak <\/strong>bas\u0131n vas\u0131tas\u0131yla d\u00fcnya kamuoyuna duyurulmu\u015ftur. <strong>(<a href=\"#_edn2\" name=\"_ednref2\">[ii]<\/a>)<\/strong><\/p>\n<p><strong>\u00a0<\/strong>Ayr\u0131ca bildirilerde vurgulanan h\u00fck\u00fcmler dikkate al\u0131narak <strong>\u0130sl\u00e2m \u00dclkeleri konfederasyonu i\u00e7in model bir Anayasa tasla\u011f\u0131 haz\u0131rlanm\u0131\u015ft\u0131r<\/strong>. <strong>(<a href=\"#_edn3\" name=\"_ednref3\">[iii]<\/a>)<\/strong><\/p>\n<p>\u00a0<strong>Kongremizin ikincisi yine ASSAM\u2019\u0131n merkezi olan \u0130stanbul\u2019da \u00dcsk\u00fcdar \u00dcniversitesi, <\/strong><strong>Adaleti Savunanlar Derne\u011fi, \u0130slam D\u00fcnyas\u0131 STK Birli\u011fi (\u0130DSB) ve Uluslararas\u0131 M\u00fcsl\u00fcman \u00c2limler Birli\u011fi <\/strong>\/ <strong>International Union of Muslim Scholars (IUMS)\u2019nin i\u015fbirli\u011fi ile 1-2 Kas\u0131m 2018 tarihinde yap\u0131lm\u0131\u015ft\u0131r.<\/strong><\/p>\n<p>\u00a0\u0130kinci Uluslararas\u0131 ASSAM \u0130slam Birli\u011fi Kongresine; <strong>29 \u0130slam \u00dclkesinden Sivil Toplum Kurulu\u015fu temsilcisi ve akademisyen<\/strong> kat\u0131lm\u0131\u015f, <strong>15 \u00dclkeden 66 akademisyen<\/strong> taraf\u0131ndan <strong>58 bildiri<\/strong> sunulmu\u015f, bildiriler <strong>ASSAM <\/strong>Uluslararas\u0131 Hakemli Dergisinde (<strong>ASSAM-UHAD) <\/strong>ve <strong>ASSAM WEB Sitesinde elektronik ortamda yay\u0131nlanm\u0131\u015ft\u0131r. <\/strong><\/p>\n<p>\u0130kinci Kongrede sunulan bildiriler ve Kongre sonu\u00e7 raporu dikkate al\u0131narak, birinci kongre deklarasyonunu da kapsayacak \u015fekilde ikinci kongre deklarasyonu haz\u0131rlanm\u0131\u015f, karar verici mekanizmalara, \u0130sl\u00e2m D\u00fcnyas\u0131ndan t\u00fcm davetli ve kat\u0131l\u0131mc\u0131lara ve d\u00fcnya kamuoyuna sunulmu\u015f ve ASSAM WEB Sitemizde yay\u0131nlanm\u0131\u015ft\u0131r. <strong>(<\/strong><a href=\"#_edn4\" name=\"_ednref4\"><strong>[iv]<\/strong><\/a><strong>)<\/strong><\/p>\n<p>\u00dc\u00e7\u00fcnc\u00fc Uluslararas\u0131 ASSAM \u0130slam Birli\u011fi kongresine 45 \u0130slam \u00dclkesinden Sivil Toplum Kurulu\u015fu Temsilcileri ve akademisyenler kat\u0131lm\u0131\u015f olup, 10 \u00fclkeden 57 akademisyen taraf\u0131ndan 58 bildiri sunulmu\u015ftur. Kongre sonu\u00e7 deklarasyonu (<a href=\"#_edn5\" name=\"_ednref5\"><strong>[v]<\/strong><\/a>) ve bildiri \u00f6zetleri (<a href=\"#_edn6\" name=\"_ednref6\"><strong>[vi]<\/strong><\/a>) ASSAM Kongre web sitesinde yay\u0131nlanm\u0131\u015ft\u0131r.<\/p>\n<p>\u00a04\u2019\u00dcNC\u00dc ULUSLARARASI ASSAM \u0130SLAM B\u0130RL\u0130\u011e\u0130 KONGRES\u0130;<\/p>\n<p>\u00a0\u0130stanbul\u2019da, \u00dcsk\u00fcdar \u00dcniversitesi (\u00dc\u00dc), Adaleti Savunanlar Derne\u011fi (ASDER) ve \u0130DSB \u0130slam D\u00fcnyas\u0131 Sivil Toplum Kurulu\u015flar\u0131 Birli\u011fi i\u015ftirakiyle 12-13 Aral\u0131k 2020 tarihinde \u0130SL\u00c2M B\u0130RL\u0130\u011e\u0130 \u0130\u00c7\u0130N ORTAK SAVUNMA S\u0130STEM\u0130 USUL VE ESASLARININ TESP\u0130T\u0130, \u201cASR\u0130KA KONFEDERASYONU SAVUNMA S\u0130STEM\u0130\u201d ana temas\u0131 alt\u0131nda yap\u0131lacakt\u0131r.<\/p>\n<p>\u00a0M\u00fcteakip kongrelerin <strong>ASSAM <\/strong>b\u00fcnyesinde ve koordinat\u00f6rl\u00fc\u011f\u00fcnde \u0130sl\u00e2m \u00fclkelerinin STK\u2019lar\u0131yla i\u015fbirli\u011fi halinde farkl\u0131 \u00fclkelerde yap\u0131lmas\u0131 planlanmaktad\u0131r.<\/p>\n<p>\u00a0Kongre dili T\u00fcrk\u00e7e, \u0130ngilizce ve Arap\u00e7a olacakt\u0131r. Bildirilerin sunumunda sim\u00fcltane terc\u00fcme yap\u0131lacakt\u0131r. Bildiri \u00f6zetleri ve bildiriler kitap haline getirilerek ASSAM WEB Sitesinde, Bildiriler de ayr\u0131ca <strong>ASSAM <\/strong>Uluslararas\u0131 Hakemli Dergide (<strong>ASSAM-UHAD<\/strong>), elektronik ortamda yay\u0131nlanacakt\u0131r. \u0130craya d\u00f6n\u00fck olarak haz\u0131rlanacak Kongre Sonu\u00e7 Raporlar\u0131 da karar verici mekanizmalara ve \u0130sl\u00e2m D\u00fcnyas\u0131ndan t\u00fcm davetli ve kat\u0131l\u0131mc\u0131lara g\u00f6nderilecek ve ASSAM WEB Sitesinde yay\u0131nlanacakt\u0131r.<\/p>\n<p>\u00a0<\/p>\n<p>\u00a0\u0130SL\u00c2M CO\u011eRAFYASININ JEOPOL\u0130T\u0130K DE\u011eER\u0130:<\/p>\n<p>\u00a0Birle\u015fmi\u015f Milletler Te\u015fkil\u00e2t\u0131na \u00fcye 193 Devlet\u2019in 61\u2019ine <em>(\u00dcye Say\u0131s\u0131n\u0131n %31\u2019i)<\/em>, 7,145 milyarl\u0131k D\u00fcnya N\u00fcfusunun 1,6 Milyar\u0131na (<em>D\u00fcnya N\u00fcfusunun %22,5\u2019u)<\/em>, 150 milyon Km2 olan d\u00fcnya karalar\u0131n\u0131n 19 milyon Km2\u2019sine <em>(D\u00fcnya Karalar\u0131n\u0131n %12,8\u2019i) <\/em>sahip olan 60 \u0130sl\u00e2m \u00dclkesinin sahip oldu\u011fu <strong>\u0130sl\u00e2m Co\u011frafyas\u0131, kendi aralar\u0131ndaki s\u0131n\u0131rlar yok say\u0131ld\u0131\u011f\u0131nda olu\u015fturduklar\u0131 blok ile:<\/strong><\/p>\n<ol>\n<li>D\u00fcnya adas\u0131 olarak bilinen <strong>Asya, Avrupa ve Afrika K\u0131talar\u0131n\u0131n merkezinde bulunan<\/strong>,<\/li>\n<li>D\u00fcnyan\u0131n en b\u00fcy\u00fck i\u00e7 denizi konumundaki Akdeniz, K\u0131z\u0131l Deniz ve Karadeniz\u2019in giri\u015f kap\u0131lar\u0131 say\u0131lan <strong>Cebeli Tar\u0131k, Bab-El Mendeb, \u00c7anakkale ve \u0130stanbul bo\u011fazlar\u0131 ve S\u00fcvey\u015f Kanal\u0131n\u0131 kontrol eden,<\/strong><\/li>\n<li><strong>Atlas Okyanusu, Hint Okyanusu, Akdeniz, Karadeniz, K\u0131z\u0131ldeniz ve Hazar Denizine <\/strong>k\u0131y\u0131lar\u0131 olan,<\/li>\n<li><strong>Asya, Avrupa ve Afrika K\u0131talar\u0131na, Avrupa Birli\u011fi, Rusya, Hindistan, \u00c7in gibi s\u00fcper g\u00fc\u00e7 say\u0131lan D\u00fcnyan\u0131n b\u00fcy\u00fck devletlerine <\/strong>kara ve denizden, <strong>Amerika Birle\u015fik Devletleri\u2019ne <\/strong>denizden <strong>s\u0131n\u0131r kom\u015fusu olan<\/strong>,<\/li>\n<li>D\u00fcnya kara, hava ve deniz <strong>ula\u015f\u0131m yollar\u0131n\u0131n alternatifsiz merkezi <\/strong>olma imk\u00e2n\u0131na sahip bulunan,<\/li>\n<li>D\u00fcnya <strong>petrol rezervlerinin <\/strong>%55,5\u2019ine, <strong>\u00fcretiminin <\/strong>%45,6\u2019s\u0131na, <strong>do\u011falgaz rezervlerinin <\/strong>%64,1\u2019ine, \u00fcretiminin %33\u2019\u00fcne, sahip olan,<\/li>\n<li><strong>Jeopolitik konumu, ortak medeniyet de\u011ferleri ve tarihi birikimi ile imk\u00e2n, gayret ve hedeflerini birle\u015ftirerek gelece\u011fin s\u00fcper g\u00fcc\u00fc olmaya namzet potansiyel bir g\u00fcce sahip bulunmaktad\u0131r<\/strong>.<\/li>\n<\/ol>\n<p>\u00a0<\/p>\n<p>\u0130SLAM D\u00dcNYASININ MARUZ KALDI\u011eI K\u00dcRESEL SALDIRILAR<\/p>\n<p>\u00a0Egemen olmas\u0131 gerekti\u011fi Co\u011frafyas\u0131nda <strong>\u0130sl\u00e2m D\u00fcnyas\u0131<\/strong>, her bir \u0130slam \u00dclkesinin \u00fcniter yap\u0131lar\u0131n\u0131n i\u00e7indeki etnik ve mezhepsel farkl\u0131l\u0131\u011fa sahip unsurlar\u0131n\u0131n birbirleri ile sava\u015ft\u0131r\u0131ld\u0131\u011f\u0131, <strong>ilan edilmemi\u015f, gizli, sinsi, kirli ve asimetrik \u00dc\u00e7\u00fcnc\u00fc D\u00fcnya Sava\u015f\u0131n\u0131n <\/strong>alan\u0131 haline getirilmi\u015ftir.<\/p>\n<p>\u00a0T\u00fcrkiye\u2019yi ve \u0130sl\u00e2m Co\u011frafyas\u0131n\u0131 kan ve g\u00f6zya\u015f\u0131na bo\u011fan ve harabe haline getiren; <strong>Afganistan\u2019da<\/strong> Taliban, El Kaide; <strong>Nijerya\u2019da <\/strong>Boko Haram, <strong>Orta Afrika<\/strong>\u2019da Anti Balaka, <strong>T\u00fcrkiye\u2019de <\/strong>Devrimci Halk Kurtulu\u015f Cephesi (DHKP-C), T\u00fcrkiye Kom\u00fcnist Partisi\/Marksist Leninist (TKP\/ML), PKK, PYD, FET\u00d6\/PYD, <strong>Suriye\u2019de <\/strong>El Nusra Cephesi, DEA\u015e, PYD, HT\u015e, silahl\u0131 ter\u00f6r \u00f6rg\u00fctleri k\u00fcresel g\u00fc\u00e7lerin kontrol ve deste\u011finde faaliyet g\u00f6stermektedirler.<\/p>\n<p>\u00a0<strong>Sahip oldu\u011fu avantajlara ra\u011fmen \u0130slam \u00fclkeleri<\/strong>, emperyalist bat\u0131 devletlerinin m\u00fcdahaleleri ile b\u00fcy\u00fck bir karga\u015fa i\u00e7ine d\u00fc\u015fm\u00fc\u015ft\u00fcr. Bu karga\u015fan\u0131n sonucu olarak \u0130slam co\u011frafyas\u0131nda b\u00fcy\u00fck ac\u0131lar ve y\u0131k\u0131mlar ya\u015fanmaktad\u0131r. Milyonlarca M\u00fcsl\u00fcman evlerini, yurtlar\u0131n\u0131 terk etmek veya \u00f6lmek aras\u0131nda tercih yapmak zorunda b\u0131rak\u0131lmaktad\u0131r. G\u00f6\u00e7 yollar\u0131nda binlerce M\u00fcsl\u00fcman \u00e7e\u015fitli \u015fekillerde \u00f6lmekte, g\u00f6\u00e7 etmeyi ba\u015faranlar ise yoksulluk ve sefalet i\u00e7inde ya\u015famaya mahk\u00fbm b\u0131rak\u0131lmaktad\u0131r.<\/p>\n<p>\u00a0Birle\u015fmi\u015f milletler m\u00fclteciler y\u00fcksek komiserli\u011finin 2016 verilerine g\u00f6re sadece 5 milyon Suriye vatanda\u015f\u0131 g\u00f6\u00e7 etmi\u015ftir. Kay\u0131t alt\u0131na al\u0131namayan m\u00fcltecilerle bu rakam daha da y\u00fckselmektedir Suriyeli m\u00fclteciler, T\u00fcrkiye (3.644.342) <strong>(<a href=\"#_edn7\" name=\"_ednref7\">[vii]<\/a>)<\/strong>, Irak (249.726), \u00dcrd\u00fcn (629.128), M\u0131s\u0131r (132.275), L\u00fcbnan (1.172.753) ve Kuzey Afrika\u2019da di\u011fer yerlere g\u00f6\u00e7 etmi\u015ftir. Bu rakamlar\u0131n d\u0131\u015f\u0131nda yo\u011fun bir \u015fekilde Avrupa\u2019ya g\u00f6\u00e7 giri\u015fimleri olmakta ve b\u00fcy\u00fck bir k\u0131sm\u0131 Ak Denizde ya\u015famlar\u0131n\u0131 yitirmektedir. Bu olumsuzluklara ra\u011fmen Nisan 2011 y\u0131l\u0131ndan Ocak 2016 y\u0131l\u0131na kadar Avrupa\u2019ya ge\u00e7en toplam kay\u0131tl\u0131 m\u00fclteci say\u0131s\u0131 ise 935.008 ki\u015fi olmu\u015ftur.<strong> (<a href=\"#_edn8\" name=\"_ednref8\">[viii]<\/a>)<\/strong><\/p>\n<p>\u00a0<strong>\u00dc\u00e7\u00fcnc\u00fc D\u00fcnya Sava\u015f\u0131 \u0130slam \u00dclkelerine kar\u015f\u0131 ilan edilmemi\u015f bir sava\u015f olarak s\u00fcrd\u00fcr\u00fclmektedir<\/strong>. Osmanl\u0131&#8217;n\u0131n y\u0131k\u0131lmas\u0131ndan sonra y\u00f6netimsiz kalan M\u00fcsl\u00fcmanlar k\u00fc\u00e7\u00fck devlet\u00e7ikler kurarak varl\u0131klar\u0131n\u0131 devam ettirmeye \u00e7al\u0131\u015fm\u0131\u015f, ancak birlik ve beraberli\u011fini kaybettiklerinden k\u00fcresel g\u00fc\u00e7ler i\u00e7in kolay lokma haline gelmi\u015flerdir. <strong>Amerika Birle\u015fik Devletleri, Avrupa Birli\u011fi, \u0130ngiltere, Fransa, Rusya ve \u00c7in \u0130slam Co\u011frafyas\u0131n\u0131 ele ge\u00e7irmek i\u00e7in \u0130slam \u00dclkelerinde, kontrol ettikleri ter\u00f6r \u00f6rg\u00fctleri vas\u0131tas\u0131yla vek\u00e2let sava\u015flar\u0131 (Asimetrik Sava\u015f) <\/strong>y\u00fcr\u00fcterek otorite tesis etmeyi ama\u00e7lamaktad\u0131r.<\/p>\n<p>\u00a0<\/p>\n<p>D\u00d6RD\u00dcNC\u00dc ULUSLARARASI ASSAM \u0130SLAM B\u0130RL\u0130\u011e\u0130 KONGRES\u0130<\/p>\n<p>\u00a0\u0130stanbul\u2019da, 12-13 Aral\u0131k 2020 tarihinde icra edilecektir.<\/p>\n<p>\u0130sl\u00e2m Birli\u011fi i\u00e7in Ortak Savunma Sistemi Usul ve Esaslar\u0131n\u0131n Tespiti, \u201cASR\u0130KA Konfederasyonu Savunma Sistemi\u201d ana temas\u0131 alt\u0131nda incelenecektir.<\/p>\n<p>\u00a0D\u00f6rd\u00fcnc\u00fc Uluslararas\u0131 ASSAM \u0130sl\u00e2m Birli\u011fi Kongresine kat\u0131lacak akademisyenlerin sunacaklar\u0131 bildirilerin konular\u0131 a\u015fa\u011f\u0131daki ba\u015fl\u0131klar alt\u0131nda incelenecektir.<\/p>\n<p>\u00a0<\/p>\n<p><strong><u>KONGRE ALT BA\u015eLIKLARI <\/u><\/strong><\/p>\n<p><strong>1. ASR\u0130KA \u0130slam \u00dclkelerinin Jeopolitik Durumunun De\u011ferlendirilmesi<\/strong><\/p>\n<p><strong>2.K\u00fcresel G\u00fc\u00e7lerin (ABD, Rusya, \u00c7in, \u0130ngiltere, Fransa) Savunma Organizasyonlar\u0131 ve \u0130slam \u00dclkelerindeki Faaliyetleri<\/strong><\/p>\n<ol style=\"list-style-type: lower-alpha;\">\n<li style=\"list-style-type: none;\">\n<ol style=\"list-style-type: lower-alpha;\">\n<li><strong>Askeri \u00dcsler<\/strong><\/li>\n<li><strong>\u00d6zel Askeri \u015eirketler (\u00d6A\u015e)<\/strong><\/li>\n<li><strong>Kulland\u0131\u011f\u0131 \u00d6rg\u00fctler ve Vekalet Sava\u015flar\u0131<\/strong><\/li>\n<\/ol>\n<\/li>\n<\/ol>\n<p><strong>3.\u0130slam \u00dclkeleri;<\/strong><\/p>\n<p><strong>\u00a0 \u00a0 \u00a0 \u00a0<\/strong>a. <strong>Savunma Organizasyonlar\u0131,<\/strong><\/p>\n<p><strong>\u00a0 \u00a0 \u00a0 \u00a0<\/strong>b.\u00a0<strong>Askeri G\u00fc\u00e7leri<\/strong><\/p>\n<ol style=\"list-style-type: upper-roman;\">\n<li style=\"list-style-type: none;\">\n<ol style=\"list-style-type: upper-roman;\">\n<li style=\"list-style-type: none;\">\n<ol style=\"list-style-type: upper-roman;\">\n<li style=\"list-style-type: none;\">\n<ol style=\"list-style-type: upper-roman;\">\n<li>Kara Kuvvetleri<\/li>\n<li>Deniz Kuvvetleri<\/li>\n<li>Hava Kuvvetleri<\/li>\n<li>Hava Savunma Kuvvetleri<\/li>\n<li>\u00d6zel Kuvvetler<\/li>\n<li>Siber G\u00fcvenlik<\/li>\n<li>Havac\u0131l\u0131k ve Uzay Kuvvetleri<\/li>\n<\/ol>\n<\/li>\n<\/ol>\n<\/li>\n<\/ol>\n<\/li>\n<\/ol>\n<p><strong>\u00a0 \u00a0 \u00a0 \u00a0<\/strong>\u00a0c.\u00a0<strong>Envanterlerindeki Harp \u2013 Silah \u2013 Ara\u00e7lar\u0131n\u0131n men\u015fei<\/strong><\/p>\n<p><strong>4. Osmanl\u0131 D\u00f6nemi Savunma Organizasyonu,<\/strong><\/p>\n<p><strong>5. D\u00fcnya \u00dczerindeki Savunma \u0130ttifaklar\u0131n\u0131n \u0130ncelenmesi<\/strong><\/p>\n<ol style=\"list-style-type: upper-roman;\">\n<li style=\"list-style-type: none;\">\u00a0\n<ol style=\"list-style-type: lower-alpha;\">\n<li>NATO,<\/li>\n<li>Ba\u011f\u0131ms\u0131z Devletler Toplulu\u011fu<\/li>\n<li>AB Savunma Organizasyonu<\/li>\n<li>Afrika Birli\u011fi Savunma Organizasyonu<\/li>\n<\/ol>\n<\/li>\n<li style=\"list-style-type: none;\"><\/li>\n<\/ol>\n<p><strong>6.<\/strong>\u00a0<strong>ASR\u0130KA \u0130slam \u00dclkeleri Konfederasyonu \u0130deal Savunma Organizasyon Modeli (Bir Hal Tarz\u0131)<\/strong><\/p>\n<ol style=\"list-style-type: lower-alpha;\">\n<li style=\"list-style-type: none;\">\n<ol style=\"list-style-type: lower-alpha;\">\n<li><strong>ASR\u0130KA Savunma Bakanl\u0131\u011f\u0131n\u0131n Organizasyonu<\/strong> <em>(Kara<\/em><em> Kuvvetleri, Deniz Kuvvetleri, Hava Kuvvetleri, Hava Savunma Kuvvetleri, \u00d6zel Kuvvetler, Siber G\u00fcvenlik, Havac\u0131l\u0131k ve Uzay Kuvvetleri)<\/em><\/li>\n<li><strong>B\u00f6lgesel \u0130slam \u00dclkelerinin Savunma Bakanl\u0131\u011f\u0131na Ba\u011fl\u0131 Savunma Organizasyonlar\u0131<\/strong> <em>(Kara<\/em><em> Kuvvetleri, Deniz Kuvvetleri, Hava Kuvvetleri, Hava Savunma Kuvvetleri, \u00d6zel Kuvvetler Siber G\u00fcvenlik, Havac\u0131l\u0131k ve Uzay Kuvvetleri)<\/em><\/li>\n<li><strong>Milli Devletlerin B\u00f6lgesel \u0130slam \u00dclkeleri Federasyonu Savunma Ba\u015fkanl\u0131\u011f\u0131na Ba\u011fl\u0131 Savunma Organizasyonlar\u0131<\/strong> <em>(Kara<\/em><em> Kuvvetleri, Deniz Kuvvetleri, Hava Kuvvetleri, Hava Savunma Kuvvetleri, \u00d6zel Kuvvetler, Siber G\u00fcvenlik, Havac\u0131l\u0131k ve Uzay Kuvvetleri)<\/em><\/li>\n<\/ol>\n<\/li>\n<\/ol>\n<p><strong>\u00a0<\/strong><\/p>\n<p>D\u00d6RD\u00dcNC\u00dc ULUSLARARASI ASSAM \u0130SLAM B\u0130RL\u0130\u011e\u0130<\/p>\n<p>KONGRES\u0130 PROGRAMI<\/p>\n<p>\u00d6NEML\u0130 TAR\u0130HLER<\/p>\n<ol>\n<li>\u00d6zet g\u00f6nderme son tarihi : 30 A\u011fustos\u00a02020<\/li>\n<li>Kabul edilen \u00f6zetlerin duyurusu : 15 Eyl\u00fcl\u00a02020<\/li>\n<li>Tam metinlerin son g\u00f6nderme tarihi : 15 Ekim 2020<\/li>\n<li><strong>KONGRE TAR\u0130H\u0130 : 12-13 Aral\u0131k 2020<\/strong><\/li>\n<\/ol>\n<p>\u00a0<\/p>\n<p>\u00a0<\/p>\n<p><a href=\"#_ednref1\" name=\"_edn1\">[i]<\/a> <a href=\"tr\/kongre\/assam-kongre-2017\/islam-birligi-kongresi-ozet-kitapcigi.html\" target=\"_blank\" rel=\"noopener noreferrer\">https:\/\/assamcongress.com\/tr\/kongre\/assam-kongre-2017\/islam-birligi-kongresi-ozet-kitapcigi.html<\/a><\/p>\n<p><a href=\"#_ednref2\" name=\"_edn2\">[ii]<\/a> <a href=\"tr\/kongre\/assam-kongre-2017\/kongre-17-deklarasyonu.html\" target=\"_blank\" rel=\"noopener noreferrer\">https:\/\/assamcongress.com\/tr\/kongre\/assam-kongre-2017\/kongre-17-deklarasyonu.html<\/a><\/p>\n<p><a href=\"#_ednref3\" name=\"_edn3\">[iii]<\/a> <a href=\"tr\/kongre\/assam-kongre-2017\/konfederasyon-anayasasi.html\" target=\"_blank\" rel=\"noopener noreferrer\">https:\/\/www.assamcongress.com\/tr\/kongre\/assam-kongre-2017\/konfederasyon-anayasasi.html<\/a><\/p>\n<p><a href=\"#_ednref4\" name=\"_edn4\">[iv]<\/a> <a href=\"tr\/kongre\/assam-kongre-2018\/kongre-18-deklarasyonu.html\" target=\"_blank\" rel=\"noopener noreferrer\">https:\/\/www.assamcongress.com\/tr\/kongre\/assam-kongre-2018\/kongre-18-deklarasyonu.html<\/a><\/p>\n<p><a href=\"#_ednref5\" name=\"_edn5\">[v]<\/a> <a href=\"tr\/kongre\/assam-kongre-2019\/kongre-19-deklarasyonu.html\" target=\"_blank\" rel=\"noopener noreferrer\">https:\/\/assamcongress.com\/tr\/kongre\/assam-kongre-2019\/kongre-19-deklarasyonu.html<\/a><\/p>\n<p><a href=\"#_ednref6\" name=\"_edn6\">[vi]<\/a> <a href=\"tr\/kongre\/assam-kongre-2019\/islam-birligi-kongresi-ozet-kitapcigi-19.html\" target=\"_blank\" rel=\"noopener noreferrer\">https:\/\/assamcongress.com\/tr\/kongre\/assam-kongre-2019\/islam-birligi-kongresi-ozet-kitapcigi-19.html<\/a><\/p>\n<p><a href=\"#_ednref7\" name=\"_edn7\"><strong>[vii]<\/strong><\/a> <em>Kaynak: TC \u0130\u00e7i\u015fleri Bakanl\u0131\u011f\u0131 G\u00f6\u00e7 \u0130daresi Gn. M\u00fcd\u00fcrl\u00fc\u011f\u00fc-11 \u015eubat 2019.<\/em><\/p>\n<p><a href=\"#_ednref8\" name=\"_edn8\"><strong>[viii]<\/strong><\/a> http:\/\/data.unhcr.org\/syrianrefugees\/asylum.php -Europe \u2013 Jan.2016<\/p>\n","protected":false},"excerpt":{"rendered":"<p>D\u00d6RD\u00dcNC\u00dc ULUSLARARASI ASSAM \u0130SLAM B\u0130RL\u0130\u011e\u0130 KONGRE\u00a0BEYANNAMES\u0130 GENEL Uluslararas\u0131 ASSAM \u0130slam Birli\u011fi Kongrelerinin amac\u0131; \u0130slam \u00dclkeleri Co\u011frafyas\u0131 ba\u015fta olmak \u00fczere d\u00fcnya siyasetinde g\u00fcncel sorunlarla ilgili olarak akademik ve siyasal bir zemin \u00fczerinde tespitler yapmak, \u0130sl\u00e2m \u00dclkelerinin bir irade alt\u0131nda toplanmas\u0131 i\u00e7in gerekli m\u00fcesseseleri ve bu m\u00fcesseseler i\u00e7in gerekli mevzuat hakk\u0131nda karar vericilere bir hal tarz\u0131 sunmakt\u0131r. [&hellip;]<\/p>\n","protected":false},"author":13,"featured_media":0,"comment_status":"open","ping_status":"open","sticky":false,"template":"","format":"standard","meta":{"_acf_changed":false,"footnotes":""},"categories":[270],"tags":[],"class_list":["post-279","post","type-post","status-publish","format-standard","hentry","category-uncategorised-tr"],"acf":[],"yoast_head":"<!-- This site is optimized with the Yoast SEO plugin v26.0 - https:\/\/yoast.com\/wordpress\/plugins\/seo\/ -->\n<title>4nc\u00fc Uluslararas\u0131 ASSAM \u0130slam Birli\u011fi Kongresi: ASR\u0130KA Konfederasyonu Savunma Sistemi - ASSAM Congress<\/title>\n<meta name=\"robots\" content=\"index, follow, max-snippet:-1, max-image-preview:large, max-video-preview:-1\" \/>\n<link rel=\"canonical\" href=\"https:\/\/assamcongress.com\/tr\/4ncu-uluslararasi-assam-islam-birligi-kongresi-asrika-konfederasyonu-savunma-sistemi\/\" \/>\n<meta property=\"og:locale\" content=\"tr_TR\" \/>\n<meta property=\"og:type\" content=\"article\" \/>\n<meta property=\"og:title\" content=\"4nc\u00fc Uluslararas\u0131 ASSAM \u0130slam Birli\u011fi Kongresi: ASR\u0130KA Konfederasyonu Savunma Sistemi - ASSAM Congress\" \/>\n<meta property=\"og:description\" content=\"D\u00d6RD\u00dcNC\u00dc ULUSLARARASI ASSAM \u0130SLAM B\u0130RL\u0130\u011e\u0130 KONGRE\u00a0BEYANNAMES\u0130 GENEL Uluslararas\u0131 ASSAM \u0130slam Birli\u011fi Kongrelerinin amac\u0131; \u0130slam \u00dclkeleri Co\u011frafyas\u0131 ba\u015fta olmak \u00fczere d\u00fcnya siyasetinde g\u00fcncel sorunlarla ilgili olarak akademik ve siyasal bir zemin \u00fczerinde tespitler yapmak, \u0130sl\u00e2m \u00dclkelerinin bir irade alt\u0131nda toplanmas\u0131 i\u00e7in gerekli m\u00fcesseseleri ve bu m\u00fcesseseler i\u00e7in gerekli mevzuat hakk\u0131nda karar vericilere bir hal tarz\u0131 sunmakt\u0131r. [&hellip;]\" \/>\n<meta property=\"og:url\" content=\"https:\/\/assamcongress.com\/tr\/4ncu-uluslararasi-assam-islam-birligi-kongresi-asrika-konfederasyonu-savunma-sistemi\/\" \/>\n<meta property=\"og:site_name\" content=\"ASSAM Congress\" \/>\n<meta property=\"article:publisher\" content=\"https:\/\/facebook.com\/assamcongresses\" \/>\n<meta property=\"article:published_time\" content=\"2020-03-09T13:58:15+00:00\" \/>\n<meta name=\"author\" content=\"ASSAM Web Admin\" \/>\n<meta name=\"twitter:card\" content=\"summary_large_image\" \/>\n<meta name=\"twitter:creator\" content=\"@assamcongresses\" \/>\n<meta name=\"twitter:site\" content=\"@assamcongresses\" \/>\n<meta name=\"twitter:label1\" content=\"Yazan:\" \/>\n\t<meta name=\"twitter:data1\" content=\"ASSAM Web Admin\" \/>\n\t<meta name=\"twitter:label2\" content=\"Tahmini okuma s\u00fcresi\" \/>\n\t<meta name=\"twitter:data2\" content=\"10 dakika\" \/>\n<script type=\"application\/ld+json\" class=\"yoast-schema-graph\">{\"@context\":\"https:\/\/schema.org\",\"@graph\":[{\"@type\":\"Article\",\"@id\":\"https:\/\/assamcongress.com\/tr\/4ncu-uluslararasi-assam-islam-birligi-kongresi-asrika-konfederasyonu-savunma-sistemi\/#article\",\"isPartOf\":{\"@id\":\"https:\/\/assamcongress.com\/tr\/4ncu-uluslararasi-assam-islam-birligi-kongresi-asrika-konfederasyonu-savunma-sistemi\/\"},\"author\":{\"name\":\"ASSAM Web Admin\",\"@id\":\"https:\/\/assamcongress.com\/tr\/#\/schema\/person\/88ab876df3f064629243273a9d94ceed\"},\"headline\":\"4nc\u00fc Uluslararas\u0131 ASSAM \u0130slam Birli\u011fi Kongresi: ASR\u0130KA Konfederasyonu Savunma Sistemi\",\"datePublished\":\"2020-03-09T13:58:15+00:00\",\"mainEntityOfPage\":{\"@id\":\"https:\/\/assamcongress.com\/tr\/4ncu-uluslararasi-assam-islam-birligi-kongresi-asrika-konfederasyonu-savunma-sistemi\/\"},\"wordCount\":1944,\"commentCount\":0,\"publisher\":{\"@id\":\"https:\/\/assamcongress.com\/tr\/#organization\"},\"articleSection\":[\"Uncategorised\"],\"inLanguage\":\"tr\"},{\"@type\":\"WebPage\",\"@id\":\"https:\/\/assamcongress.com\/tr\/4ncu-uluslararasi-assam-islam-birligi-kongresi-asrika-konfederasyonu-savunma-sistemi\/\",\"url\":\"https:\/\/assamcongress.com\/tr\/4ncu-uluslararasi-assam-islam-birligi-kongresi-asrika-konfederasyonu-savunma-sistemi\/\",\"name\":\"4nc\u00fc Uluslararas\u0131 ASSAM \u0130slam Birli\u011fi Kongresi: ASR\u0130KA Konfederasyonu Savunma Sistemi - ASSAM Congress\",\"isPartOf\":{\"@id\":\"https:\/\/assamcongress.com\/tr\/#website\"},\"datePublished\":\"2020-03-09T13:58:15+00:00\",\"breadcrumb\":{\"@id\":\"https:\/\/assamcongress.com\/tr\/4ncu-uluslararasi-assam-islam-birligi-kongresi-asrika-konfederasyonu-savunma-sistemi\/#breadcrumb\"},\"inLanguage\":\"tr\",\"potentialAction\":[{\"@type\":\"ReadAction\",\"target\":[\"https:\/\/assamcongress.com\/tr\/4ncu-uluslararasi-assam-islam-birligi-kongresi-asrika-konfederasyonu-savunma-sistemi\/\"]}]},{\"@type\":\"BreadcrumbList\",\"@id\":\"https:\/\/assamcongress.com\/tr\/4ncu-uluslararasi-assam-islam-birligi-kongresi-asrika-konfederasyonu-savunma-sistemi\/#breadcrumb\",\"itemListElement\":[{\"@type\":\"ListItem\",\"position\":1,\"name\":\"Home\",\"item\":\"https:\/\/assamcongress.com\/tr\/\"},{\"@type\":\"ListItem\",\"position\":2,\"name\":\"4nc\u00fc Uluslararas\u0131 ASSAM \u0130slam Birli\u011fi Kongresi: ASR\u0130KA Konfederasyonu Savunma Sistemi\"}]},{\"@type\":\"WebSite\",\"@id\":\"https:\/\/assamcongress.com\/tr\/#website\",\"url\":\"https:\/\/assamcongress.com\/tr\/\",\"name\":\"ASSAM International Congresses\",\"description\":\"Adaleti Savunanlar Stratejik Ara\u015ft\u0131rmalar Merkezi\",\"publisher\":{\"@id\":\"https:\/\/assamcongress.com\/tr\/#organization\"},\"potentialAction\":[{\"@type\":\"SearchAction\",\"target\":{\"@type\":\"EntryPoint\",\"urlTemplate\":\"https:\/\/assamcongress.com\/tr\/?s={search_term_string}\"},\"query-input\":{\"@type\":\"PropertyValueSpecification\",\"valueRequired\":true,\"valueName\":\"search_term_string\"}}],\"inLanguage\":\"tr\"},{\"@type\":\"Organization\",\"@id\":\"https:\/\/assamcongress.com\/tr\/#organization\",\"name\":\"ASSAM - Justice Defenders Strategic Studies Center\",\"url\":\"https:\/\/assamcongress.com\/tr\/\",\"logo\":{\"@type\":\"ImageObject\",\"inLanguage\":\"tr\",\"@id\":\"https:\/\/assamcongress.com\/tr\/#\/schema\/logo\/image\/\",\"url\":\"https:\/\/assamcongress.com\/download\/2025\/09\/ASSAM-Logo-2023-1-scaled.png\",\"contentUrl\":\"https:\/\/assamcongress.com\/download\/2025\/09\/ASSAM-Logo-2023-1-scaled.png\",\"width\":2560,\"height\":2560,\"caption\":\"ASSAM - Justice Defenders Strategic Studies Center\"},\"image\":{\"@id\":\"https:\/\/assamcongress.com\/tr\/#\/schema\/logo\/image\/\"},\"sameAs\":[\"https:\/\/facebook.com\/assamcongresses\",\"https:\/\/x.com\/assamcongresses\",\"https:\/\/linkedin.com\/showcase\/assamcongresses\",\"http:\/\/youtube.com\/ASSAMCongress\",\"https:\/\/sosyal.teknofest.app\/@assam_der\"]},{\"@type\":\"Person\",\"@id\":\"https:\/\/assamcongress.com\/tr\/#\/schema\/person\/88ab876df3f064629243273a9d94ceed\",\"name\":\"ASSAM Web Admin\",\"image\":{\"@type\":\"ImageObject\",\"inLanguage\":\"tr\",\"@id\":\"https:\/\/assamcongress.com\/tr\/#\/schema\/person\/image\/\",\"url\":\"https:\/\/secure.gravatar.com\/avatar\/b64b9f9a11c3402664510c42229973ea79f05e8f86997d5123fb1c02cf533ea4?s=96&d=mm&r=g\",\"contentUrl\":\"https:\/\/secure.gravatar.com\/avatar\/b64b9f9a11c3402664510c42229973ea79f05e8f86997d5123fb1c02cf533ea4?s=96&d=mm&r=g\",\"caption\":\"ASSAM Web Admin\"},\"url\":\"https:\/\/assamcongress.com\/tr\/author\/assamkongre\/\"}]}<\/script>\n<!-- \/ Yoast SEO plugin. -->","yoast_head_json":{"title":"4nc\u00fc Uluslararas\u0131 ASSAM \u0130slam Birli\u011fi Kongresi: ASR\u0130KA Konfederasyonu Savunma Sistemi - ASSAM Congress","robots":{"index":"index","follow":"follow","max-snippet":"max-snippet:-1","max-image-preview":"max-image-preview:large","max-video-preview":"max-video-preview:-1"},"canonical":"https:\/\/assamcongress.com\/tr\/4ncu-uluslararasi-assam-islam-birligi-kongresi-asrika-konfederasyonu-savunma-sistemi\/","og_locale":"tr_TR","og_type":"article","og_title":"4nc\u00fc Uluslararas\u0131 ASSAM \u0130slam Birli\u011fi Kongresi: ASR\u0130KA Konfederasyonu Savunma Sistemi - ASSAM Congress","og_description":"D\u00d6RD\u00dcNC\u00dc ULUSLARARASI ASSAM \u0130SLAM B\u0130RL\u0130\u011e\u0130 KONGRE\u00a0BEYANNAMES\u0130 GENEL Uluslararas\u0131 ASSAM \u0130slam Birli\u011fi Kongrelerinin amac\u0131; \u0130slam \u00dclkeleri Co\u011frafyas\u0131 ba\u015fta olmak \u00fczere d\u00fcnya siyasetinde g\u00fcncel sorunlarla ilgili olarak akademik ve siyasal bir zemin \u00fczerinde tespitler yapmak, \u0130sl\u00e2m \u00dclkelerinin bir irade alt\u0131nda toplanmas\u0131 i\u00e7in gerekli m\u00fcesseseleri ve bu m\u00fcesseseler i\u00e7in gerekli mevzuat hakk\u0131nda karar vericilere bir hal tarz\u0131 sunmakt\u0131r. [&hellip;]","og_url":"https:\/\/assamcongress.com\/tr\/4ncu-uluslararasi-assam-islam-birligi-kongresi-asrika-konfederasyonu-savunma-sistemi\/","og_site_name":"ASSAM Congress","article_publisher":"https:\/\/facebook.com\/assamcongresses","article_published_time":"2020-03-09T13:58:15+00:00","author":"ASSAM Web Admin","twitter_card":"summary_large_image","twitter_creator":"@assamcongresses","twitter_site":"@assamcongresses","twitter_misc":{"Yazan:":"ASSAM Web Admin","Tahmini okuma s\u00fcresi":"10 dakika"},"schema":{"@context":"https:\/\/schema.org","@graph":[{"@type":"Article","@id":"https:\/\/assamcongress.com\/tr\/4ncu-uluslararasi-assam-islam-birligi-kongresi-asrika-konfederasyonu-savunma-sistemi\/#article","isPartOf":{"@id":"https:\/\/assamcongress.com\/tr\/4ncu-uluslararasi-assam-islam-birligi-kongresi-asrika-konfederasyonu-savunma-sistemi\/"},"author":{"name":"ASSAM Web Admin","@id":"https:\/\/assamcongress.com\/tr\/#\/schema\/person\/88ab876df3f064629243273a9d94ceed"},"headline":"4nc\u00fc Uluslararas\u0131 ASSAM \u0130slam Birli\u011fi Kongresi: ASR\u0130KA Konfederasyonu Savunma Sistemi","datePublished":"2020-03-09T13:58:15+00:00","mainEntityOfPage":{"@id":"https:\/\/assamcongress.com\/tr\/4ncu-uluslararasi-assam-islam-birligi-kongresi-asrika-konfederasyonu-savunma-sistemi\/"},"wordCount":1944,"commentCount":0,"publisher":{"@id":"https:\/\/assamcongress.com\/tr\/#organization"},"articleSection":["Uncategorised"],"inLanguage":"tr"},{"@type":"WebPage","@id":"https:\/\/assamcongress.com\/tr\/4ncu-uluslararasi-assam-islam-birligi-kongresi-asrika-konfederasyonu-savunma-sistemi\/","url":"https:\/\/assamcongress.com\/tr\/4ncu-uluslararasi-assam-islam-birligi-kongresi-asrika-konfederasyonu-savunma-sistemi\/","name":"4nc\u00fc Uluslararas\u0131 ASSAM \u0130slam Birli\u011fi Kongresi: ASR\u0130KA Konfederasyonu Savunma Sistemi - ASSAM Congress","isPartOf":{"@id":"https:\/\/assamcongress.com\/tr\/#website"},"datePublished":"2020-03-09T13:58:15+00:00","breadcrumb":{"@id":"https:\/\/assamcongress.com\/tr\/4ncu-uluslararasi-assam-islam-birligi-kongresi-asrika-konfederasyonu-savunma-sistemi\/#breadcrumb"},"inLanguage":"tr","potentialAction":[{"@type":"ReadAction","target":["https:\/\/assamcongress.com\/tr\/4ncu-uluslararasi-assam-islam-birligi-kongresi-asrika-konfederasyonu-savunma-sistemi\/"]}]},{"@type":"BreadcrumbList","@id":"https:\/\/assamcongress.com\/tr\/4ncu-uluslararasi-assam-islam-birligi-kongresi-asrika-konfederasyonu-savunma-sistemi\/#breadcrumb","itemListElement":[{"@type":"ListItem","position":1,"name":"Home","item":"https:\/\/assamcongress.com\/tr\/"},{"@type":"ListItem","position":2,"name":"4nc\u00fc Uluslararas\u0131 ASSAM \u0130slam Birli\u011fi Kongresi: ASR\u0130KA Konfederasyonu Savunma Sistemi"}]},{"@type":"WebSite","@id":"https:\/\/assamcongress.com\/tr\/#website","url":"https:\/\/assamcongress.com\/tr\/","name":"ASSAM International Congresses","description":"Adaleti Savunanlar Stratejik Ara\u015ft\u0131rmalar Merkezi","publisher":{"@id":"https:\/\/assamcongress.com\/tr\/#organization"},"potentialAction":[{"@type":"SearchAction","target":{"@type":"EntryPoint","urlTemplate":"https:\/\/assamcongress.com\/tr\/?s={search_term_string}"},"query-input":{"@type":"PropertyValueSpecification","valueRequired":true,"valueName":"search_term_string"}}],"inLanguage":"tr"},{"@type":"Organization","@id":"https:\/\/assamcongress.com\/tr\/#organization","name":"ASSAM - Justice Defenders Strategic Studies Center","url":"https:\/\/assamcongress.com\/tr\/","logo":{"@type":"ImageObject","inLanguage":"tr","@id":"https:\/\/assamcongress.com\/tr\/#\/schema\/logo\/image\/","url":"https:\/\/assamcongress.com\/download\/2025\/09\/ASSAM-Logo-2023-1-scaled.png","contentUrl":"https:\/\/assamcongress.com\/download\/2025\/09\/ASSAM-Logo-2023-1-scaled.png","width":2560,"height":2560,"caption":"ASSAM - Justice Defenders Strategic Studies Center"},"image":{"@id":"https:\/\/assamcongress.com\/tr\/#\/schema\/logo\/image\/"},"sameAs":["https:\/\/facebook.com\/assamcongresses","https:\/\/x.com\/assamcongresses","https:\/\/linkedin.com\/showcase\/assamcongresses","http:\/\/youtube.com\/ASSAMCongress","https:\/\/sosyal.teknofest.app\/@assam_der"]},{"@type":"Person","@id":"https:\/\/assamcongress.com\/tr\/#\/schema\/person\/88ab876df3f064629243273a9d94ceed","name":"ASSAM Web Admin","image":{"@type":"ImageObject","inLanguage":"tr","@id":"https:\/\/assamcongress.com\/tr\/#\/schema\/person\/image\/","url":"https:\/\/secure.gravatar.com\/avatar\/b64b9f9a11c3402664510c42229973ea79f05e8f86997d5123fb1c02cf533ea4?s=96&d=mm&r=g","contentUrl":"https:\/\/secure.gravatar.com\/avatar\/b64b9f9a11c3402664510c42229973ea79f05e8f86997d5123fb1c02cf533ea4?s=96&d=mm&r=g","caption":"ASSAM Web Admin"},"url":"https:\/\/assamcongress.com\/tr\/author\/assamkongre\/"}]}},"_links":{"self":[{"href":"https:\/\/assamcongress.com\/tr\/wp-json\/wp\/v2\/posts\/279","targetHints":{"allow":["GET"]}}],"collection":[{"href":"https:\/\/assamcongress.com\/tr\/wp-json\/wp\/v2\/posts"}],"about":[{"href":"https:\/\/assamcongress.com\/tr\/wp-json\/wp\/v2\/types\/post"}],"author":[{"embeddable":true,"href":"https:\/\/assamcongress.com\/tr\/wp-json\/wp\/v2\/users\/13"}],"replies":[{"embeddable":true,"href":"https:\/\/assamcongress.com\/tr\/wp-json\/wp\/v2\/comments?post=279"}],"version-history":[{"count":0,"href":"https:\/\/assamcongress.com\/tr\/wp-json\/wp\/v2\/posts\/279\/revisions"}],"wp:attachment":[{"href":"https:\/\/assamcongress.com\/tr\/wp-json\/wp\/v2\/media?parent=279"}],"wp:term":[{"taxonomy":"category","embeddable":true,"href":"https:\/\/assamcongress.com\/tr\/wp-json\/wp\/v2\/categories?post=279"},{"taxonomy":"post_tag","embeddable":true,"href":"https:\/\/assamcongress.com\/tr\/wp-json\/wp\/v2\/tags?post=279"}],"curies":[{"name":"wp","href":"https:\/\/api.w.org\/{rel}","templated":true}]}}