{"id":282,"date":"2020-03-09T16:58:15","date_gmt":"2020-03-09T13:58:15","guid":{"rendered":"https:\/\/yeni.assamcongress.com\/5nci-uluslararasi-assam-i%cc%87slam-birligi-kongresi-asri%cc%87ka-konfederasyonu-dis-politika-stratejileri\/"},"modified":"2020-03-09T16:58:15","modified_gmt":"2020-03-09T13:58:15","slug":"5nci-uluslararasi-assam-i%cc%87slam-birligi-kongresi-asri%cc%87ka-konfederasyonu-dis-politika-stratejileri","status":"publish","type":"post","link":"https:\/\/assamcongress.com\/tr\/5nci-uluslararasi-assam-i%cc%87slam-birligi-kongresi-asri%cc%87ka-konfederasyonu-dis-politika-stratejileri\/","title":{"rendered":"5nci Uluslararas\u0131 ASSAM \u0130slam Birli\u011fi Kongresi: ASR\u0130KA Konfederasyonu D\u0131\u015f Politika Stratejileri"},"content":{"rendered":"<p style=\"text-align: center;\"><strong>BE\u015e\u0130NC\u0130 ULUSLARARASI ASSAM \u0130SLAM B\u0130RL\u0130\u011e\u0130 KONGRE\u00a0<\/strong><strong>BEYANNAMES\u0130<\/strong><\/p>\n<p style=\"text-align: justify;\"><strong>GENEL<\/strong><\/p>\n<p style=\"text-align: justify;\">Uluslararas\u0131 ASSAM \u0130slam Birli\u011fi Kongrelerinin amac\u0131; \u0130slam \u00dclkeleri Co\u011frafyas\u0131 ba\u015fta olmak \u00fczere d\u00fcnya siyasetinde g\u00fcncel sorunlarla ilgili olarak akademik ve siyasal bir zemin \u00fczerinde tespitler yapmak, <strong>\u0130sl\u00e2m \u00dclkelerinin bir irade alt\u0131nda toplanmas\u0131 i\u00e7in gerekli m\u00fcesseseleri ve bu m\u00fcesseseler i\u00e7in gerekli mevzuat hakk\u0131nda \u0130slam D\u00fcnyas\u0131na ve karar vericilere bir hal tarz\u0131 sunmakt\u0131r.<\/strong><\/p>\n<p style=\"text-align: justify;\"><strong>Uluslararas\u0131 ASSAM \u0130slam Birli\u011fi Kongrelerinin, <\/strong>Birincisine 27 \u0130sl\u00e2m \u00dclkesinden kat\u0131lan STK Temsilcileriyle yap\u0131lan isti\u015fare sonucunda s\u00fcreklili\u011finin sa\u011flanmas\u0131na karar verilmi\u015ftir.<\/p>\n<p style=\"text-align: justify;\"><strong>Devletlerin asl\u00ee faaliyet alanlar\u0131 <\/strong>da dikkate al\u0131narak, <strong>ilki 2017<\/strong>, <strong>ikincisi 2018, \u00fc\u00e7\u00fcnc\u00fcs\u00fc 2019, d\u00f6rd\u00fcnc\u00fcs\u00fc 2020 y\u0131l\u0131nda<\/strong> uygulanan ve her y\u0131l icra edilmesi planlanan <strong>&#8220;Uluslararas\u0131 ASSAM \u0130sl\u00e2m Birli\u011fi Kongreleri&#8221; serisinin, ge\u00e7mi\u015f y\u0131llarda uygulanan, <\/strong>bu y\u0131l ve m\u00fcteakip y\u0131llarda uygulanacak, <strong>ana konular\u0131<\/strong>;<\/p>\n<ul style=\"text-align: justify; list-style-type: circle;\">\n<li>\u0130slam Birli\u011fi i\u00e7in <strong>Y\u00f6netim \u015eekil ve Organlar\u0131 Mevzuat\u0131n\u0131n <\/strong>Tespiti <strong>(2017-Yap\u0131ld\u0131)<\/strong><\/li>\n<li>\u0130slam Birli\u011fi i\u00e7in <strong>Ekonomik \u0130\u015f Birli\u011fi Usul ve Esaslar\u0131n\u0131n <\/strong>Tespiti <strong>(2018-Yap\u0131ld\u0131)<\/strong><\/li>\n<li>\u0130sl\u00e2m Birli\u011fi i\u00e7in <strong>Savunma Sanayi \u0130\u015f Birli\u011fi Usul ve Esaslar\u0131n\u0131n <\/strong>Tespiti <strong>(2019-Yap\u0131ld\u0131)<\/strong><\/li>\n<li>\u0130sl\u00e2m Birli\u011fi i\u00e7in <strong>Ortak Savunma Sistemi Usul ve Esaslar\u0131n\u0131n <\/strong>Tespiti <strong>(2020-Yap\u0131ld\u0131)<\/strong><\/li>\n<li><span style=\"color: #ff0000;\">\u0130sl\u00e2m Birli\u011fi i\u00e7in <strong>M\u00fc\u015fterek D\u0131\u015f Politika Usul ve Esaslar\u0131n\u0131n <\/strong>Tespiti (2021)<\/span><\/li>\n<li>\u0130sl\u00e2m Birli\u011fi i\u00e7in <strong>M\u00fc\u015fterek Adalet Sistemi Usul ve Esaslar\u0131n\u0131n <\/strong>Tespiti (2022),<\/li>\n<li>\u0130sl\u00e2m Birli\u011fi i\u00e7in <strong>Ortak Asayi\u015f ve G\u00fcvenlik Usul ve Esaslar\u0131n\u0131n <\/strong>Tespiti (2023),<\/li>\n<\/ul>\n<p style=\"text-align: justify;\">\u00a0<\/p>\n<p style=\"text-align: justify;\">\u015eeklinde se\u00e7ilmi\u015f ve sonunda <strong>\u0130slam \u00dclkelerinin bir irade alt\u0131nda toplanmas\u0131 i\u00e7in gereken m\u00fcesseseler ve bu m\u00fcesseselerin mevzuat\u0131n\u0131n bir model olarak ortaya konulmas\u0131 <\/strong>ama\u00e7lanm\u0131\u015ft\u0131r.<\/p>\n<p style=\"text-align: justify;\"><strong>Kongrenin birincisi ASSAM\u2019\u0131n merkezi olan \u0130stanbul\u2019da<\/strong><strong>, \u00dcsk\u00fcdar \u00dcniversitesi, Adaleti Savunanlar Derne\u011fi (ASDER) ve \u0130slam D\u00fcnyas\u0131 Sivil Toplum Kurulu\u015flar\u0131 Birli\u011finin (\u0130DSB) i\u015f birli\u011fi ile <\/strong><strong>23-24 Kas\u0131m 2017 tarihinde yap\u0131lm\u0131\u015ft\u0131r.<\/strong><\/p>\n<p style=\"text-align: justify;\">Birinci Uluslararas\u0131 <strong>ASSAM<\/strong> \u0130sl\u00e2m Birli\u011fi Kongresine <strong>27 \u0130sl\u00e2m \u00dclkesinden Sivil Toplum Kurulu\u015fu Temsilcisi ve akademisyen <\/strong>kat\u0131lm\u0131\u015f olup, <strong>11 \u00dclkeden 31 akademisyen <\/strong>taraf\u0131ndan bildiri \u00f6zetleri sunulmu\u015f ve bildiriler <strong>ASSAM Kongre web sitesinde yay\u0131nlanm\u0131\u015ft\u0131r<\/strong>. <strong>(<a href=\"#_edn1\" name=\"_ednref1\">[i]<\/a>)\u00a0<\/strong>Kongre sonucunda <strong>\u201c\u0130sl\u00e2m \u00dclkeleri Parlamentosu\u201d<\/strong> kurulmas\u0131 ve her \u0130sl\u00e2m \u00dclkesinin Bakanlar kurulunda <strong>\u201c\u0130sl\u00e2m Birli\u011fi Bakanl\u0131\u011f\u0131\u201d <\/strong>ihdas edilmesi gerekti\u011fi kanaatine var\u0131lm\u0131\u015f ve ASSAM Y\u00f6netim Kurulunca onaylanan <strong>\u201c\u0130sl\u00e2m \u00dclkeleri Konfederasyonu Deklarasyonu<\/strong>\u201d <strong>29\u2019u \u0130slam \u00fclkelerinden 80\u2019i T\u00fcrkiye\u2019den olmak \u00fczere 109 STK yetkilisi taraf\u0131ndan da imzalanarak <\/strong>bas\u0131n vas\u0131tas\u0131yla d\u00fcnya kamuoyuna duyurulmu\u015ftur. <strong>(<a href=\"#_edn2\" name=\"_ednref2\">[ii]<\/a>)<\/strong><\/p>\n<p style=\"text-align: justify;\">Ayr\u0131ca bildirilerde vurgulanan h\u00fck\u00fcmler dikkate al\u0131narak <strong>\u0130sl\u00e2m \u00dclkeleri konfederasyonu i\u00e7in model bir Anayasa tasla\u011f\u0131 haz\u0131rlanm\u0131\u015ft\u0131r<\/strong>. <strong>(<a href=\"#_edn3\" name=\"_ednref3\">[iii]<\/a>)<\/strong><\/p>\n<p style=\"text-align: justify;\"><strong>Kongremizin ikincisi yine ASSAM\u2019\u0131n merkezi olan \u0130stanbul\u2019da \u00dcsk\u00fcdar \u00dcniversitesi, <\/strong><strong>Adaleti Savunanlar Derne\u011fi, \u0130slam D\u00fcnyas\u0131 STK Birli\u011fi (\u0130DSB) ve Uluslararas\u0131 M\u00fcsl\u00fcman \u00c2limler Birli\u011fi <\/strong>(<strong>International Union of Muslim Scholars) IUMS\u2019nin i\u015f birli\u011fi ile 1-2 Kas\u0131m 2018 tarihinde yap\u0131lm\u0131\u015ft\u0131r.<\/strong><\/p>\n<p style=\"text-align: justify;\">\u0130kinci Uluslararas\u0131 ASSAM \u0130slam Birli\u011fi Kongresine; <strong>29 \u0130slam \u00dclkesinden Sivil Toplum Kurulu\u015fu temsilcisi ve akademisyen<\/strong> kat\u0131lm\u0131\u015f, <strong>15 \u00dclkeden 66 akademisyen<\/strong> taraf\u0131ndan <strong>58 bildiri<\/strong> sunulmu\u015f, bildiriler <strong>ASSAM <\/strong>Uluslararas\u0131 Hakemli Dergisinde (<strong>ASSAM-UHAD) <\/strong>ve <strong>ASSAM WEB Sitesinde elektronik ortamda yay\u0131nlanm\u0131\u015ft\u0131r.<\/strong><\/p>\n<p style=\"text-align: justify;\">\u0130kinci Kongrede sunulan bildiriler ve Kongre sonu\u00e7 raporu dikkate al\u0131narak, birinci kongre deklarasyonunu da kapsayacak \u015fekilde ikinci kongre deklarasyonu haz\u0131rlanm\u0131\u015f, karar verici mekanizmalara, \u0130sl\u00e2m D\u00fcnyas\u0131ndan t\u00fcm davetli ve kat\u0131l\u0131mc\u0131lara ve d\u00fcnya kamuoyuna sunulmu\u015f ve ASSAM WEB Sitemizde yay\u0131nlanm\u0131\u015ft\u0131r. <strong>(<\/strong><a href=\"#_edn4\" name=\"_ednref4\"><strong>[iv]<\/strong><\/a><strong>)<\/strong><\/p>\n<p style=\"text-align: justify;\">\u00dc\u00e7\u00fcnc\u00fc Uluslararas\u0131 ASSAM \u0130slam Birli\u011fi kongresine 45 \u0130slam \u00dclkesinden Sivil Toplum Kurulu\u015fu Temsilcileri ve akademisyenler kat\u0131lm\u0131\u015f olup, 10 \u00fclkeden 57 akademisyen taraf\u0131ndan 58 bildiri sunulmu\u015ftur. Kongre sonu\u00e7 deklarasyonu (<a href=\"#_edn5\" name=\"_ednref5\"><strong>[v]<\/strong><\/a>) ve bildiri \u00f6zetleri (<a href=\"#_edn6\" name=\"_ednref6\"><strong>[vi]<\/strong><\/a>) ASSAM Kongre web sitesinde yay\u0131nlanm\u0131\u015ft\u0131r.<\/p>\n<p style=\"text-align: justify;\">4\u2019\u00fcnc\u00fc Uluslararas\u0131 ASSAM \u0130slam Birli\u011fi Kongresi; \u0130stanbul\u2019da, \u00dcsk\u00fcdar \u00dcniversitesi (\u00dc\u00dc), K\u00fctahya Dumlup\u0131nar \u00dcniversitesi (KDU), Adaleti Savunanlar Derne\u011fi (ASDER) ve \u0130DSB \u0130slam D\u00fcnyas\u0131 STK Birli\u011fi i\u015ftirakiyle 12 Aral\u0131k 2020 tarihinde pandemi tedbirleri kapsam\u0131nda video-konferans y\u00f6ntemi ile \u0130sl\u00e2m Birli\u011fi \u0130\u00e7in Ortak Savunma Sistemi Usul ve Esaslar\u0131n\u0131n Tespiti, \u201cASR\u0130KA Konfederasyonu Savunma Sistemi\u201d ana temas\u0131 alt\u0131nda yap\u0131lm\u0131\u015ft\u0131r.<\/p>\n<p style=\"text-align: justify;\">D\u00f6rd\u00fcnc\u00fc Uluslararas\u0131 ASSAM \u0130slam Birli\u011fi Kongresinde 15 \u0130slam \u00dclkesinden 28 Akademisyen 27 bildiri sunmu\u015ftur. Birinci, ikinci ve \u00fc\u00e7\u00fcnc\u00fc kongre bildirgelerini de kapsayacak \u015fekilde Kongre Bildirgesi (<a href=\"#_edn7\" name=\"_ednref7\">[vii]<\/a>) ve Bildiri \u00d6zetleri (<a href=\"#_edn8\" name=\"_ednref8\">[viii]<\/a>) ile Bildiri Tam Metin Kitab\u0131 (<a href=\"#_edn9\" name=\"_ednref9\">[ix]<\/a>) ASSAM Kongre WEB sitemizde yay\u0131nlanm\u0131\u015ft\u0131r.<\/p>\n<p style=\"text-align: justify;\"><strong>5\u2019inci Uluslararas\u0131 ASSAM \u0130slam Birli\u011fi Kongremiz 18-19 Aral\u0131k 2021 tarihlerinde video-konferans<\/strong> <strong>y\u00f6ntemi uygulanarak \u0130stanbul\u2019da,<\/strong> \u00dcsk\u00fcdar \u00dcniversitesi (\u00dc\u00dc), K\u00fctahya Dumlup\u0131nar \u00dcniversitesi (KDU), Adaleti Savunanlar Derne\u011fi (ASDER), \u0130DSB \u0130slam D\u00fcnyas\u0131 STK Birli\u011fi ve Pakistan CASS Havac\u0131l\u0131k ve G\u00fcvenlik Ara\u015ft\u0131rmalar\u0131 Merkezi i\u015ftirakiyle \u0130sl\u00e2m Birli\u011fi i\u00e7in M\u00fc\u015fterek D\u0131\u015f Politika Usul ve Esaslar\u0131n\u0131n Tespiti \u201cASR\u0130KA Konfederasyonu D\u0131\u015f Politika Stratejisi\u201d ana temas\u0131yla yap\u0131lacakt\u0131r.<\/p>\n<p style=\"text-align: justify;\">M\u00fcteakip kongrelerin <strong>ASSAM <\/strong>b\u00fcnyesinde ve koordinat\u00f6rl\u00fc\u011f\u00fcnde \u0130sl\u00e2m \u00fclkelerinin STK\u2019lar\u0131yla i\u015f birli\u011fi halinde farkl\u0131 \u00fclkelerde yap\u0131lmas\u0131 planlanmaktad\u0131r.<\/p>\n<p style=\"text-align: justify;\">Kongre dili T\u00fcrk\u00e7e, \u0130ngilizce ve Arap\u00e7a olacakt\u0131r. Bildirilerin sunumunda sim\u00fcltane terc\u00fcme yap\u0131lacakt\u0131r. Bildiri \u00f6zetleri ve bildiriler kitap haline getirilerek ASSAM WEB Sitesinde, Bildiriler de ayr\u0131ca <strong>ASSAM <\/strong>Uluslararas\u0131 Hakemli Dergide (<strong>ASSAM-UHAD<\/strong>), elektronik ortamda yay\u0131nlanacakt\u0131r. \u0130craya d\u00f6n\u00fck olarak haz\u0131rlanacak Kongre Sonu\u00e7 Raporlar\u0131 da karar verici mekanizmalara ve \u0130sl\u00e2m D\u00fcnyas\u0131ndan t\u00fcm davetli ve kat\u0131l\u0131mc\u0131lara g\u00f6nderilecek ve ASSAM WEB Sitesinde yay\u0131nlanacakt\u0131r.<\/p>\n<p style=\"text-align: justify;\">\u00a0<\/p>\n<p style=\"text-align: justify;\"><strong>\u0130SL\u00c2M CO\u011eRAFYASININ JEOPOL\u0130T\u0130K DE\u011eER\u0130:<\/strong>\u00a0<\/p>\n<p style=\"text-align: justify;\">Birle\u015fmi\u015f Milletler Te\u015fkil\u00e2t\u0131na \u00fcye 193 Devlet\u2019in 61\u2019ine <em>(\u00dcye Say\u0131s\u0131n\u0131n %31\u2019i)<\/em>, 7,8 milyarl\u0131k D\u00fcnya N\u00fcfusunun 1,894 Milyar\u0131na (<em>D\u00fcnya N\u00fcfusunun %24,1\u2019i)<\/em>, 150 milyon Km2 olan d\u00fcnya karalar\u0131n\u0131n 30,848 milyon Km2\u2019sine <em>(D\u00fcnya Karalar\u0131n\u0131n %20,6\u2019s\u0131na) <\/em>sahip olan 61 \u0130sl\u00e2m \u00dclkesinin sahip oldu\u011fu <strong>\u0130sl\u00e2m Co\u011frafyas\u0131, kendi aralar\u0131ndaki s\u0131n\u0131rlar yok say\u0131ld\u0131\u011f\u0131nda olu\u015fturduklar\u0131 blok ile:<\/strong><\/p>\n<ol style=\"text-align: justify;\">\n<li>D\u00fcnya adas\u0131 olarak bilinen <strong>Asya, Avrupa ve Afrika K\u0131talar\u0131n\u0131n merkezinde bulunan<\/strong>,<\/li>\n<li>D\u00fcnyan\u0131n en b\u00fcy\u00fck i\u00e7 denizi konumundaki Akdeniz, K\u0131z\u0131l Deniz ve Karadeniz\u2019in giri\u015f kap\u0131lar\u0131 say\u0131lan <strong>Cebeli Tar\u0131k, Bab-El Mendeb, \u00c7anakkale ve \u0130stanbul bo\u011fazlar\u0131 ve S\u00fcvey\u015f Kanal\u0131n\u0131 kontrol eden,<\/strong><\/li>\n<li><strong>Atlas Okyanusu, Hint Okyanusu, Akdeniz, Karadeniz, K\u0131z\u0131ldeniz ve Hazar Denizine <\/strong>k\u0131y\u0131lar\u0131 olan,<\/li>\n<li><strong>Asya, Avrupa ve Afrika K\u0131talar\u0131na, Avrupa Birli\u011fi, Rusya, Hindistan, \u00c7in gibi k\u00fcresel g\u00fc\u00e7 say\u0131lan D\u00fcnyan\u0131n b\u00fcy\u00fck devletlerine <\/strong>kara ve denizden, <strong>Amerika Birle\u015fik Devletleri\u2019ne <\/strong>denizden <strong>s\u0131n\u0131r kom\u015fusu olan<\/strong>,<\/li>\n<li>D\u00fcnya kara, hava ve deniz <strong>ula\u015f\u0131m yollar\u0131n\u0131n alternatifsiz merkezi <\/strong>olma imk\u00e2n\u0131na sahip bulunan,<\/li>\n<li>D\u00fcnya <strong>petrol rezervlerinin <\/strong>%55,5\u2019ine, <strong>\u00fcretiminin <\/strong>%46,5\u2019ine, <strong>do\u011falgaz rezervlerinin <\/strong>%64\u20191\u2019ine, \u00fcretiminin %34\u2019\u00fcne sahip olan,<\/li>\n<li><strong>Jeopolitik konumu, ortak medeniyet de\u011ferleri ve tarihi birikimi ile imk\u00e2n, gayret ve hedeflerini birle\u015ftirerek gelece\u011fin s\u00fcper g\u00fcc\u00fc olmaya namzet potansiyel bir g\u00fcce sahip bulunmaktad\u0131r<\/strong>.<\/li>\n<\/ol>\n<p style=\"text-align: justify;\"><strong>\u00a0<\/strong><\/p>\n<p style=\"text-align: justify;\"><strong>\u0130SLAM D\u00dcNYASININ MARUZ KALDI\u011eI K\u00dcRESEL SALDIRILAR<\/strong><\/p>\n<p style=\"text-align: justify;\">Egemen olmas\u0131 gerekti\u011fi Co\u011frafyas\u0131nda <strong>\u0130sl\u00e2m D\u00fcnyas\u0131<\/strong>, her bir \u0130slam \u00dclkesinin \u00fcniter yap\u0131lar\u0131n\u0131n i\u00e7indeki etnik ve mezhepsel farkl\u0131l\u0131\u011fa sahip unsurlar\u0131n\u0131n birbirleri ile sava\u015ft\u0131r\u0131ld\u0131\u011f\u0131, <strong>ilan edilmemi\u015f, gizli, sinsi, kirli ve asimetrik \u00dc\u00e7\u00fcnc\u00fc D\u00fcnya Sava\u015f\u0131n\u0131n <\/strong>alan\u0131 haline getirilmi\u015ftir.<\/p>\n<p style=\"text-align: justify;\">T\u00fcrkiye\u2019yi ve \u0130sl\u00e2m Co\u011frafyas\u0131n\u0131 kan ve g\u00f6zya\u015f\u0131na bo\u011fan ve harabe haline getiren; <strong>Afganistan\u2019da<\/strong>\u00a0El Kaide; <strong>Nijerya\u2019da <\/strong>Boko Haram, <strong>Orta Afrika<\/strong>\u2019da Anti Balaka, <strong>T\u00fcrkiye\u2019de <\/strong>Devrimci Halk Kurtulu\u015f Cephesi (DHKP-C), T\u00fcrkiye Kom\u00fcnist Partisi\/Marksist Leninist (TKP\/ML), PKK, PYD, FET\u00d6\/PDY, <strong>Suriye\u2019de <\/strong>El Nusra Cephesi, DEA\u015e, HT\u015e, silahl\u0131 ter\u00f6r \u00f6rg\u00fctleri k\u00fcresel g\u00fc\u00e7lerin kontrol ve deste\u011finde faaliyet g\u00f6stermektedirler.<\/p>\n<p style=\"text-align: justify;\"><strong>Sahip oldu\u011fu avantajlara ra\u011fmen \u0130slam \u00fclkeleri<\/strong>, emperyalist bat\u0131 devletlerinin m\u00fcdahaleleri ile b\u00fcy\u00fck bir karga\u015fa i\u00e7ine d\u00fc\u015fm\u00fc\u015ft\u00fcr. Bu karga\u015fan\u0131n sonucu olarak \u0130slam co\u011frafyas\u0131nda b\u00fcy\u00fck ac\u0131lar ve y\u0131k\u0131mlar ya\u015fanmaktad\u0131r. Milyonlarca M\u00fcsl\u00fcman evlerini, yurtlar\u0131n\u0131 terk etmek veya \u00f6lmek aras\u0131nda tercih yapmak zorunda b\u0131rak\u0131lmaktad\u0131r. G\u00f6\u00e7 yollar\u0131nda binlerce M\u00fcsl\u00fcman \u00e7e\u015fitli \u015fekillerde \u00f6lmekte, g\u00f6\u00e7 etmeyi ba\u015faranlar ise yoksulluk ve sefalet i\u00e7inde ya\u015famaya mahk\u00fbm b\u0131rak\u0131lmaktad\u0131r.<\/p>\n<p style=\"text-align: justify;\">Birle\u015fmi\u015f milletler m\u00fclteciler y\u00fcksek komiserli\u011finin resmi verilerine g\u00f6re 2021 y\u0131l\u0131 itibari ile resmi kay\u0131tlara g\u00f6re d\u00fcnya \u00fczerinde 6,6 Milyon Suriye vatanda\u015f\u0131 g\u00f6\u00e7 etmi\u015ftir. (<a href=\"#_edn10\" name=\"_ednref10\">[x]<\/a>) Kay\u0131t alt\u0131na al\u0131namayan m\u00fcltecilerle bu rakam daha da y\u00fckselmektedir. Suriyeli M\u00fclteciler T\u00fcrkiye (3.645.140), Irak (242.163), \u00dcrd\u00fcn (662.790), M\u0131s\u0131r (130.577), L\u00fcbnan (865.531) ve Kuzey Afrika\u2019da di\u011fer yerlere (31.657) g\u00f6\u00e7 etmi\u015ftir. Bu rakamlar\u0131n d\u0131\u015f\u0131nda yo\u011fun bir \u015fekilde Avrupa\u2019ya g\u00f6\u00e7 giri\u015fimleri olmakta ve b\u00fcy\u00fck bir k\u0131sm\u0131 Akdeniz\u2019de ya\u015famlar\u0131n\u0131 yitirmektedir. Bu olumsuzluklara ra\u011fmen Nisan 2011 y\u0131l\u0131ndan Ocak 2021 y\u0131l\u0131na kadar Avrupa\u2019ya ge\u00e7en toplam kay\u0131tl\u0131 m\u00fclteci say\u0131s\u0131 ise 1.022.142 ki\u015fi olmu\u015ftur.<strong> (<a href=\"#_edn11\" name=\"_ednref11\">[xi]<\/a>)<\/strong><\/p>\n<p style=\"text-align: justify;\"><strong>\u00dc\u00e7\u00fcnc\u00fc D\u00fcnya Sava\u015f\u0131 \u0130slam \u00dclkelerine kar\u015f\u0131 ilan edilmemi\u015f bir sava\u015f (Hibrit Sava\u015f) olarak s\u00fcrd\u00fcr\u00fclmektedir<\/strong>. Osmanl\u0131&#8217;n\u0131n y\u0131k\u0131lmas\u0131ndan sonra y\u00f6netimsiz kalan M\u00fcsl\u00fcmanlar k\u00fc\u00e7\u00fck devlet\u00e7ikler kurarak varl\u0131klar\u0131n\u0131 devam ettirmeye \u00e7al\u0131\u015fm\u0131\u015f, ancak birlik ve beraberli\u011fini kaybettiklerinden k\u00fcresel g\u00fc\u00e7ler i\u00e7in kolay lokma haline gelmi\u015flerdir. <strong>Amerika Birle\u015fik Devletleri, Avrupa Birli\u011fi, \u0130ngiltere, Fransa, Rusya ve \u00c7in \u0130slam Co\u011frafyas\u0131n\u0131 ele ge\u00e7irmek i\u00e7in \u0130slam \u00dclkelerinde, kontrol ettikleri ter\u00f6r \u00f6rg\u00fctleri ve uygulad\u0131klar\u0131 asimetrik sava\u015f y\u00f6ntemleriyle vek\u00e2let sava\u015flar\u0131 y\u00fcr\u00fcterek<\/strong> otorite tesis etmeyi ama\u00e7lamaktad\u0131r.<\/p>\n<p style=\"text-align: justify;\">\u00a0<\/p>\n<p style=\"text-align: justify;\"><strong>BE\u015e\u0130NC\u0130 ULUSLARARASI ASSAM \u0130SLAM B\u0130RL\u0130\u011e\u0130 KONGRES\u0130<\/strong><\/p>\n<p style=\"text-align: justify;\">Kongremiz \u0130stanbul\u2019da, 18-19 Aral\u0131k 2021 tarihlerinde icra edilecektir. Kongremizde \u201c<strong>\u0130sl\u00e2m Birli\u011fi i\u00e7in M\u00fc\u015fterek D\u0131\u015f Politika Usul ve Esaslar\u0131n\u0131n Tespiti<\/strong>\u201d konusu \u201c<strong>ASR\u0130KA Konfederasyonu D\u0131\u015f Politika Stratejileri<\/strong>\u201d ana temas\u0131 alt\u0131nda incelenecektir.<\/p>\n<p style=\"text-align: justify;\">Be\u015finci Uluslararas\u0131 ASSAM \u0130sl\u00e2m Birli\u011fi Kongresine kat\u0131lacak akademisyenlerin sunacaklar\u0131 bildirilerin konular\u0131 a\u015fa\u011f\u0131daki ba\u015fl\u0131klar alt\u0131nda incelenecektir.\u00a0<\/p>\n<p style=\"text-align: justify;\">\u00a0<\/p>\n<p style=\"text-align: justify;\"><strong><u>KONGRE ALT BA\u015eLIKLARI <\/u><\/strong><\/p>\n<ol style=\"text-align: justify;\">\n<li><strong>ASR\u0130KA \u0130slam \u00dclkelerinin Jeopolitik Durumunun De\u011ferlendirilmesi<\/strong><\/li>\n<li><strong>K\u00fcreselle\u015fme ve Toplumlara Etkileri<\/strong><\/li>\n<li><strong>K\u00fcresel G\u00fc\u00e7lerin \u0130slam \u00dclkeleri \u00dczerindeki Emelleri ve \u0130zledikleri D\u0131\u015f Politika Stratejileri<\/strong>\n<ol style=\"list-style-type: lower-alpha;\">\n<li>\u0130slamofobi<\/li>\n<li>Do\u011fu T\u00fcrkistan Meselesi ve \u0130zlenmesi Gereken Politikalar<\/li>\n<li>Ke\u015fmir Meselesi ve \u0130zlenmesi Gereken Politikalar<\/li>\n<li>Afganistan Meselesi ve \u0130zlenmesi Gereken Politikalar<\/li>\n<li>Filistin Meselesi ve \u0130zlenmesi Gereken Politikalar<\/li>\n<li>L\u00fcbnan Meselesi ve \u0130zlenmesi Gereken Politikalar<\/li>\n<li>Yemen Meselesi ve \u0130zlenmesi Gereken Politikalar<\/li>\n<li>Irak Meselesi ve \u0130zlenmesi Gereken Politikalar<\/li>\n<li>Suriye Meselesi ve \u0130zlenmesi Gereken Politikalar<\/li>\n<li>Libya Meselesi ve \u0130zlenmesi Gereken Politikalar<\/li>\n<li>Sudan-Etiyopya Meselesi ve \u0130zlenmesi Gereken Politikalar<\/li>\n<li>KKTC ve Do\u011fu Akdeniz Meselesi ve \u0130zlenmesi Gereken Politikalar<\/li>\n<li>M\u00fcsl\u00fcman Afrika \u00dclkeleri \u00dczerinde K\u00fcresel G\u00fc\u00e7lerin \u0130zledikleri Politikalar<\/li>\n<\/ol>\n<\/li>\n<\/ol>\n<ol style=\"text-align: justify;\" start=\"4\">\n<li><strong>\u0130slam \u00dclkelerenin Aralar\u0131ndaki Sorunlar<\/strong>\n<ol style=\"list-style-type: lower-alpha;\">\n<li>BAE-Yemen<\/li>\n<li>Suudi Arabistan-Yemen<\/li>\n<li>\u0130ran-Yemen<\/li>\n<li>M\u0131s\u0131r-Libya<\/li>\n<li>Katar-K\u00f6rfez \u00dclkeleri<\/li>\n<li>Cezayir-Fas-Bat\u0131 Sahra Meselesi ve \u0130zlenmesi Gereken Politikalar<\/li>\n<\/ol>\n<\/li>\n<\/ol>\n<ol style=\"text-align: justify;\" start=\"5\">\n<li><strong>\u0130slam \u00dclkelerinin Uluslararas\u0131 Sorunlar\u0131n\u0131 \u00c7\u00f6zebilecek Kurulu\u015flar, Etkinlikleri ve Yetkinlikleri<\/strong>\n<ol style=\"list-style-type: lower-alpha;\">\n<li>\u0130slam \u0130\u015f Birli\u011fi Te\u015fkilat\u0131<\/li>\n<li>Arap Birli\u011fi<\/li>\n<li>Afrika Birli\u011fi<\/li>\n<li>T\u00fcrk Konseyi<\/li>\n<\/ol>\n<\/li>\n<\/ol>\n<ol style=\"text-align: justify;\" start=\"6\">\n<li><strong>\u0130slam \u00dclkelerinin M\u00fc\u015fterek ve M\u00fcnferit Sorunlar\u0131n\u0131n \u00c7\u00f6z\u00fcm\u00fcnde Uygulanmas\u0131na \u0130htiya\u00e7 Duyulan M\u00fcesselerin Olu\u015fum Esas ve Prensipleri<\/strong><\/li>\n<li><strong>Mutasavver ASR\u0130KA \u0130slam \u00dclkeleri Konfederasyonunun D\u0131\u015f Politika Esas ve Prensipleri<\/strong><\/li>\n<\/ol>\n<p style=\"text-align: justify;\">\u00a0<\/p>\n<p style=\"text-align: center;\"><strong>BE\u015e\u0130NC\u0130 ULUSLARARASI ASSAM \u0130SLAM B\u0130RL\u0130\u011e\u0130<\/strong><\/p>\n<p style=\"text-align: center;\"><strong>KONGRES\u0130 PROGRAMI<\/strong><\/p>\n<p style=\"text-align: justify;\"><strong>\u00d6NEML\u0130 TAR\u0130HLER<\/strong><\/p>\n<ol style=\"text-align: justify;\">\n<li>\u00d6zet g\u00f6nderme son tarihi\u00a0 \u00a0 \u00a0 \u00a0 \u00a0 \u00a0 \u00a0 \u00a0 \u00a0 : 30 Temmuz 2021<\/li>\n<li>Kabul edilen \u00f6zetlerin duyurusu\u00a0 \u00a0 \u00a0 \u00a0 : 30 A\u011fustos 2021<\/li>\n<li>Tam metinlerin son g\u00f6nderme tarihi\u00a0 : 30 Eyl\u00fcl 2021<\/li>\n<li><span style=\"color: #ff0000;\"><strong>KONGRE TAR\u0130H\u0130\u00a0 \u00a0 \u00a0 \u00a0 \u00a0 \u00a0 \u00a0 \u00a0 \u00a0 \u00a0 \u00a0 \u00a0 \u00a0 \u00a0 \u00a0 : 18-19 Aral\u0131k 2021<\/strong><\/span><\/li>\n<\/ol>\n<p style=\"text-align: justify;\">\u00a0<\/p>\n<p style=\"text-align: justify;\"><strong><u>EKLER :<\/u><\/strong><\/p>\n<p style=\"text-align: justify;\">EK: -A: <strong>IV. ULUSLARARASI ASSAM \u0130SLAM B\u0130RL\u0130\u011e\u0130 KONGRE B\u0130LD\u0130RGES\u0130-12.12. 2020<\/strong><\/p>\n<p style=\"text-align: justify;\"><a href=\"#_ednref1\" name=\"_edn1\"><\/a>([i]) <a href=\"tr\/kongre\/assam-kongre-2017\/islam-birligi-kongresi-ozet-kitapcigi.html\" target=\"_blank\" rel=\"noopener noreferrer\">https:\/\/assamcongress.com\/tr\/kongre\/assam-kongre-2017\/islam-birligi-kongresi-ozet-kitapcigi.html<\/a><\/p>\n<p style=\"text-align: justify;\"><a href=\"#_ednref2\" name=\"_edn2\"><\/a>([ii]) <a href=\"tr\/kongre\/assam-kongre-2017\/kongre-17-deklarasyonu.html\" target=\"_blank\" rel=\"noopener noreferrer\">https:\/\/assamcongress.com\/tr\/kongre\/assam-kongre-2017\/kongre-17-deklarasyonu.html<\/a><\/p>\n<p style=\"text-align: justify;\"><a href=\"#_ednref3\" name=\"_edn3\"><\/a>([iii]) <a href=\"https:\/\/www.assamcongress.com\/tr\/kongre\/assam-kongre-2017\/konfederasyon-anayasasi.html\" target=\"_blank\" rel=\"noopener noreferrer\">https:\/\/www.assamcongress.com\/tr\/kongre\/assam-kongre-2017\/konfederasyon-anayasasi.html<\/a><\/p>\n<p style=\"text-align: justify;\"><a href=\"#_ednref4\" name=\"_edn4\"><\/a>([iv]) <a href=\"https:\/\/www.assamcongress.com\/tr\/kongre\/assam-kongre-2018\/kongre-18-deklarasyonu.html\" target=\"_blank\" rel=\"noopener noreferrer\">https:\/\/www.assamcongress.com\/tr\/kongre\/assam-kongre-2018\/kongre-18-deklarasyonu.html<\/a><\/p>\n<p style=\"text-align: justify;\"><a href=\"#_ednref5\" name=\"_edn5\"><\/a>([v]) <a href=\"tr\/kongre\/assam-kongre-2019\/kongre-19-deklarasyonu.html\" target=\"_blank\" rel=\"noopener noreferrer\">https:\/\/assamcongress.com\/tr\/kongre\/assam-kongre-2019\/kongre-19-deklarasyonu.html<\/a><\/p>\n<p style=\"text-align: justify;\"><a href=\"#_ednref6\" name=\"_edn6\"><\/a>([vi]) <a href=\"tr\/kongre\/assam-kongre-2019\/islam-birligi-kongresi-ozet-kitapcigi-19.html\" target=\"_blank\" rel=\"noopener noreferrer\">https:\/\/assamcongress.com\/tr\/kongre\/assam-kongre-2019\/islam-birligi-kongresi-ozet-kitapcigi-19.html<\/a><\/p>\n<p style=\"text-align: justify;\"><a href=\"#_ednref7\" name=\"_edn7\"><\/a>([vii]) <a href=\"tr\/kongre\/assam-kongre-2020\/kongre-bildirgesi.html\" target=\"_blank\" rel=\"noopener noreferrer\">https:\/\/assamcongress.com\/tr\/kongre\/assam-kongre-2020\/kongre-bildirgesi.html<\/a><\/p>\n<p style=\"text-align: justify;\"><a href=\"#_ednref8\" name=\"_edn8\"><\/a>([viii]) <a href=\"tr\/kongre\/assam-kongre-2020\/islam-birligi-kongresi-ozet-kitapcigi-20.html\" target=\"_blank\" rel=\"noopener noreferrer\">https:\/\/assamcongress.com\/tr\/kongre\/assam-kongre-2020\/islam-birligi-kongresi-ozet-kitapcigi-20.html<\/a><\/p>\n<p style=\"text-align: justify;\"><a href=\"#_ednref9\" name=\"_edn9\"><\/a>([ix])<a href=\"tr\/kongre\/assam-kongre-2020\/bildiri-kitapcigi.html\" target=\"_blank\" rel=\"noopener noreferrer\">https:\/\/assamcongress.com\/images\/4.Kongre\/20210128%204._Uluslararasi_ASSAM_Islam_Birligi_Kongresi_Bildiri_Tam_Metin_Kitabi.pdf<\/a><\/p>\n<p style=\"text-align: justify;\"><a href=\"#_ednref10\" name=\"_edn10\"><\/a>([x]) <a href=\"https:\/\/www.easo.europa.eu\/sites\/default\/files\/EASO-Asylum-Report-2020-Executive-Summary-TR.pdf\" target=\"_blank\" rel=\"noopener noreferrer\">https:\/\/www.easo.europa.eu\/sites\/default\/files\/EASO-Asylum-Report-2020-Executive-Summary-TR.pdf<\/a><\/p>\n<p style=\"text-align: justify;\"><a href=\"#_ednref11\" name=\"_edn11\"><\/a>([xi]) <a href=\"https:\/\/data2.unhcr.org\/en\/situations\/syria\" target=\"_blank\" rel=\"noopener noreferrer\">https:\/\/data2.unhcr.org\/en\/situations\/syria<\/a><\/p>\n<p style=\"text-align: justify;\">\u00a0<\/p>\n","protected":false},"excerpt":{"rendered":"<p>BE\u015e\u0130NC\u0130 ULUSLARARASI ASSAM \u0130SLAM B\u0130RL\u0130\u011e\u0130 KONGRE\u00a0BEYANNAMES\u0130 GENEL Uluslararas\u0131 ASSAM \u0130slam Birli\u011fi Kongrelerinin amac\u0131; \u0130slam \u00dclkeleri Co\u011frafyas\u0131 ba\u015fta olmak \u00fczere d\u00fcnya siyasetinde g\u00fcncel sorunlarla ilgili olarak akademik ve siyasal bir zemin \u00fczerinde tespitler yapmak, \u0130sl\u00e2m \u00dclkelerinin bir irade alt\u0131nda toplanmas\u0131 i\u00e7in gerekli m\u00fcesseseleri ve bu m\u00fcesseseler i\u00e7in gerekli mevzuat hakk\u0131nda \u0130slam D\u00fcnyas\u0131na ve karar vericilere bir [&hellip;]<\/p>\n","protected":false},"author":13,"featured_media":0,"comment_status":"open","ping_status":"open","sticky":false,"template":"","format":"standard","meta":{"_acf_changed":false,"footnotes":""},"categories":[270],"tags":[],"class_list":["post-282","post","type-post","status-publish","format-standard","hentry","category-uncategorised-tr"],"acf":[],"yoast_head":"<!-- This site is optimized with the Yoast SEO plugin v26.0 - https:\/\/yoast.com\/wordpress\/plugins\/seo\/ -->\n<title>5nci Uluslararas\u0131 ASSAM \u0130slam Birli\u011fi Kongresi: ASR\u0130KA Konfederasyonu D\u0131\u015f Politika Stratejileri - ASSAM Congress<\/title>\n<meta name=\"robots\" content=\"index, follow, max-snippet:-1, max-image-preview:large, max-video-preview:-1\" \/>\n<link rel=\"canonical\" href=\"https:\/\/assamcongress.com\/tr\/5nci-uluslararasi-assam-i%cc%87slam-birligi-kongresi-asri%cc%87ka-konfederasyonu-dis-politika-stratejileri\/\" \/>\n<meta property=\"og:locale\" content=\"tr_TR\" \/>\n<meta property=\"og:type\" content=\"article\" \/>\n<meta property=\"og:title\" content=\"5nci Uluslararas\u0131 ASSAM \u0130slam Birli\u011fi Kongresi: ASR\u0130KA Konfederasyonu D\u0131\u015f Politika Stratejileri - ASSAM Congress\" \/>\n<meta property=\"og:description\" content=\"BE\u015e\u0130NC\u0130 ULUSLARARASI ASSAM \u0130SLAM B\u0130RL\u0130\u011e\u0130 KONGRE\u00a0BEYANNAMES\u0130 GENEL Uluslararas\u0131 ASSAM \u0130slam Birli\u011fi Kongrelerinin amac\u0131; \u0130slam \u00dclkeleri Co\u011frafyas\u0131 ba\u015fta olmak \u00fczere d\u00fcnya siyasetinde g\u00fcncel sorunlarla ilgili olarak akademik ve siyasal bir zemin \u00fczerinde tespitler yapmak, \u0130sl\u00e2m \u00dclkelerinin bir irade alt\u0131nda toplanmas\u0131 i\u00e7in gerekli m\u00fcesseseleri ve bu m\u00fcesseseler i\u00e7in gerekli mevzuat hakk\u0131nda \u0130slam D\u00fcnyas\u0131na ve karar vericilere bir [&hellip;]\" \/>\n<meta property=\"og:url\" content=\"https:\/\/assamcongress.com\/tr\/5nci-uluslararasi-assam-i%cc%87slam-birligi-kongresi-asri%cc%87ka-konfederasyonu-dis-politika-stratejileri\/\" \/>\n<meta property=\"og:site_name\" content=\"ASSAM Congress\" \/>\n<meta property=\"article:publisher\" content=\"https:\/\/facebook.com\/assamcongresses\" \/>\n<meta property=\"article:published_time\" content=\"2020-03-09T13:58:15+00:00\" \/>\n<meta name=\"author\" content=\"ASSAM Web Admin\" \/>\n<meta name=\"twitter:card\" content=\"summary_large_image\" \/>\n<meta name=\"twitter:creator\" content=\"@assamcongresses\" \/>\n<meta name=\"twitter:site\" content=\"@assamcongresses\" \/>\n<meta name=\"twitter:label1\" content=\"Yazan:\" \/>\n\t<meta name=\"twitter:data1\" content=\"ASSAM Web Admin\" \/>\n\t<meta name=\"twitter:label2\" content=\"Tahmini okuma s\u00fcresi\" \/>\n\t<meta name=\"twitter:data2\" content=\"11 dakika\" \/>\n<script type=\"application\/ld+json\" class=\"yoast-schema-graph\">{\"@context\":\"https:\/\/schema.org\",\"@graph\":[{\"@type\":\"Article\",\"@id\":\"https:\/\/assamcongress.com\/tr\/5nci-uluslararasi-assam-i%cc%87slam-birligi-kongresi-asri%cc%87ka-konfederasyonu-dis-politika-stratejileri\/#article\",\"isPartOf\":{\"@id\":\"https:\/\/assamcongress.com\/tr\/5nci-uluslararasi-assam-i%cc%87slam-birligi-kongresi-asri%cc%87ka-konfederasyonu-dis-politika-stratejileri\/\"},\"author\":{\"name\":\"ASSAM Web Admin\",\"@id\":\"https:\/\/assamcongress.com\/tr\/#\/schema\/person\/88ab876df3f064629243273a9d94ceed\"},\"headline\":\"5nci Uluslararas\u0131 ASSAM \u0130slam Birli\u011fi Kongresi: ASR\u0130KA Konfederasyonu D\u0131\u015f Politika Stratejileri\",\"datePublished\":\"2020-03-09T13:58:15+00:00\",\"mainEntityOfPage\":{\"@id\":\"https:\/\/assamcongress.com\/tr\/5nci-uluslararasi-assam-i%cc%87slam-birligi-kongresi-asri%cc%87ka-konfederasyonu-dis-politika-stratejileri\/\"},\"wordCount\":2143,\"commentCount\":0,\"publisher\":{\"@id\":\"https:\/\/assamcongress.com\/tr\/#organization\"},\"articleSection\":[\"Uncategorised\"],\"inLanguage\":\"tr\"},{\"@type\":\"WebPage\",\"@id\":\"https:\/\/assamcongress.com\/tr\/5nci-uluslararasi-assam-i%cc%87slam-birligi-kongresi-asri%cc%87ka-konfederasyonu-dis-politika-stratejileri\/\",\"url\":\"https:\/\/assamcongress.com\/tr\/5nci-uluslararasi-assam-i%cc%87slam-birligi-kongresi-asri%cc%87ka-konfederasyonu-dis-politika-stratejileri\/\",\"name\":\"5nci Uluslararas\u0131 ASSAM \u0130slam Birli\u011fi Kongresi: ASR\u0130KA Konfederasyonu D\u0131\u015f Politika Stratejileri - ASSAM Congress\",\"isPartOf\":{\"@id\":\"https:\/\/assamcongress.com\/tr\/#website\"},\"datePublished\":\"2020-03-09T13:58:15+00:00\",\"breadcrumb\":{\"@id\":\"https:\/\/assamcongress.com\/tr\/5nci-uluslararasi-assam-i%cc%87slam-birligi-kongresi-asri%cc%87ka-konfederasyonu-dis-politika-stratejileri\/#breadcrumb\"},\"inLanguage\":\"tr\",\"potentialAction\":[{\"@type\":\"ReadAction\",\"target\":[\"https:\/\/assamcongress.com\/tr\/5nci-uluslararasi-assam-i%cc%87slam-birligi-kongresi-asri%cc%87ka-konfederasyonu-dis-politika-stratejileri\/\"]}]},{\"@type\":\"BreadcrumbList\",\"@id\":\"https:\/\/assamcongress.com\/tr\/5nci-uluslararasi-assam-i%cc%87slam-birligi-kongresi-asri%cc%87ka-konfederasyonu-dis-politika-stratejileri\/#breadcrumb\",\"itemListElement\":[{\"@type\":\"ListItem\",\"position\":1,\"name\":\"Home\",\"item\":\"https:\/\/assamcongress.com\/tr\/\"},{\"@type\":\"ListItem\",\"position\":2,\"name\":\"5nci Uluslararas\u0131 ASSAM \u0130slam Birli\u011fi Kongresi: ASR\u0130KA Konfederasyonu D\u0131\u015f Politika Stratejileri\"}]},{\"@type\":\"WebSite\",\"@id\":\"https:\/\/assamcongress.com\/tr\/#website\",\"url\":\"https:\/\/assamcongress.com\/tr\/\",\"name\":\"ASSAM International Congresses\",\"description\":\"Adaleti Savunanlar Stratejik Ara\u015ft\u0131rmalar Merkezi\",\"publisher\":{\"@id\":\"https:\/\/assamcongress.com\/tr\/#organization\"},\"potentialAction\":[{\"@type\":\"SearchAction\",\"target\":{\"@type\":\"EntryPoint\",\"urlTemplate\":\"https:\/\/assamcongress.com\/tr\/?s={search_term_string}\"},\"query-input\":{\"@type\":\"PropertyValueSpecification\",\"valueRequired\":true,\"valueName\":\"search_term_string\"}}],\"inLanguage\":\"tr\"},{\"@type\":\"Organization\",\"@id\":\"https:\/\/assamcongress.com\/tr\/#organization\",\"name\":\"ASSAM - Justice Defenders Strategic Studies Center\",\"url\":\"https:\/\/assamcongress.com\/tr\/\",\"logo\":{\"@type\":\"ImageObject\",\"inLanguage\":\"tr\",\"@id\":\"https:\/\/assamcongress.com\/tr\/#\/schema\/logo\/image\/\",\"url\":\"https:\/\/assamcongress.com\/download\/2025\/09\/ASSAM-Logo-2023-1-scaled.png\",\"contentUrl\":\"https:\/\/assamcongress.com\/download\/2025\/09\/ASSAM-Logo-2023-1-scaled.png\",\"width\":2560,\"height\":2560,\"caption\":\"ASSAM - Justice Defenders Strategic Studies Center\"},\"image\":{\"@id\":\"https:\/\/assamcongress.com\/tr\/#\/schema\/logo\/image\/\"},\"sameAs\":[\"https:\/\/facebook.com\/assamcongresses\",\"https:\/\/x.com\/assamcongresses\",\"https:\/\/linkedin.com\/showcase\/assamcongresses\",\"http:\/\/youtube.com\/ASSAMCongress\",\"https:\/\/sosyal.teknofest.app\/@assam_der\"]},{\"@type\":\"Person\",\"@id\":\"https:\/\/assamcongress.com\/tr\/#\/schema\/person\/88ab876df3f064629243273a9d94ceed\",\"name\":\"ASSAM Web Admin\",\"image\":{\"@type\":\"ImageObject\",\"inLanguage\":\"tr\",\"@id\":\"https:\/\/assamcongress.com\/tr\/#\/schema\/person\/image\/\",\"url\":\"https:\/\/secure.gravatar.com\/avatar\/b64b9f9a11c3402664510c42229973ea79f05e8f86997d5123fb1c02cf533ea4?s=96&d=mm&r=g\",\"contentUrl\":\"https:\/\/secure.gravatar.com\/avatar\/b64b9f9a11c3402664510c42229973ea79f05e8f86997d5123fb1c02cf533ea4?s=96&d=mm&r=g\",\"caption\":\"ASSAM Web Admin\"},\"url\":\"https:\/\/assamcongress.com\/tr\/author\/assamkongre\/\"}]}<\/script>\n<!-- \/ Yoast SEO plugin. -->","yoast_head_json":{"title":"5nci Uluslararas\u0131 ASSAM \u0130slam Birli\u011fi Kongresi: ASR\u0130KA Konfederasyonu D\u0131\u015f Politika Stratejileri - ASSAM Congress","robots":{"index":"index","follow":"follow","max-snippet":"max-snippet:-1","max-image-preview":"max-image-preview:large","max-video-preview":"max-video-preview:-1"},"canonical":"https:\/\/assamcongress.com\/tr\/5nci-uluslararasi-assam-i%cc%87slam-birligi-kongresi-asri%cc%87ka-konfederasyonu-dis-politika-stratejileri\/","og_locale":"tr_TR","og_type":"article","og_title":"5nci Uluslararas\u0131 ASSAM \u0130slam Birli\u011fi Kongresi: ASR\u0130KA Konfederasyonu D\u0131\u015f Politika Stratejileri - ASSAM Congress","og_description":"BE\u015e\u0130NC\u0130 ULUSLARARASI ASSAM \u0130SLAM B\u0130RL\u0130\u011e\u0130 KONGRE\u00a0BEYANNAMES\u0130 GENEL Uluslararas\u0131 ASSAM \u0130slam Birli\u011fi Kongrelerinin amac\u0131; \u0130slam \u00dclkeleri Co\u011frafyas\u0131 ba\u015fta olmak \u00fczere d\u00fcnya siyasetinde g\u00fcncel sorunlarla ilgili olarak akademik ve siyasal bir zemin \u00fczerinde tespitler yapmak, \u0130sl\u00e2m \u00dclkelerinin bir irade alt\u0131nda toplanmas\u0131 i\u00e7in gerekli m\u00fcesseseleri ve bu m\u00fcesseseler i\u00e7in gerekli mevzuat hakk\u0131nda \u0130slam D\u00fcnyas\u0131na ve karar vericilere bir [&hellip;]","og_url":"https:\/\/assamcongress.com\/tr\/5nci-uluslararasi-assam-i%cc%87slam-birligi-kongresi-asri%cc%87ka-konfederasyonu-dis-politika-stratejileri\/","og_site_name":"ASSAM Congress","article_publisher":"https:\/\/facebook.com\/assamcongresses","article_published_time":"2020-03-09T13:58:15+00:00","author":"ASSAM Web Admin","twitter_card":"summary_large_image","twitter_creator":"@assamcongresses","twitter_site":"@assamcongresses","twitter_misc":{"Yazan:":"ASSAM Web Admin","Tahmini okuma s\u00fcresi":"11 dakika"},"schema":{"@context":"https:\/\/schema.org","@graph":[{"@type":"Article","@id":"https:\/\/assamcongress.com\/tr\/5nci-uluslararasi-assam-i%cc%87slam-birligi-kongresi-asri%cc%87ka-konfederasyonu-dis-politika-stratejileri\/#article","isPartOf":{"@id":"https:\/\/assamcongress.com\/tr\/5nci-uluslararasi-assam-i%cc%87slam-birligi-kongresi-asri%cc%87ka-konfederasyonu-dis-politika-stratejileri\/"},"author":{"name":"ASSAM Web Admin","@id":"https:\/\/assamcongress.com\/tr\/#\/schema\/person\/88ab876df3f064629243273a9d94ceed"},"headline":"5nci Uluslararas\u0131 ASSAM \u0130slam Birli\u011fi Kongresi: ASR\u0130KA Konfederasyonu D\u0131\u015f Politika Stratejileri","datePublished":"2020-03-09T13:58:15+00:00","mainEntityOfPage":{"@id":"https:\/\/assamcongress.com\/tr\/5nci-uluslararasi-assam-i%cc%87slam-birligi-kongresi-asri%cc%87ka-konfederasyonu-dis-politika-stratejileri\/"},"wordCount":2143,"commentCount":0,"publisher":{"@id":"https:\/\/assamcongress.com\/tr\/#organization"},"articleSection":["Uncategorised"],"inLanguage":"tr"},{"@type":"WebPage","@id":"https:\/\/assamcongress.com\/tr\/5nci-uluslararasi-assam-i%cc%87slam-birligi-kongresi-asri%cc%87ka-konfederasyonu-dis-politika-stratejileri\/","url":"https:\/\/assamcongress.com\/tr\/5nci-uluslararasi-assam-i%cc%87slam-birligi-kongresi-asri%cc%87ka-konfederasyonu-dis-politika-stratejileri\/","name":"5nci Uluslararas\u0131 ASSAM \u0130slam Birli\u011fi Kongresi: ASR\u0130KA Konfederasyonu D\u0131\u015f Politika Stratejileri - ASSAM Congress","isPartOf":{"@id":"https:\/\/assamcongress.com\/tr\/#website"},"datePublished":"2020-03-09T13:58:15+00:00","breadcrumb":{"@id":"https:\/\/assamcongress.com\/tr\/5nci-uluslararasi-assam-i%cc%87slam-birligi-kongresi-asri%cc%87ka-konfederasyonu-dis-politika-stratejileri\/#breadcrumb"},"inLanguage":"tr","potentialAction":[{"@type":"ReadAction","target":["https:\/\/assamcongress.com\/tr\/5nci-uluslararasi-assam-i%cc%87slam-birligi-kongresi-asri%cc%87ka-konfederasyonu-dis-politika-stratejileri\/"]}]},{"@type":"BreadcrumbList","@id":"https:\/\/assamcongress.com\/tr\/5nci-uluslararasi-assam-i%cc%87slam-birligi-kongresi-asri%cc%87ka-konfederasyonu-dis-politika-stratejileri\/#breadcrumb","itemListElement":[{"@type":"ListItem","position":1,"name":"Home","item":"https:\/\/assamcongress.com\/tr\/"},{"@type":"ListItem","position":2,"name":"5nci Uluslararas\u0131 ASSAM \u0130slam Birli\u011fi Kongresi: ASR\u0130KA Konfederasyonu D\u0131\u015f Politika Stratejileri"}]},{"@type":"WebSite","@id":"https:\/\/assamcongress.com\/tr\/#website","url":"https:\/\/assamcongress.com\/tr\/","name":"ASSAM International Congresses","description":"Adaleti Savunanlar Stratejik Ara\u015ft\u0131rmalar Merkezi","publisher":{"@id":"https:\/\/assamcongress.com\/tr\/#organization"},"potentialAction":[{"@type":"SearchAction","target":{"@type":"EntryPoint","urlTemplate":"https:\/\/assamcongress.com\/tr\/?s={search_term_string}"},"query-input":{"@type":"PropertyValueSpecification","valueRequired":true,"valueName":"search_term_string"}}],"inLanguage":"tr"},{"@type":"Organization","@id":"https:\/\/assamcongress.com\/tr\/#organization","name":"ASSAM - Justice Defenders Strategic Studies Center","url":"https:\/\/assamcongress.com\/tr\/","logo":{"@type":"ImageObject","inLanguage":"tr","@id":"https:\/\/assamcongress.com\/tr\/#\/schema\/logo\/image\/","url":"https:\/\/assamcongress.com\/download\/2025\/09\/ASSAM-Logo-2023-1-scaled.png","contentUrl":"https:\/\/assamcongress.com\/download\/2025\/09\/ASSAM-Logo-2023-1-scaled.png","width":2560,"height":2560,"caption":"ASSAM - Justice Defenders Strategic Studies Center"},"image":{"@id":"https:\/\/assamcongress.com\/tr\/#\/schema\/logo\/image\/"},"sameAs":["https:\/\/facebook.com\/assamcongresses","https:\/\/x.com\/assamcongresses","https:\/\/linkedin.com\/showcase\/assamcongresses","http:\/\/youtube.com\/ASSAMCongress","https:\/\/sosyal.teknofest.app\/@assam_der"]},{"@type":"Person","@id":"https:\/\/assamcongress.com\/tr\/#\/schema\/person\/88ab876df3f064629243273a9d94ceed","name":"ASSAM Web Admin","image":{"@type":"ImageObject","inLanguage":"tr","@id":"https:\/\/assamcongress.com\/tr\/#\/schema\/person\/image\/","url":"https:\/\/secure.gravatar.com\/avatar\/b64b9f9a11c3402664510c42229973ea79f05e8f86997d5123fb1c02cf533ea4?s=96&d=mm&r=g","contentUrl":"https:\/\/secure.gravatar.com\/avatar\/b64b9f9a11c3402664510c42229973ea79f05e8f86997d5123fb1c02cf533ea4?s=96&d=mm&r=g","caption":"ASSAM Web Admin"},"url":"https:\/\/assamcongress.com\/tr\/author\/assamkongre\/"}]}},"_links":{"self":[{"href":"https:\/\/assamcongress.com\/tr\/wp-json\/wp\/v2\/posts\/282","targetHints":{"allow":["GET"]}}],"collection":[{"href":"https:\/\/assamcongress.com\/tr\/wp-json\/wp\/v2\/posts"}],"about":[{"href":"https:\/\/assamcongress.com\/tr\/wp-json\/wp\/v2\/types\/post"}],"author":[{"embeddable":true,"href":"https:\/\/assamcongress.com\/tr\/wp-json\/wp\/v2\/users\/13"}],"replies":[{"embeddable":true,"href":"https:\/\/assamcongress.com\/tr\/wp-json\/wp\/v2\/comments?post=282"}],"version-history":[{"count":0,"href":"https:\/\/assamcongress.com\/tr\/wp-json\/wp\/v2\/posts\/282\/revisions"}],"wp:attachment":[{"href":"https:\/\/assamcongress.com\/tr\/wp-json\/wp\/v2\/media?parent=282"}],"wp:term":[{"taxonomy":"category","embeddable":true,"href":"https:\/\/assamcongress.com\/tr\/wp-json\/wp\/v2\/categories?post=282"},{"taxonomy":"post_tag","embeddable":true,"href":"https:\/\/assamcongress.com\/tr\/wp-json\/wp\/v2\/tags?post=282"}],"curies":[{"name":"wp","href":"https:\/\/api.w.org\/{rel}","templated":true}]}}