{"id":290,"date":"2020-03-09T16:58:15","date_gmt":"2020-03-09T13:58:15","guid":{"rendered":"https:\/\/yeni.assamcongress.com\/6nci-uluslararasi-assam-i%cc%87slam-birligi-kongresi-asri%cc%87ka-konfederasyonu-dis-politika-stratejileri\/"},"modified":"2020-03-09T16:58:15","modified_gmt":"2020-03-09T13:58:15","slug":"6nci-uluslararasi-assam-i%cc%87slam-birligi-kongresi-asri%cc%87ka-konfederasyonu-dis-politika-stratejileri","status":"publish","type":"post","link":"https:\/\/assamcongress.com\/tr\/6nci-uluslararasi-assam-i%cc%87slam-birligi-kongresi-asri%cc%87ka-konfederasyonu-dis-politika-stratejileri\/","title":{"rendered":"6nc\u0131 Uluslararas\u0131 ASSAM \u0130slam Birli\u011fi Kongresi: ASR\u0130KA Konfederasyonu D\u0131\u015f Politika Stratejileri"},"content":{"rendered":"<p style=\"text-align: center;\"><span style=\"font-family: 'book antiqua', palatino, serif; font-size: 14pt;\"><strong>ALTINCI ULUSLARARASI ASSAM \u0130SLAM B\u0130RL\u0130\u011e\u0130 KONGRE<\/strong><\/span><\/p>\n<p style=\"text-align: center;\"><span style=\"font-family: 'book antiqua', palatino, serif; font-size: 14pt;\"><strong>BEYANNAMES\u0130<\/strong><\/span><\/p>\n<p style=\"text-align: center;\"><span style=\"font-family: 'book antiqua', palatino, serif; font-size: 14pt;\">\u00a0<\/span><\/p>\n<p style=\"text-align: justify;\"><span style=\"font-family: 'book antiqua', palatino, serif; font-size: 14pt;\">GENEL<\/span><\/p>\n<p style=\"text-align: justify;\"><span style=\"font-family: 'book antiqua', palatino, serif; font-size: 14pt;\">Uluslararas\u0131 ASSAM \u0130slam Birli\u011fi Kongrelerinin amac\u0131; \u0130slam \u00dclkeleri Co\u011frafyas\u0131 ba\u015fta olmak \u00fczere d\u00fcnya siyasetinde g\u00fcncel sorunlarla ilgili olarak akademik ve siyasal bir zemin \u00fczerinde tespitler yapmak,\u00a0<strong>\u0130sl\u00e2m \u00dclkelerinin bir irade alt\u0131nda toplanmas\u0131 i\u00e7in gerekli m\u00fcesseseleri ve bu m\u00fcesseseler i\u00e7in gerekli mevzuat hakk\u0131nda \u0130slam D\u00fcnyas\u0131na ve karar vericilere bir hal tarz\u0131 sunmakt\u0131r.<\/strong><\/span><\/p>\n<p style=\"text-align: justify;\"><span style=\"font-family: 'book antiqua', palatino, serif; font-size: 14pt;\"><strong>Uluslararas\u0131 ASSAM \u0130slam Birli\u011fi Kongrelerinin,\u00a0<\/strong>Birincisine 27 \u0130sl\u00e2m \u00dclkesinden kat\u0131lan STK Temsilcileri ve akademisyenlerle yap\u0131lan isti\u015fare sonucunda s\u00fcreklili\u011finin sa\u011flanmas\u0131na karar verilmi\u015ftir.<\/span><\/p>\n<p style=\"text-align: justify;\"><span style=\"font-family: 'book antiqua', palatino, serif; font-size: 14pt;\"><strong>Devletlerin asl\u00ee faaliyet alanlar\u0131\u00a0<\/strong>da dikkate al\u0131narak,\u00a0<strong>ilki 2017<\/strong>,\u00a0<strong>ikincisi 2018, \u00fc\u00e7\u00fcnc\u00fcs\u00fc 2019, d\u00f6rd\u00fcnc\u00fcs\u00fc 2020, be\u015fincisi 2021 y\u0131l\u0131nda<\/strong>\u00a0ger\u00e7ekle\u015ftirilen ve her y\u0131l icra edilmesi planlanan\u00a0<strong>&#8220;Uluslararas\u0131 ASSAM \u0130sl\u00e2m Birli\u011fi Kongreleri&#8221; serisinin, ge\u00e7mi\u015f y\u0131llarda uygulanan,\u00a0<\/strong>bu y\u0131l ve m\u00fcteakip y\u0131llarda uygulanacak,\u00a0<strong>ana konular\u0131<\/strong>;<\/span><\/p>\n<ol style=\"text-align: justify;\">\n<li><span style=\"font-family: 'book antiqua', palatino, serif; font-size: 14pt;\">\u0130slam Birli\u011fi i\u00e7in\u00a0<strong>Y\u00f6netim \u015eekil ve Organlar\u0131 Mevzuat\u0131n\u0131n\u00a0<\/strong>Tespiti\u00a0<strong>(2017-Yap\u0131ld\u0131),<\/strong><\/span><\/li>\n<li><span style=\"font-family: 'book antiqua', palatino, serif; font-size: 14pt;\">\u0130slam Birli\u011fi i\u00e7in\u00a0<strong>Ekonomik \u0130\u015f Birli\u011fi Usul ve Esaslar\u0131n\u0131n\u00a0<\/strong>Tespiti\u00a0<strong>(2018-Yap\u0131ld\u0131),<\/strong><\/span><\/li>\n<li><span style=\"font-family: 'book antiqua', palatino, serif; font-size: 14pt;\">\u0130sl\u00e2m Birli\u011fi i\u00e7in\u00a0<strong>Savunma Sanayi \u0130\u015f Birli\u011fi Usul ve Esaslar\u0131n\u0131n\u00a0<\/strong>Tespiti\u00a0<strong>(2019-Yap\u0131ld\u0131),<\/strong><\/span><\/li>\n<li><span style=\"font-family: 'book antiqua', palatino, serif; font-size: 14pt;\">\u0130sl\u00e2m Birli\u011fi i\u00e7in\u00a0<strong>Ortak Savunma Sistemi Usul ve Esaslar\u0131n\u0131n\u00a0<\/strong>Tespiti\u00a0<strong>(2020-Yap\u0131ld\u0131),<\/strong><\/span><\/li>\n<li><span style=\"font-family: 'book antiqua', palatino, serif; font-size: 14pt;\">\u0130sl\u00e2m Birli\u011fi i\u00e7in\u00a0<strong>M\u00fc\u015fterek D\u0131\u015f Politika Usul ve Esaslar\u0131n\u0131n\u00a0<\/strong>Tespiti\u00a0<strong>(2021-Yap\u0131ld\u0131),<\/strong><\/span><\/li>\n<li><span style=\"font-family: 'book antiqua', palatino, serif; font-size: 14pt; color: #ff0000;\"><strong>\u0130sl\u00e2m Birli\u011fi i\u00e7in Ortak Asayi\u015f ve G\u00fcvenlik Usul ve Esaslar\u0131n\u0131n Tespiti (2022)<\/strong><\/span><\/li>\n<li><span style=\"font-family: 'book antiqua', palatino, serif; font-size: 14pt;\">\u0130sl\u00e2m Birli\u011fi i\u00e7in\u00a0<strong>M\u00fc\u015fterek Adalet Sistemi Usul ve Esaslar\u0131n\u0131n\u00a0<\/strong>Tespiti (2023),<\/span><\/li>\n<\/ol>\n<p style=\"text-align: justify;\"><span style=\"font-family: 'book antiqua', palatino, serif; font-size: 14pt;\">\u015feklinde se\u00e7ilmi\u015f ve sonunda\u00a0<strong>\u0130slam \u00dclkelerinin bir irade alt\u0131nda toplanmas\u0131 i\u00e7in gereken m\u00fcesseseler ve bu m\u00fcesseselerin mevzuat\u0131n\u0131n bir model olarak ortaya konulmas\u0131\u00a0<\/strong>ama\u00e7lanm\u0131\u015ft\u0131r.<\/span><\/p>\n<p style=\"text-align: justify;\"><span style=\"font-family: 'book antiqua', palatino, serif; font-size: 14pt;\"><strong>Kongrenin birincisi ASSAM<\/strong><strong>\u00a0merkezinin bulundu\u011fu \u0130stanbul\u2019da<\/strong><strong>, \u00dcsk\u00fcdar \u00dcniversitesi, Adaleti Savunanlar Derne\u011fi (ASDER) ve \u0130slam D\u00fcnyas\u0131 Sivil Toplum Kurulu\u015flar\u0131 Birli\u011finin (\u0130DSB) i\u015f birli\u011fi ile\u00a0<\/strong><strong>23-24 Kas\u0131m 2017 tarihinde yap\u0131lm\u0131\u015ft\u0131r.<\/strong><\/span><\/p>\n<p style=\"text-align: justify;\"><span style=\"font-family: 'book antiqua', palatino, serif; font-size: 14pt;\">Birinci Uluslararas\u0131\u00a0<strong>ASSAM<\/strong>\u00a0\u0130sl\u00e2m Birli\u011fi Kongresine\u00a0<strong>27 \u0130sl\u00e2m \u00dclkesinden Sivil Toplum Kurulu\u015fu Temsilcisi ve akademisyen\u00a0<\/strong>kat\u0131lm\u0131\u015f olup,\u00a0<strong>11 \u00dclkeden 31 akademisyen\u00a0<\/strong>taraf\u0131ndan bildiri \u00f6zetleri sunulmu\u015f ve bildiriler\u00a0<strong>ASSAM Kongre web sitesinde yay\u0131nlanm\u0131\u015ft\u0131r<\/strong>.<strong>[<a href=\"#_edn1\" name=\"_ednref1\">[i]<\/a>]<\/strong><\/span><\/p>\n<p style=\"text-align: justify;\"><span style=\"font-family: 'book antiqua', palatino, serif; font-size: 14pt;\">Kongre sonucunda\u00a0<strong>\u201c\u0130sl\u00e2m \u00dclkeleri Parlamentosu\u201d<\/strong>\u00a0kurulmas\u0131 ve her \u0130sl\u00e2m \u00dclkesinin Bakanlar kurulunda\u00a0<strong>\u201c\u0130sl\u00e2m Birli\u011fi Bakanl\u0131\u011f\u0131\u201d\u00a0<\/strong>ihdas edilmesi gerekti\u011fi kanaatine var\u0131lm\u0131\u015f ve ASSAM Y\u00f6netim Kurulunca onaylanan\u00a0<strong>\u201c\u0130sl\u00e2m \u00dclkeleri Konfederasyonu Bildirgesi<\/strong>\u201d\u00a0<strong>29\u2019u \u0130slam \u00fclkelerinden 80\u2019i T\u00fcrkiye\u2019den olmak \u00fczere 109 STK yetkilisi taraf\u0131ndan da imzalanarak\u00a0<\/strong>bas\u0131n vas\u0131tas\u0131yla d\u00fcnya kamuoyuna duyurulmu\u015ftur[<a href=\"#_edn2\" name=\"_ednref2\"><strong>[ii]<\/strong><\/a><strong>]<\/strong><\/span><\/p>\n<p style=\"text-align: justify;\"><span style=\"font-family: 'book antiqua', palatino, serif; font-size: 14pt;\">Ayr\u0131ca bildirilerde vurgulanan h\u00fck\u00fcmler dikkate al\u0131narak\u00a0<strong>\u0130sl\u00e2m \u00dclkeleri konfederasyonu i\u00e7in model bir Anayasa tasla\u011f\u0131 haz\u0131rlanm\u0131\u015ft\u0131r<\/strong>.\u00a0<strong>[<a href=\"#_edn3\" name=\"_ednref3\">[iii]<\/a>]<\/strong><\/span><\/p>\n<p style=\"text-align: justify;\"><span style=\"font-family: 'book antiqua', palatino, serif; font-size: 14pt;\"><strong>Kongremizin ikincisi yine ASSAM merkezinin bulundu\u011fu \u0130stanbul\u2019da \u00dcsk\u00fcdar \u00dcniversitesi,\u00a0<\/strong><strong>Adaleti Savunanlar Derne\u011fi, \u0130slam D\u00fcnyas\u0131 STK Birli\u011fi (\u0130DSB) ve Uluslararas\u0131 M\u00fcsl\u00fcman \u00c2limler Birli\u011fi\u00a0<\/strong>(<strong>International Union of Muslim Scholars) IUMS\u2019nin i\u015f birli\u011fi ile 1-2 Kas\u0131m 2018 tarihinde yap\u0131lm\u0131\u015ft\u0131r.<\/strong><\/span><\/p>\n<p style=\"text-align: justify;\"><span style=\"font-family: 'book antiqua', palatino, serif; font-size: 14pt;\"><strong>\u0130kinci<\/strong>\u00a0Uluslararas\u0131 ASSAM \u0130slam Birli\u011fi Kongresine;\u00a0<strong>29 \u0130slam \u00dclkesinden Sivil Toplum Kurulu\u015fu temsilcisi ve akademisyen<\/strong>\u00a0kat\u0131lm\u0131\u015f,\u00a0<strong>15 \u00dclkeden 66 akademisyen<\/strong>\u00a0taraf\u0131ndan\u00a0<strong>58 bildiri<\/strong>\u00a0sunulmu\u015f, bildiriler\u00a0<strong>ASSAM Kongre WEB Sitesinde elektronik ortamda yay\u0131nlanm\u0131\u015ft\u0131r.<\/strong><\/span><\/p>\n<p style=\"text-align: justify;\"><span style=\"font-family: 'book antiqua', palatino, serif; font-size: 14pt;\"><strong>\u0130kinci\u00a0<\/strong>Kongrede sunulan bildiriler ve Kongre sonu\u00e7 raporu dikkate al\u0131narak, Birinci Kongre Bildirgesini de kapsayacak \u015fekilde \u0130kinci Kongre Bildirgesi haz\u0131rlanm\u0131\u015f, karar verici mekanizmalara, \u0130sl\u00e2m D\u00fcnyas\u0131ndan t\u00fcm davetli ve kat\u0131l\u0131mc\u0131lara ve d\u00fcnya kamuoyuna sunulmu\u015f ve ASSAM Kongre WEB Sitemizde yay\u0131nlanm\u0131\u015ft\u0131r.\u00a0<strong>[<\/strong><a href=\"#_edn4\" name=\"_ednref4\"><strong>[iv]<\/strong><\/a><strong>]<\/strong><\/span><\/p>\n<p style=\"text-align: justify;\"><span style=\"font-family: 'book antiqua', palatino, serif; font-size: 14pt;\">\u00dc\u00e7\u00fcnc\u00fc Uluslararas\u0131 ASSAM \u0130slam Birli\u011fi kongresine 45 \u0130slam \u00dclkesinden Sivil Toplum Kurulu\u015fu Temsilcileri ve akademisyenler kat\u0131lm\u0131\u015f olup, 10 \u00fclkeden 57 akademisyen taraf\u0131ndan 58 bildiri sunulmu\u015ftur. Kongre Sonu\u00e7 Bildirgesi [<a href=\"#_edn5\" name=\"_ednref5\"><strong>[v]<\/strong><\/a>] ve Bildiri \u00d6zetleri [<a href=\"#_edn6\" name=\"_ednref6\"><strong>[vi]<\/strong><\/a>] ASSAM Kongre web sitesinde yay\u0131nlanm\u0131\u015ft\u0131r.<\/span><\/p>\n<p style=\"text-align: justify;\"><span style=\"font-family: 'book antiqua', palatino, serif; font-size: 14pt;\">D\u00f6rd\u00fcnc\u00fc Uluslararas\u0131 ASSAM \u0130slam Birli\u011fi Kongresi; \u0130stanbul\u2019da, \u00dcsk\u00fcdar \u00dcniversitesi (\u00dc\u00dc), Adaleti Savunanlar Derne\u011fi (ASDER) ve \u0130slam D\u00fcnyas\u0131 STK Birli\u011fi (\u0130DSB) i\u015ftirakiyle 12 Aral\u0131k 2020 tarihinde video-konferans y\u00f6ntemi ile \u0130sl\u00e2m Birli\u011fi \u0130\u00e7in Ortak Savunma Sistemi Usul ve Esaslar\u0131n\u0131n Tespiti, \u201cASR\u0130KA Konfederasyonu Savunma Sistemi\u201d ana temas\u0131 alt\u0131nda yap\u0131lm\u0131\u015ft\u0131r.<\/span><\/p>\n<p style=\"text-align: justify;\"><span style=\"font-family: 'book antiqua', palatino, serif; font-size: 14pt;\"><strong>D\u00f6rd\u00fcnc\u00fc<\/strong>\u00a0Uluslararas\u0131 ASSAM \u0130slam Birli\u011fi Kongresinde 15 \u0130slam \u00dclkesinden 28 Akademisyen 27 bildiri sunmu\u015ftur. Birinci, ikinci ve \u00fc\u00e7\u00fcnc\u00fc kongre bildirgelerini de kapsayacak \u015fekilde Kongre Bildirgesi [<a href=\"#_edn7\" name=\"_ednref7\"><strong>[vii]<\/strong><\/a>] ve Bildiri \u00d6zetleri [<a href=\"#_edn8\" name=\"_ednref8\"><strong>[viii]<\/strong><\/a>] ile Bildiri Tam Metin Kitab\u0131\u00a0<strong>[<a href=\"#_edn9\" name=\"_ednref9\">[ix]<\/a>]<\/strong>\u00a0<strong>ASSAM Kongre WEB<\/strong>\u00a0sitemizde yay\u0131nlanm\u0131\u015ft\u0131r.<\/span><\/p>\n<p style=\"text-align: justify;\"><span style=\"font-family: 'book antiqua', palatino, serif; font-size: 14pt;\"><strong>Be\u015finci<\/strong>\u00a0Uluslararas\u0131 ASSAM \u0130slam Birli\u011fi Kongremiz 18-19 Aral\u0131k 2021 tarihlerinde video-konferans y\u00f6ntemi uygulanarak \u0130stanbul\u2019da, Adaleti Savunanlar Derne\u011fi (ASDER) ve \u0130slam D\u00fcnyas\u0131 STK Birli\u011fi (\u0130DSB) i\u015ftirakiyle \u0130sl\u00e2m Birli\u011fi i\u00e7in\u00a0<strong>M\u00fc\u015fterek D\u0131\u015f Politika Usul ve Esaslar\u0131n\u0131n Tespiti<\/strong>\u00a0\u201c<strong>ASR\u0130KA Konfederasyonu D\u0131\u015f Politika Stratejisi<\/strong>\u201d ana temas\u0131yla yap\u0131lm\u0131\u015ft\u0131r.<\/span><\/p>\n<p style=\"text-align: justify;\"><span style=\"font-family: 'book antiqua', palatino, serif; font-size: 14pt;\"><strong>Be\u015finci<\/strong>\u00a0Uluslararas\u0131 ASSAM \u0130slam Birli\u011fi Kongresinde 19 \u0130slam \u00dclkesinden 37 Akademisyen 39 bildiri sunmu\u015ftur. Birinci, \u0130kinci, \u00dc\u00e7\u00fcnc\u00fc ve D\u00f6rd\u00fcnc\u00fc Kongre Bildirgelerini de kapsayacak \u015fekilde Kongre Bildirgesi\u00a0<strong>[<a href=\"#_edn10\" name=\"_ednref10\">[x]<\/a>]<\/strong>\u00a0ve Bildiri \u00d6zetleri\u00a0<strong>[<a href=\"#_edn11\" name=\"_ednref11\">[xi]<\/a>]<\/strong>\u00a0ile Bildiri Tam Metin Kitab\u0131 [<a href=\"#_edn12\" name=\"_ednref12\"><strong>[xii]<\/strong><\/a>]\u00a0<strong>ASSAM Kongre WEB<\/strong>\u00a0sitemizde yay\u0131nlanm\u0131\u015ft\u0131r<\/span><\/p>\n<p style=\"text-align: justify;\"><span style=\"font-family: 'book antiqua', palatino, serif; font-size: 14pt;\"><strong>ASSAM\u00a0<\/strong>b\u00fcnyesinde ve koordinat\u00f6rl\u00fc\u011f\u00fcnde yap\u0131lmas\u0131 Planlanan M\u00fcteakip iki kongremizden ilki bu y\u0131l Video-Konferans y\u00f6ntemi uygulanarak Adaleti Savunanlar Derne\u011fi (ASDER), \u0130slam D\u00fcnyas\u0131 Sivil Toplum Kurulu\u015flar\u0131 Birli\u011fi (\u0130DSB) ve Uluslararas\u0131 M\u00fcsl\u00fcman \u00c2limler Birli\u011fi (IUMS) i\u015ftiraki ile yap\u0131lacak olup, 2023 y\u0131l\u0131nda yap\u0131lacak olan kongremiz ise y\u00fcz y\u00fcze olacak \u015fekilde \u0130sl\u00e2m D\u00fcnyas\u0131 STK\u2019lar\u0131yla i\u015f birli\u011fi halinde yap\u0131lmas\u0131 tasarlanmaktad\u0131r.<\/span><\/p>\n<p style=\"text-align: justify;\"><span style=\"font-family: 'book antiqua', palatino, serif; font-size: 14pt;\">Kongre dili T\u00fcrk\u00e7e, \u0130ngilizce ve Arap\u00e7a olacakt\u0131r. Bildirilerin sunumunda sim\u00fcltane (an\u0131nda) terc\u00fcme yap\u0131lacakt\u0131r. Bildiri \u00f6zetleri ve bildiriler kitap haline getirilerek ASSAM Kongre WEB Sitesinde, Bildiriler de ayr\u0131ca\u00a0<strong>ASSAM\u00a0<\/strong>Uluslararas\u0131 Hakemli Dergide (<strong>ASSAM-UHAD<\/strong>), elektronik ortamda yay\u0131nlanacakt\u0131r. Kongremize bildiri g\u00f6nderen bildiri sahiplerinin bildirilerini ASSAM Uluslararas\u0131 Hakemli dergimizde (UHAD) yay\u0131nlatmak isteyenler hakemli dergimizin bildiri haz\u0131rlama format\u0131na uygun olarak bildirilerini haz\u0131rlamalar\u0131\u00a0<a href=\"#_edn13\" name=\"_ednref13\">[xiii]<\/a>\u00a0ve a\u015fa\u011f\u0131da belirtilen link \u00fczerinden sisteme y\u00fcklemeleri gerekmektedir. Hakemli derginin linki a\u015fa\u011f\u0131dad\u0131r.\u00a0<a href=\"#_edn14\" name=\"_ednref14\">[xiv]<\/a>\u00a0Hakemli dergide bildiriler\/makaleler hakem s\u00fcrecinden ge\u00e7tikten sonra yay\u0131nlanacakt\u0131r.<\/span><\/p>\n<p style=\"text-align: justify;\"><span style=\"font-family: 'book antiqua', palatino, serif; font-size: 14pt;\">\u0130craya d\u00f6n\u00fck olarak haz\u0131rlanacak Kongre Sonu\u00e7 Raporlar\u0131 da karar verici mekanizmalara ve \u0130sl\u00e2m D\u00fcnyas\u0131ndan t\u00fcm davetli ve kat\u0131l\u0131mc\u0131lara g\u00f6nderilecek ve ASSAM Kongre WEB Sitesinde yay\u0131nlanacakt\u0131r.<\/span><\/p>\n<p style=\"text-align: justify;\"><span style=\"font-family: 'book antiqua', palatino, serif; font-size: 14pt;\">\u00a0<\/span><\/p>\n<p style=\"text-align: justify;\"><span style=\"font-family: 'book antiqua', palatino, serif; font-size: 14pt;\">\u0130SL\u00c2M CO\u011eRAFYASININ JEOPOL\u0130T\u0130K DE\u011eER\u0130:<\/span><\/p>\n<p style=\"text-align: justify;\"><span style=\"font-family: 'book antiqua', palatino, serif; font-size: 14pt;\">D\u00fcnya \u00fczerindeki\u00a0<strong>206 Devletin 61\u2019ine<\/strong>\u00a0<strong><em>(\u00dcye Say\u0131s\u0131n\u0131n %29\u2019u)\u00a0<\/em><\/strong><strong>7.916525.000<\/strong>\u00a0milyarl\u0131k D\u00fcnya N\u00fcfusunun\u00a0<strong>1.859.779.580 milyar\u0131n<\/strong><strong>a<\/strong>\u00a0(<strong><em>D\u00fcnya N\u00fcfusunun %23,49\u2019\u00fc<\/em><\/strong><em>),<\/em>\u00a0<strong>150 milyon\u00a0<\/strong>Km<sup>2<\/sup>\u00a0olan d\u00fcnya karalar\u0131n\u0131n\u00a0<strong>30,9\u00a0<\/strong>milyon Km<strong><sup>2<\/sup><\/strong>\u2019sini\u00a0<em>(<strong>D\u00fcnya Karalar\u0131n\u0131n %20,6\u2019s\u0131<\/strong>)\u00a0<\/em>de 61 \u0130sl\u00e2m \u00dclkesinin sahip oldu\u011fu \u0130sl\u00e2m Co\u011frafyas\u0131,\u00a0<strong>kendi aralar\u0131ndaki s\u0131n\u0131rlar yok say\u0131ld\u0131\u011f\u0131nda olu\u015fturduklar\u0131 blok ile:<\/strong><\/span><\/p>\n<ul style=\"text-align: justify;\">\n<li><span style=\"font-family: 'book antiqua', palatino, serif; font-size: 14pt;\">D\u00fcnya adas\u0131 olarak bilinen\u00a0<strong>Asya, Avrupa ve Afrika K\u0131talar\u0131n\u0131n merkezinde bulunan<\/strong>,<\/span><\/li>\n<li><span style=\"font-family: 'book antiqua', palatino, serif; font-size: 14pt;\">D\u00fcnyan\u0131n en b\u00fcy\u00fck i\u00e7 denizi konumundaki Akdeniz, K\u0131z\u0131l Deniz ve Karadeniz\u2019in giri\u015f kap\u0131lar\u0131 say\u0131lan\u00a0<strong>Cebeli Tar\u0131k, Bab-El Mendeb, \u00c7anakkale ve \u0130stanbul bo\u011fazlar\u0131 ve S\u00fcvey\u015f Kanal\u0131n\u0131 kontrol eden,<\/strong><\/span><\/li>\n<li><span style=\"font-family: 'book antiqua', palatino, serif; font-size: 14pt;\"><strong>Atlas Okyanusu, Hint Okyanusu, Akdeniz, Karadeniz, K\u0131z\u0131ldeniz ve Hazar Denizine\u00a0<\/strong>k\u0131y\u0131lar\u0131 olan,<\/span><\/li>\n<li><span style=\"font-family: 'book antiqua', palatino, serif; font-size: 14pt;\"><strong>Asya, Avrupa ve Afrika K\u0131talar\u0131na, Avrupa Birli\u011fi, Rusya, Hindistan, \u00c7in gibi k\u00fcresel g\u00fc\u00e7 say\u0131lan D\u00fcnyan\u0131n b\u00fcy\u00fck devletlerine\u00a0<\/strong>kara ve denizden,\u00a0<strong>Amerika Birle\u015fik Devletleri\u2019ne\u00a0<\/strong>denizden\u00a0<strong>s\u0131n\u0131r kom\u015fusu olan<\/strong>,<\/span><\/li>\n<li><span style=\"font-family: 'book antiqua', palatino, serif; font-size: 14pt;\">D\u00fcnya kara, hava ve deniz\u00a0<strong>ula\u015f\u0131m yollar\u0131n\u0131n alternatifsiz merkezi\u00a0<\/strong>olma imk\u00e2n\u0131na sahip bulunan,<\/span><\/li>\n<li><span style=\"font-family: 'book antiqua', palatino, serif; font-size: 14pt;\">D\u00fcnya\u00a0<strong>petrol rezervlerinin\u00a0<\/strong>%55,5\u2019ine,\u00a0<strong>\u00fcretiminin\u00a0<\/strong>%46,5\u2019ine,\u00a0<strong>do\u011falgaz rezervlerinin\u00a0<\/strong>%64\u20191\u2019ine, \u00fcretiminin %34\u2019\u00fcne sahip olan,<\/span><\/li>\n<\/ul>\n<p style=\"text-align: justify;\"><span style=\"font-family: 'book antiqua', palatino, serif; font-size: 14pt;\">Jeopolitik konumu, ortak medeniyet de\u011ferleri ve tarihi birikimi ile imk\u00e2n, gayret ve hedeflerini birle\u015ftirerek gelece\u011fin s\u00fcper g\u00fcc\u00fc olmaya namzet potansiyel bir g\u00fcce sahip bulunmaktad\u0131r.<\/span><\/p>\n<p style=\"text-align: justify;\"><span style=\"font-family: 'book antiqua', palatino, serif; font-size: 14pt;\">\u00a0<\/span><\/p>\n<p style=\"text-align: justify;\"><span style=\"font-family: 'book antiqua', palatino, serif; font-size: 14pt;\">\u0130SLAM D\u00dcNYASININ MARUZ KALDI\u011eI K\u00dcRESEL SALDIRILAR<\/span><\/p>\n<p style=\"text-align: justify;\"><span style=\"font-family: 'book antiqua', palatino, serif; font-size: 14pt;\">Egemen olmas\u0131 gerekti\u011fi Co\u011frafyas\u0131nda\u00a0<strong>\u0130sl\u00e2m D\u00fcnyas\u0131<\/strong>, her bir \u0130slam \u00dclkesinin \u00fcniter yap\u0131lar\u0131n\u0131n i\u00e7indeki etnik ve mezhepsel farkl\u0131l\u0131\u011fa sahip unsurlar\u0131n\u0131n birbirleri ile sava\u015ft\u0131r\u0131ld\u0131\u011f\u0131,\u00a0<strong>ilan edilmemi\u015f, gizli, sinsi, kirli ve asimetrik \u00dc\u00e7\u00fcnc\u00fc D\u00fcnya Sava\u015f\u0131n\u0131n\u00a0<\/strong>alan\u0131 haline getirilmi\u015ftir.<\/span><\/p>\n<p style=\"text-align: justify;\"><span style=\"font-family: 'book antiqua', palatino, serif; font-size: 14pt;\"><strong>Sahip oldu\u011fu avantajlara ra\u011fmen \u0130slam \u00fclkeleri<\/strong>, emperyalist bat\u0131 devletlerinin m\u00fcdahaleleri ile b\u00fcy\u00fck bir karga\u015fa i\u00e7ine d\u00fc\u015fm\u00fc\u015ft\u00fcr. Bu karga\u015fan\u0131n sonucu olarak \u0130slam co\u011frafyas\u0131nda b\u00fcy\u00fck ac\u0131lar ve y\u0131k\u0131mlar ya\u015fanmaktad\u0131r. Milyonlarca M\u00fcsl\u00fcman evlerini, yurtlar\u0131n\u0131 terk etmek veya \u00f6lmek aras\u0131nda tercih yapmak zorunda b\u0131rak\u0131lmaktad\u0131r. G\u00f6\u00e7 yollar\u0131nda binlerce M\u00fcsl\u00fcman \u00e7e\u015fitli \u015fekillerde \u00f6lmekte, g\u00f6\u00e7 etmeyi ba\u015faranlar ise yoksulluk ve sefalet i\u00e7inde ya\u015famaya mahk\u00fbm b\u0131rak\u0131lmaktad\u0131r.<\/span><\/p>\n<p style=\"text-align: justify;\"><span style=\"font-family: 'book antiqua', palatino, serif; font-size: 14pt;\">Birle\u015fmi\u015f milletler m\u00fclteciler y\u00fcksek komiserli\u011finin resmi verilerine g\u00f6re 2021 y\u0131l\u0131 itibari ile resmi kay\u0131tlara g\u00f6re d\u00fcnya \u00fczerinde 6,6 Milyon Suriye vatanda\u015f\u0131 g\u00f6\u00e7 etmi\u015ftir.(<a href=\"#_edn15\" name=\"_ednref15\">[xv]<\/a>) Kay\u0131t alt\u0131na al\u0131namayan m\u00fcltecilerle bu rakam daha da y\u00fckselmektedir. Suriyeli M\u00fclteciler T\u00fcrkiye (3.645.140), Irak (242.163), \u00dcrd\u00fcn (662.790), M\u0131s\u0131r (130.577), L\u00fcbnan (865.531) ve Kuzey Afrika\u2019da di\u011fer yerlere (31.657) g\u00f6\u00e7 etmi\u015ftir. Bu rakamlar\u0131n d\u0131\u015f\u0131nda yo\u011fun bir \u015fekilde Avrupa\u2019ya g\u00f6\u00e7 giri\u015fimleri olmakta ve b\u00fcy\u00fck bir k\u0131sm\u0131 Akdeniz\u2019de ya\u015famlar\u0131n\u0131 yitirmektedir. Bu olumsuzluklara ra\u011fmen Nisan 2011 y\u0131l\u0131ndan Ocak 2021 y\u0131l\u0131na kadar Avrupa\u2019ya ge\u00e7en toplam kay\u0131tl\u0131 m\u00fclteci say\u0131s\u0131 ise 1.022.142 ki\u015fi olmu\u015ftur.<strong>\u00a0(<a href=\"#_edn16\" name=\"_ednref16\">[xvi]<\/a>)<\/strong><\/span><\/p>\n<p style=\"text-align: justify;\"><span style=\"font-family: 'book antiqua', palatino, serif; font-size: 14pt;\"><strong>\u00dc\u00e7\u00fcnc\u00fc D\u00fcnya Sava\u015f\u0131 \u0130slam \u00dclkelerine kar\u015f\u0131 ilan edilmemi\u015f bir sava\u015f\u00a0<\/strong>(Hibrit Sava\u015f)<strong>\u00a0olarak s\u00fcrd\u00fcr\u00fclmektedir<\/strong>. Osmanl\u0131&#8217;n\u0131n y\u0131k\u0131lmas\u0131ndan sonra y\u00f6netimsiz kalan M\u00fcsl\u00fcmanlar k\u00fc\u00e7\u00fck devlet\u00e7ikler kurarak varl\u0131klar\u0131n\u0131 devam ettirmeye \u00e7al\u0131\u015fm\u0131\u015f, ancak birlik ve beraberli\u011fini kaybettiklerinden k\u00fcresel g\u00fc\u00e7ler i\u00e7in kolay lokma haline gelmi\u015flerdir.\u00a0<strong>Amerika Birle\u015fik Devletleri, Avrupa Birli\u011fi, \u0130ngiltere, Fransa, Rusya ve \u00c7in \u0130slam Co\u011frafyas\u0131n\u0131 ele ge\u00e7irmek i\u00e7in \u0130slam \u00dclkelerinde, kontrol ettikleri ter\u00f6r \u00f6rg\u00fctleri ve uygulad\u0131klar\u0131 asimetrik sava\u015f y\u00f6ntemleriyle vek\u00e2let sava\u015flar\u0131 y\u00fcr\u00fcterek<\/strong>\u00a0otorite tesis etmeyi ama\u00e7lamaktad\u0131r.<\/span><\/p>\n<p style=\"text-align: justify;\"><span style=\"font-family: 'book antiqua', palatino, serif; font-size: 14pt;\">\u00a0<\/span><\/p>\n<p style=\"text-align: justify;\"><span style=\"font-family: 'book antiqua', palatino, serif; font-size: 14pt;\">ALTINCI ULUSLARARASI ASSAM \u0130SLAM B\u0130RL\u0130\u011e\u0130 KONGRES\u0130<\/span><\/p>\n<p style=\"text-align: justify;\"><span style=\"font-family: 'book antiqua', palatino, serif; font-size: 14pt;\">Kongremiz Video-Konferans y\u00f6ntemi ile 12-13 Kas\u0131m 2022 tarihlerinde icra edilecektir. Kongremizde \u201c\u0130sl\u00e2m Birli\u011fi i\u00e7in Ortak Asayi\u015f ve G\u00fcvenlik Usul ve Esaslar\u0131n\u0131n Tespiti\u201d konusu \u201cASR\u0130KA Konfederasyonu Asayi\u015f ve \u0130\u00e7 G\u00fcvenlik Organizasyonu\u201d ana temas\u0131 alt\u0131nda incelenecektir.<\/span><\/p>\n<p style=\"text-align: justify;\"><span style=\"font-family: 'book antiqua', palatino, serif; font-size: 14pt;\">Adaleti Savunanlar Derne\u011fi (ASDER), \u0130slam D\u00fcnyas\u0131 Sivil Toplum Kurulu\u015flar\u0131 Birli\u011fi (\u0130DSB) ve Uluslararas\u0131 M\u00fcsl\u00fcman \u00c2limler Birli\u011fi (IUMS) i\u015ftirakiyle yap\u0131lacak olan Alt\u0131nc\u0131 Uluslararas\u0131 ASSAM \u0130sl\u00e2m Birli\u011fi Kongresine kat\u0131lacak akademisyenlerin sunacaklar\u0131 bildirilerin konular\u0131 a\u015fa\u011f\u0131daki ba\u015fl\u0131klar alt\u0131nda incelenecektir.<\/span><\/p>\n<p style=\"text-align: justify;\"><span style=\"font-family: 'book antiqua', palatino, serif; font-size: 14pt;\">\u00a0<\/span><\/p>\n<p style=\"text-align: justify;\"><span style=\"font-family: 'book antiqua', palatino, serif; font-size: 14pt;\"><strong>KONGRE ALT BA\u015eLIKLARI<\/strong><\/span><\/p>\n<ol style=\"text-align: justify;\">\n<li><span style=\"font-family: 'book antiqua', palatino, serif; font-size: 14pt;\"><strong>Tarihteki k\u00fcresel g\u00fc\u00e7lerin asayi\u015f ve i\u00e7 g\u00fcvenlikle ilgili idari yap\u0131lar\u0131n\u0131n organizasyonundaki esas ve prensipler;<\/strong><\/span>\n<ol style=\"list-style-type: lower-alpha;\">\n<li><span style=\"font-family: 'book antiqua', palatino, serif; font-size: 14pt;\">Roma \u0130mparatorlu\u011funda Asayi\u015f ve \u0130\u00e7 G\u00fcvenlik ile ilgili Organizasyonun usul ve esaslar\u0131,<\/span><\/li>\n<li><span style=\"font-family: 'book antiqua', palatino, serif; font-size: 14pt;\">Bizans \u0130mparatorlu\u011funda Asayi\u015f ve \u0130\u00e7 G\u00fcvenlik ile ilgili Organizasyonun usul ve esaslar\u0131,<\/span><\/li>\n<li><span style=\"font-family: 'book antiqua', palatino, serif; font-size: 14pt;\">Peygamber Efendimiz D\u00f6neminde \u0130sl\u00e2m Devletinde Asayi\u015f ve \u0130\u00e7 G\u00fcvenlik ile ilgili Organizasyonun usul ve esaslar\u0131,<\/span><\/li>\n<li><span style=\"font-family: 'book antiqua', palatino, serif; font-size: 14pt;\">Emevi Devletinde Asayi\u015f ve \u0130\u00e7 G\u00fcvenlik ile ilgili Organizasyonun usul ve esaslar\u0131,<\/span><\/li>\n<li><span style=\"font-family: 'book antiqua', palatino, serif; font-size: 14pt;\">Abbasi Devletinde Asayi\u015f ve \u0130\u00e7 G\u00fcvenlik ile ilgili Organizasyonun usul ve esaslar\u0131,<\/span><\/li>\n<li><span style=\"font-family: 'book antiqua', palatino, serif; font-size: 14pt;\">Sel\u00e7uklu imparatorlu\u011funda Asayi\u015f ve \u0130\u00e7 G\u00fcvenlik ile ilgili Organizasyonun usul ve esaslar\u0131,<\/span><\/li>\n<li><span style=\"font-family: 'book antiqua', palatino, serif; font-size: 14pt;\">Osmanl\u0131 \u0130mparatorlu\u011funda Asayi\u015f ve \u0130\u00e7 G\u00fcvenlik ile ilgili Organizasyonun usul ve esaslar\u0131,<\/span><\/li>\n<\/ol>\n<\/li>\n<li><span style=\"font-family: 'book antiqua', palatino, serif; font-size: 14pt;\"><strong>G\u00fcn\u00fcm\u00fczde k\u00fcresel g\u00fc\u00e7lerin asayi\u015f ve i\u00e7 g\u00fcvenlikle ilgili idari\u00a0<\/strong>(M\u00fclki \u0130dare, \u015fehirlerde, k\u0131rsal alanda, k\u0131y\u0131 ve hudutlarda g\u00fcvenlik)<strong>\u00a0yap\u0131lar\u0131n\u0131n Te\u015fkilatlanma esas ve prensipleri;<\/strong><\/span>\n<ol style=\"list-style-type: lower-alpha;\">\n<li><span style=\"font-family: 'book antiqua', palatino, serif; font-size: 14pt;\">Amerika Birle\u015fik Devletlerinde Asayi\u015f ve \u0130\u00e7 G\u00fcvenlik ile ilgili Organizasyonunun usul ve esaslar\u0131,<\/span><\/li>\n<li><span style=\"font-family: 'book antiqua', palatino, serif; font-size: 14pt;\">Rusya Federasyonunda Asayi\u015f ve \u0130\u00e7 G\u00fcvenlik ile ilgili Organizasyonunun usul ve esaslar\u0131,<\/span><\/li>\n<li><span style=\"font-family: 'book antiqua', palatino, serif; font-size: 14pt;\">G\u00fcney Afrika Cumhuriyetinde Asayi\u015f ve \u0130\u00e7 G\u00fcvenlik ile ilgili Organizasyonunun usul ve esaslar\u0131,<\/span><\/li>\n<li><span style=\"font-family: 'book antiqua', palatino, serif; font-size: 14pt;\">Avrupa Birli\u011finde Asayi\u015f ve \u0130\u00e7 G\u00fcvenlik ile ilgili Organizasyonunun usul ve esaslar\u0131,<\/span><\/li>\n<li><span style=\"font-family: 'book antiqua', palatino, serif; font-size: 14pt;\">\u00c7in Halk Cumhuriyetinde Asayi\u015f ve \u0130\u00e7 G\u00fcvenlik ile ilgili Organizasyonunun usul ve esaslar\u0131,<\/span><\/li>\n<li><span style=\"font-family: 'book antiqua', palatino, serif; font-size: 14pt;\">Hindistan Cumhuriyetinde Asayi\u015f ve \u0130\u00e7 G\u00fcvenlik ile ilgili Organizasyonunun usul ve esaslar\u0131.<\/span><\/li>\n<\/ol>\n<\/li>\n<li><span style=\"font-family: 'book antiqua', palatino, serif; font-size: 14pt;\"><strong>ASR\u0130KA Konfederasyonunun tasavvur edilen asayi\u015f ve i\u00e7 g\u00fcvenlik\u00a0<\/strong>(M\u00fclki \u0130dare, \u015fehirlerde, k\u0131rsal alanda, k\u0131y\u0131 ve hudutlarda g\u00fcvenlik)\u00a0<strong>organizasyonu;<\/strong><\/span>\n<ol style=\"list-style-type: lower-alpha;\">\n<li><span style=\"font-family: 'book antiqua', palatino, serif; font-size: 14pt;\">Model\u00a0<strong>ASR\u0130KA<\/strong>\u00a0\u0130sl\u00e2m \u00dclkeleri Konfederasyonu Anayasas\u0131nda Emniyet ve Asayi\u015fin Temini ile ilgili h\u00fck\u00fcmler<\/span><\/li>\n<li><span style=\"font-family: 'book antiqua', palatino, serif; font-size: 14pt;\">Model\u00a0<strong>ASR\u0130KA<\/strong>\u00a0\u0130sl\u00e2m \u00dclkeleri Konfederasyonu Anayasas\u0131nda Emniyet ve Asayi\u015fin Temini ile ilgili ilave edilmesi gereken h\u00fck\u00fcmler<\/span><\/li>\n<li><span style=\"font-family: 'book antiqua', palatino, serif; font-size: 14pt;\">ASR\u0130KA Konfederasyonunun Merkezden Y\u00fcr\u00fct\u00fclen \u0130\u00e7i\u015fleri Bakanl\u0131\u011f\u0131n\u0131n;<\/span>\n<ol style=\"list-style-type: lower-roman;\">\n<li><span style=\"font-family: 'book antiqua', palatino, serif; font-size: 14pt;\">Merkez Te\u015fkilat\u0131, yetki ve sorumluluklar\u0131,<\/span><\/li>\n<li><span style=\"font-family: 'book antiqua', palatino, serif; font-size: 14pt;\">B\u00f6lgesel Federasyonlardaki (Polis, jandarma, k\u0131y\u0131 ve hudut Koruma) Te\u015fkilat\u0131, yetki ve sorumluluklar\u0131,<\/span><\/li>\n<li><span style=\"font-family: 'book antiqua', palatino, serif; font-size: 14pt;\">Milli Devletlerdeki (Polis, jandarma, k\u0131y\u0131 ve hudut Koruma) Te\u015fkilat\u0131, yetki ve sorumluluklar\u0131,<\/span><\/li>\n<\/ol>\n<\/li>\n<\/ol>\n<\/li>\n<\/ol>\n<p style=\"text-align: justify;\"><span style=\"font-family: 'book antiqua', palatino, serif; font-size: 14pt;\"><strong>ASR\u0130KA \u0130sl\u00e2m \u00dclkeleri Konfederasyonu \u0130\u00e7i\u015fleri Bakanl\u0131\u011f\u0131n\u0131n<\/strong>\u00a0(M\u00fclki \u0130dare, \u015fehirlerde, k\u0131rsal alanda, k\u0131y\u0131 ve hudutlarda g\u00fcvenlik)\u00a0<strong>Te\u015fkili, yetki ve sorumluluklar\u0131.<\/strong><\/span><\/p>\n<p style=\"text-align: justify;\"><span style=\"font-family: 'book antiqua', palatino, serif; font-size: 14pt;\"><strong>\u00a0<\/strong><\/span><\/p>\n<p style=\"text-align: justify;\"><span style=\"font-size: 14pt;\"><strong><span style=\"font-family: 'book antiqua', palatino, serif;\">ALTINCI ULUSLARARASI ASSAM \u0130SLAM B\u0130RL\u0130\u011e\u0130<\/span><\/strong><\/span><\/p>\n<p style=\"text-align: justify;\"><span style=\"font-size: 14pt;\"><strong><span style=\"font-family: 'book antiqua', palatino, serif;\">KONGRES\u0130 PROGRAMI<\/span><\/strong><\/span><\/p>\n<p style=\"text-align: justify;\"><span style=\"font-size: 14pt;\"><strong><span style=\"font-family: 'book antiqua', palatino, serif;\">\u00a0<\/span><\/strong><\/span><\/p>\n<p style=\"text-align: justify;\"><span style=\"font-size: 14pt;\"><strong><span style=\"font-family: 'book antiqua', palatino, serif;\">\u00d6NEML\u0130 TAR\u0130HLER<\/span><\/strong><\/span><\/p>\n<ol style=\"text-align: justify;\">\n<li><span style=\"font-size: 14pt;\"><strong><span style=\"font-family: 'book antiqua', palatino, serif;\">\u00d6zet g\u00f6nderme son tarihi : 15 Temmuz 2022<\/span><\/strong><\/span><\/li>\n<li><span style=\"font-size: 14pt;\"><strong><span style=\"font-family: 'book antiqua', palatino, serif;\">Kabul edilen \u00f6zetlerin duyurusu : 15 A\u011fustos 2022<\/span><\/strong><\/span><\/li>\n<li><span style=\"font-size: 14pt;\"><strong><span style=\"font-family: 'book antiqua', palatino, serif;\">Tam metinlerin son g\u00f6nderme tarihi : 15 Eyl\u00fcl 2022<\/span><\/strong><\/span><\/li>\n<li><span style=\"font-size: 14pt;\"><strong><span style=\"font-family: 'book antiqua', palatino, serif; color: #ff0000;\">KONGRE TAR\u0130H\u0130 : 12-13 Kas\u0131m 2022<\/span><\/strong><\/span><\/li>\n<\/ol>\n<p style=\"text-align: justify;\"><span style=\"font-family: 'book antiqua', palatino, serif; font-size: 14pt;\">\u00a0<\/span><\/p>\n<p style=\"text-align: justify;\"><span style=\"font-family: 'book antiqua', palatino, serif; font-size: 14pt;\"><a href=\"#_ednref1\" name=\"_edn1\"><\/a><strong>[[i]]<\/strong>\u00a0<a href=\"tr\/kongre\/assam-kongre-2017\/islam-birligi-kongresi-ozet-kitapcigi.html\" target=\"_blank\" rel=\"noopener noreferrer\">https:\/\/assamcongress.com\/tr\/kongre\/assam-kongre-2017\/islam-birligi-kongresi-ozet-kitapcigi.html<\/a><\/span><\/p>\n<p style=\"text-align: justify;\"><span style=\"font-family: 'book antiqua', palatino, serif; font-size: 14pt;\"><a href=\"#_ednref2\" name=\"_edn2\"><\/a><strong>[[ii]]<\/strong>\u00a0<a href=\"tr\/kongre\/assam-kongre-2017\/kongre-17-deklarasyonu.html\" target=\"_blank\" rel=\"noopener noreferrer\">https:\/\/assamcongress.com\/tr\/kongre\/assam-kongre-2017\/kongre-17-deklarasyonu.html<\/a><\/span><\/p>\n<p style=\"text-align: justify;\"><span style=\"font-family: 'book antiqua', palatino, serif; font-size: 14pt;\"><a href=\"#_ednref3\" name=\"_edn3\"><\/a><strong>[[iii]]<\/strong>\u00a0<a href=\"tr\/kongre\/assam-kongre-2017\/konfederasyon-anayasasi.html\" target=\"_blank\" rel=\"noopener noreferrer\">https:\/\/www.assamcongress.com\/tr\/kongre\/assam-kongre-2017\/konfederasyon-anayasasi.html<\/a><\/span><\/p>\n<p style=\"text-align: justify;\"><span style=\"font-family: 'book antiqua', palatino, serif; font-size: 14pt;\"><a href=\"#_ednref4\" name=\"_edn4\"><\/a><strong>[[iv]]<\/strong>\u00a0<a href=\"tr\/kongre\/assam-kongre-2018\/kongre-18-deklarasyonu.html\" target=\"_blank\" rel=\"noopener noreferrer\">https:\/\/www.assamcongress.com\/tr\/kongre\/assam-kongre-2018\/kongre-18-deklarasyonu.html<\/a><\/span><\/p>\n<p style=\"text-align: justify;\"><span style=\"font-family: 'book antiqua', palatino, serif; font-size: 14pt;\"><a href=\"#_ednref5\" name=\"_edn5\"><\/a><strong>[[v]]<\/strong>\u00a0<a href=\"tr\/kongre\/assam-kongre-2019\/kongre-19-deklarasyonu.html\" target=\"_blank\" rel=\"noopener noreferrer\">https:\/\/assamcongress.com\/tr\/kongre\/assam-kongre-2019\/kongre-19-deklarasyonu.html<\/a><\/span><\/p>\n<p style=\"text-align: justify;\"><span style=\"font-family: 'book antiqua', palatino, serif; font-size: 14pt;\"><a href=\"#_ednref6\" name=\"_edn6\"><\/a><strong>[[vi]]<\/strong>\u00a0<a href=\"tr\/kongre\/assam-kongre-2019\/islam-birligi-kongresi-ozet-kitapcigi-19.html\" target=\"_blank\" rel=\"noopener noreferrer\">https:\/\/assamcongress.com\/tr\/kongre\/assam-kongre-2019\/islam-birligi-kongresi-ozet-kitapcigi-19.html<\/a><\/span><\/p>\n<p style=\"text-align: justify;\"><span style=\"font-family: 'book antiqua', palatino, serif; font-size: 14pt;\"><a href=\"#_ednref7\" name=\"_edn7\"><\/a><strong>[[vii]]<\/strong>\u00a0<a href=\"tr\/kongre\/assam-kongre-2020\/kongre-bildirgesi.html\" target=\"_blank\" rel=\"noopener noreferrer\">https:\/\/assamcongress.com\/tr\/kongre\/assam-kongre-2020\/kongre-bildirgesi.html<\/a><\/span><\/p>\n<p style=\"text-align: justify;\"><span style=\"font-family: 'book antiqua', palatino, serif; font-size: 14pt;\"><a href=\"#_ednref8\" name=\"_edn8\"><\/a><strong>[[viii]]<\/strong>\u00a0<a href=\"tr\/kongre\/assam-kongre-2020\/islam-birligi-kongresi-ozet-kitapcigi-20.html\" target=\"_blank\" rel=\"noopener noreferrer\">https:\/\/assamcongress.com\/tr\/kongre\/assam-kongre-2020\/islam-birligi-kongresi-ozet-kitapcigi-20.html<\/a><\/span><\/p>\n<p style=\"text-align: justify;\"><span style=\"font-family: 'book antiqua', palatino, serif; font-size: 14pt;\"><a href=\"#_ednref9\" name=\"_edn9\"><\/a><strong>[[ix]]<\/strong>\u00a0<a href=\"https:\/\/www.assam.org.tr\/index.php\/haberler\/haberler\/4-uncu-assam-islam-birligi-kongresi-bildiri-kitapcigi-yayinlandi-1152.html\" target=\"_blank\" rel=\"noopener noreferrer\">https:\/\/www.assam.org.tr\/index.php\/haberler\/haberler\/4-uncu-assam-islam-birligi-kongresi-bildiri-kitapcigi-yayinlandi-1152.html<\/a><\/span><\/p>\n<p style=\"text-align: justify;\"><span style=\"font-family: 'book antiqua', palatino, serif; font-size: 14pt;\"><a href=\"#_ednref10\" name=\"_edn10\"><\/a><strong>[[x]]\u00a0<\/strong><a href=\"tr\/kongre\/assam-kongre-2021\/kongre-bildirgesi.html\" target=\"_blank\" rel=\"noopener noreferrer\">https:\/\/www.assamcongress.com\/tr\/kongre\/assam-kongre-2021\/kongre-bildirgesi.html<\/a><\/span><\/p>\n<p style=\"text-align: justify;\"><span style=\"font-family: 'book antiqua', palatino, serif; font-size: 14pt;\"><a href=\"#_ednref11\" name=\"_edn11\"><\/a><strong>[[xi]]<\/strong>\u00a0<a href=\"https:\/\/assamcongress.com\/wp-content\/uploads\/2020\/03\/ASSAM-5.-Kongre-Ozet-Kitapcigi.pdf\" target=\"_blank\" rel=\"noopener noreferrer\">https:\/\/assamcongress.com\/https:\/\/assamcongress.com\/wp-content\/uploads\/2020\/03\/ASSAM-5.-Kongre-Ozet-Kitapcigi.pdf<\/a><\/span><\/p>\n<p style=\"text-align: justify;\"><span style=\"font-family: 'book antiqua', palatino, serif; font-size: 14pt;\"><a href=\"#_ednref12\" name=\"_edn12\"><\/a><strong>[[xii]]<\/strong>\u00a0<a href=\"https:\/\/assamcongress.com\/wp-content\/uploads\/2020\/03\/ASSAM-5.-Kongre-Tam-Metin-Kitapcigi.pdf\" target=\"_blank\" rel=\"noopener noreferrer\">https:\/\/www.assamcongress.com\/https:\/\/assamcongress.com\/wp-content\/uploads\/2020\/03\/ASSAM-5.-Kongre-Tam-Metin-Kitapcigi.pdf<\/a><\/span><\/p>\n<p style=\"text-align: justify;\"><span style=\"font-family: 'book antiqua', palatino, serif; font-size: 14pt;\"><strong>[[xiii]]<\/strong>\u00a0<a href=\"tr\/kongre\/assam-kongre-2020\/tam-metin-ve-ozet-yazim-formati.html\" target=\"_blank\" rel=\"noopener noreferrer\">https:\/\/assamcongress.com\/tr\/kongre\/assam-kongre-2020\/tam-metin-ve-ozet-yazim-formati.html<\/a><\/span><\/p>\n<p style=\"text-align: justify;\"><span style=\"font-family: 'book antiqua', palatino, serif; font-size: 14pt;\"><strong>[[xiv]]<\/strong>\u00a0<a href=\"https:\/\/dergipark.org.tr\/tr\/pub\/assam\" target=\"_blank\" rel=\"noopener noreferrer\">https:\/\/dergipark.org.tr\/tr\/pub\/assam<\/a><\/span><\/p>\n<p style=\"text-align: justify;\"><span style=\"font-family: 'book antiqua', palatino, serif; font-size: 14pt;\"><a href=\"#_ednref15\" name=\"_edn15\"><\/a><strong>[[xv]]<\/strong>\u00a0<a href=\"https:\/\/www.easo.europa.eu\/sites\/default\/files\/EASO-Asylum-Report-2020-Executive-Summary-TR.pdf\" target=\"_blank\" rel=\"noopener noreferrer\">https:\/\/www.easo.europa.eu\/sites\/default\/files\/EASO-Asylum-Report-2020-Executive-Summary-TR.pdf<\/a><\/span><\/p>\n<p style=\"text-align: justify;\"><span style=\"font-family: 'book antiqua', palatino, serif; font-size: 14pt;\"><a href=\"#_ednref16\" name=\"_edn16\"><\/a><strong>[[xvi]]<\/strong>\u00a0<a href=\"https:\/\/data2.unhcr.org\/en\/situations\/syria\" target=\"_blank\" rel=\"noopener noreferrer\">https:\/\/data2.unhcr.org\/en\/situations\/syria<\/a><\/span><\/p>\n","protected":false},"excerpt":{"rendered":"<p>ALTINCI ULUSLARARASI ASSAM \u0130SLAM B\u0130RL\u0130\u011e\u0130 KONGRE BEYANNAMES\u0130 \u00a0 GENEL Uluslararas\u0131 ASSAM \u0130slam Birli\u011fi Kongrelerinin amac\u0131; \u0130slam \u00dclkeleri Co\u011frafyas\u0131 ba\u015fta olmak \u00fczere d\u00fcnya siyasetinde g\u00fcncel sorunlarla ilgili olarak akademik ve siyasal bir zemin \u00fczerinde tespitler yapmak,\u00a0\u0130sl\u00e2m \u00dclkelerinin bir irade alt\u0131nda toplanmas\u0131 i\u00e7in gerekli m\u00fcesseseleri ve bu m\u00fcesseseler i\u00e7in gerekli mevzuat hakk\u0131nda \u0130slam D\u00fcnyas\u0131na ve karar vericilere [&hellip;]<\/p>\n","protected":false},"author":13,"featured_media":0,"comment_status":"open","ping_status":"open","sticky":false,"template":"","format":"standard","meta":{"_acf_changed":false,"footnotes":""},"categories":[270],"tags":[323,321],"class_list":["post-290","post","type-post","status-publish","format-standard","hentry","category-uncategorised-tr","tag-asrika","tag-dis-politika-stratejileri"],"acf":[],"yoast_head":"<!-- This site is optimized with the Yoast SEO plugin v26.0 - https:\/\/yoast.com\/wordpress\/plugins\/seo\/ -->\n<title>6nc\u0131 Uluslararas\u0131 ASSAM \u0130slam Birli\u011fi Kongresi: ASR\u0130KA Konfederasyonu D\u0131\u015f Politika Stratejileri - ASSAM Congress<\/title>\n<meta name=\"robots\" content=\"index, follow, max-snippet:-1, max-image-preview:large, max-video-preview:-1\" \/>\n<link rel=\"canonical\" href=\"https:\/\/assamcongress.com\/tr\/6nci-uluslararasi-assam-i%cc%87slam-birligi-kongresi-asri%cc%87ka-konfederasyonu-dis-politika-stratejileri\/\" \/>\n<meta property=\"og:locale\" content=\"tr_TR\" \/>\n<meta property=\"og:type\" content=\"article\" \/>\n<meta property=\"og:title\" content=\"6nc\u0131 Uluslararas\u0131 ASSAM \u0130slam Birli\u011fi Kongresi: ASR\u0130KA Konfederasyonu D\u0131\u015f Politika Stratejileri - ASSAM Congress\" \/>\n<meta property=\"og:description\" content=\"ALTINCI ULUSLARARASI ASSAM \u0130SLAM B\u0130RL\u0130\u011e\u0130 KONGRE BEYANNAMES\u0130 \u00a0 GENEL Uluslararas\u0131 ASSAM \u0130slam Birli\u011fi Kongrelerinin amac\u0131; \u0130slam \u00dclkeleri Co\u011frafyas\u0131 ba\u015fta olmak \u00fczere d\u00fcnya siyasetinde g\u00fcncel sorunlarla ilgili olarak akademik ve siyasal bir zemin \u00fczerinde tespitler yapmak,\u00a0\u0130sl\u00e2m \u00dclkelerinin bir irade alt\u0131nda toplanmas\u0131 i\u00e7in gerekli m\u00fcesseseleri ve bu m\u00fcesseseler i\u00e7in gerekli mevzuat hakk\u0131nda \u0130slam D\u00fcnyas\u0131na ve karar vericilere [&hellip;]\" \/>\n<meta property=\"og:url\" content=\"https:\/\/assamcongress.com\/tr\/6nci-uluslararasi-assam-i%cc%87slam-birligi-kongresi-asri%cc%87ka-konfederasyonu-dis-politika-stratejileri\/\" \/>\n<meta property=\"og:site_name\" content=\"ASSAM Congress\" \/>\n<meta property=\"article:publisher\" content=\"https:\/\/facebook.com\/assamcongresses\" \/>\n<meta property=\"article:published_time\" content=\"2020-03-09T13:58:15+00:00\" \/>\n<meta name=\"author\" content=\"ASSAM Web Admin\" \/>\n<meta name=\"twitter:card\" content=\"summary_large_image\" \/>\n<meta name=\"twitter:creator\" content=\"@assamcongresses\" \/>\n<meta name=\"twitter:site\" content=\"@assamcongresses\" \/>\n<meta name=\"twitter:label1\" content=\"Yazan:\" \/>\n\t<meta name=\"twitter:data1\" content=\"ASSAM Web Admin\" \/>\n\t<meta name=\"twitter:label2\" content=\"Tahmini okuma s\u00fcresi\" \/>\n\t<meta name=\"twitter:data2\" content=\"12 dakika\" \/>\n<script type=\"application\/ld+json\" class=\"yoast-schema-graph\">{\"@context\":\"https:\/\/schema.org\",\"@graph\":[{\"@type\":\"Article\",\"@id\":\"https:\/\/assamcongress.com\/tr\/6nci-uluslararasi-assam-i%cc%87slam-birligi-kongresi-asri%cc%87ka-konfederasyonu-dis-politika-stratejileri\/#article\",\"isPartOf\":{\"@id\":\"https:\/\/assamcongress.com\/tr\/6nci-uluslararasi-assam-i%cc%87slam-birligi-kongresi-asri%cc%87ka-konfederasyonu-dis-politika-stratejileri\/\"},\"author\":{\"name\":\"ASSAM Web Admin\",\"@id\":\"https:\/\/assamcongress.com\/tr\/#\/schema\/person\/88ab876df3f064629243273a9d94ceed\"},\"headline\":\"6nc\u0131 Uluslararas\u0131 ASSAM \u0130slam Birli\u011fi Kongresi: ASR\u0130KA Konfederasyonu D\u0131\u015f Politika Stratejileri\",\"datePublished\":\"2020-03-09T13:58:15+00:00\",\"mainEntityOfPage\":{\"@id\":\"https:\/\/assamcongress.com\/tr\/6nci-uluslararasi-assam-i%cc%87slam-birligi-kongresi-asri%cc%87ka-konfederasyonu-dis-politika-stratejileri\/\"},\"wordCount\":2440,\"commentCount\":0,\"publisher\":{\"@id\":\"https:\/\/assamcongress.com\/tr\/#organization\"},\"keywords\":[\"ASR\u0130KA\",\"D\u0131\u015f Politika Stratejileri\"],\"articleSection\":[\"Uncategorised\"],\"inLanguage\":\"tr\"},{\"@type\":\"WebPage\",\"@id\":\"https:\/\/assamcongress.com\/tr\/6nci-uluslararasi-assam-i%cc%87slam-birligi-kongresi-asri%cc%87ka-konfederasyonu-dis-politika-stratejileri\/\",\"url\":\"https:\/\/assamcongress.com\/tr\/6nci-uluslararasi-assam-i%cc%87slam-birligi-kongresi-asri%cc%87ka-konfederasyonu-dis-politika-stratejileri\/\",\"name\":\"6nc\u0131 Uluslararas\u0131 ASSAM \u0130slam Birli\u011fi Kongresi: ASR\u0130KA Konfederasyonu D\u0131\u015f Politika Stratejileri - ASSAM Congress\",\"isPartOf\":{\"@id\":\"https:\/\/assamcongress.com\/tr\/#website\"},\"datePublished\":\"2020-03-09T13:58:15+00:00\",\"breadcrumb\":{\"@id\":\"https:\/\/assamcongress.com\/tr\/6nci-uluslararasi-assam-i%cc%87slam-birligi-kongresi-asri%cc%87ka-konfederasyonu-dis-politika-stratejileri\/#breadcrumb\"},\"inLanguage\":\"tr\",\"potentialAction\":[{\"@type\":\"ReadAction\",\"target\":[\"https:\/\/assamcongress.com\/tr\/6nci-uluslararasi-assam-i%cc%87slam-birligi-kongresi-asri%cc%87ka-konfederasyonu-dis-politika-stratejileri\/\"]}]},{\"@type\":\"BreadcrumbList\",\"@id\":\"https:\/\/assamcongress.com\/tr\/6nci-uluslararasi-assam-i%cc%87slam-birligi-kongresi-asri%cc%87ka-konfederasyonu-dis-politika-stratejileri\/#breadcrumb\",\"itemListElement\":[{\"@type\":\"ListItem\",\"position\":1,\"name\":\"Home\",\"item\":\"https:\/\/assamcongress.com\/tr\/\"},{\"@type\":\"ListItem\",\"position\":2,\"name\":\"6nc\u0131 Uluslararas\u0131 ASSAM \u0130slam Birli\u011fi Kongresi: ASR\u0130KA Konfederasyonu D\u0131\u015f Politika Stratejileri\"}]},{\"@type\":\"WebSite\",\"@id\":\"https:\/\/assamcongress.com\/tr\/#website\",\"url\":\"https:\/\/assamcongress.com\/tr\/\",\"name\":\"ASSAM International Congresses\",\"description\":\"Adaleti Savunanlar Stratejik Ara\u015ft\u0131rmalar Merkezi\",\"publisher\":{\"@id\":\"https:\/\/assamcongress.com\/tr\/#organization\"},\"potentialAction\":[{\"@type\":\"SearchAction\",\"target\":{\"@type\":\"EntryPoint\",\"urlTemplate\":\"https:\/\/assamcongress.com\/tr\/?s={search_term_string}\"},\"query-input\":{\"@type\":\"PropertyValueSpecification\",\"valueRequired\":true,\"valueName\":\"search_term_string\"}}],\"inLanguage\":\"tr\"},{\"@type\":\"Organization\",\"@id\":\"https:\/\/assamcongress.com\/tr\/#organization\",\"name\":\"ASSAM - Justice Defenders Strategic Studies Center\",\"url\":\"https:\/\/assamcongress.com\/tr\/\",\"logo\":{\"@type\":\"ImageObject\",\"inLanguage\":\"tr\",\"@id\":\"https:\/\/assamcongress.com\/tr\/#\/schema\/logo\/image\/\",\"url\":\"https:\/\/assamcongress.com\/download\/2025\/09\/ASSAM-Logo-2023-1-scaled.png\",\"contentUrl\":\"https:\/\/assamcongress.com\/download\/2025\/09\/ASSAM-Logo-2023-1-scaled.png\",\"width\":2560,\"height\":2560,\"caption\":\"ASSAM - Justice Defenders Strategic Studies Center\"},\"image\":{\"@id\":\"https:\/\/assamcongress.com\/tr\/#\/schema\/logo\/image\/\"},\"sameAs\":[\"https:\/\/facebook.com\/assamcongresses\",\"https:\/\/x.com\/assamcongresses\",\"https:\/\/linkedin.com\/showcase\/assamcongresses\",\"http:\/\/youtube.com\/ASSAMCongress\",\"https:\/\/sosyal.teknofest.app\/@assam_der\"]},{\"@type\":\"Person\",\"@id\":\"https:\/\/assamcongress.com\/tr\/#\/schema\/person\/88ab876df3f064629243273a9d94ceed\",\"name\":\"ASSAM Web Admin\",\"image\":{\"@type\":\"ImageObject\",\"inLanguage\":\"tr\",\"@id\":\"https:\/\/assamcongress.com\/tr\/#\/schema\/person\/image\/\",\"url\":\"https:\/\/secure.gravatar.com\/avatar\/b64b9f9a11c3402664510c42229973ea79f05e8f86997d5123fb1c02cf533ea4?s=96&d=mm&r=g\",\"contentUrl\":\"https:\/\/secure.gravatar.com\/avatar\/b64b9f9a11c3402664510c42229973ea79f05e8f86997d5123fb1c02cf533ea4?s=96&d=mm&r=g\",\"caption\":\"ASSAM Web Admin\"},\"url\":\"https:\/\/assamcongress.com\/tr\/author\/assamkongre\/\"}]}<\/script>\n<!-- \/ Yoast SEO plugin. -->","yoast_head_json":{"title":"6nc\u0131 Uluslararas\u0131 ASSAM \u0130slam Birli\u011fi Kongresi: ASR\u0130KA Konfederasyonu D\u0131\u015f Politika Stratejileri - ASSAM Congress","robots":{"index":"index","follow":"follow","max-snippet":"max-snippet:-1","max-image-preview":"max-image-preview:large","max-video-preview":"max-video-preview:-1"},"canonical":"https:\/\/assamcongress.com\/tr\/6nci-uluslararasi-assam-i%cc%87slam-birligi-kongresi-asri%cc%87ka-konfederasyonu-dis-politika-stratejileri\/","og_locale":"tr_TR","og_type":"article","og_title":"6nc\u0131 Uluslararas\u0131 ASSAM \u0130slam Birli\u011fi Kongresi: ASR\u0130KA Konfederasyonu D\u0131\u015f Politika Stratejileri - ASSAM Congress","og_description":"ALTINCI ULUSLARARASI ASSAM \u0130SLAM B\u0130RL\u0130\u011e\u0130 KONGRE BEYANNAMES\u0130 \u00a0 GENEL Uluslararas\u0131 ASSAM \u0130slam Birli\u011fi Kongrelerinin amac\u0131; \u0130slam \u00dclkeleri Co\u011frafyas\u0131 ba\u015fta olmak \u00fczere d\u00fcnya siyasetinde g\u00fcncel sorunlarla ilgili olarak akademik ve siyasal bir zemin \u00fczerinde tespitler yapmak,\u00a0\u0130sl\u00e2m \u00dclkelerinin bir irade alt\u0131nda toplanmas\u0131 i\u00e7in gerekli m\u00fcesseseleri ve bu m\u00fcesseseler i\u00e7in gerekli mevzuat hakk\u0131nda \u0130slam D\u00fcnyas\u0131na ve karar vericilere [&hellip;]","og_url":"https:\/\/assamcongress.com\/tr\/6nci-uluslararasi-assam-i%cc%87slam-birligi-kongresi-asri%cc%87ka-konfederasyonu-dis-politika-stratejileri\/","og_site_name":"ASSAM Congress","article_publisher":"https:\/\/facebook.com\/assamcongresses","article_published_time":"2020-03-09T13:58:15+00:00","author":"ASSAM Web Admin","twitter_card":"summary_large_image","twitter_creator":"@assamcongresses","twitter_site":"@assamcongresses","twitter_misc":{"Yazan:":"ASSAM Web Admin","Tahmini okuma s\u00fcresi":"12 dakika"},"schema":{"@context":"https:\/\/schema.org","@graph":[{"@type":"Article","@id":"https:\/\/assamcongress.com\/tr\/6nci-uluslararasi-assam-i%cc%87slam-birligi-kongresi-asri%cc%87ka-konfederasyonu-dis-politika-stratejileri\/#article","isPartOf":{"@id":"https:\/\/assamcongress.com\/tr\/6nci-uluslararasi-assam-i%cc%87slam-birligi-kongresi-asri%cc%87ka-konfederasyonu-dis-politika-stratejileri\/"},"author":{"name":"ASSAM Web Admin","@id":"https:\/\/assamcongress.com\/tr\/#\/schema\/person\/88ab876df3f064629243273a9d94ceed"},"headline":"6nc\u0131 Uluslararas\u0131 ASSAM \u0130slam Birli\u011fi Kongresi: ASR\u0130KA Konfederasyonu D\u0131\u015f Politika Stratejileri","datePublished":"2020-03-09T13:58:15+00:00","mainEntityOfPage":{"@id":"https:\/\/assamcongress.com\/tr\/6nci-uluslararasi-assam-i%cc%87slam-birligi-kongresi-asri%cc%87ka-konfederasyonu-dis-politika-stratejileri\/"},"wordCount":2440,"commentCount":0,"publisher":{"@id":"https:\/\/assamcongress.com\/tr\/#organization"},"keywords":["ASR\u0130KA","D\u0131\u015f Politika Stratejileri"],"articleSection":["Uncategorised"],"inLanguage":"tr"},{"@type":"WebPage","@id":"https:\/\/assamcongress.com\/tr\/6nci-uluslararasi-assam-i%cc%87slam-birligi-kongresi-asri%cc%87ka-konfederasyonu-dis-politika-stratejileri\/","url":"https:\/\/assamcongress.com\/tr\/6nci-uluslararasi-assam-i%cc%87slam-birligi-kongresi-asri%cc%87ka-konfederasyonu-dis-politika-stratejileri\/","name":"6nc\u0131 Uluslararas\u0131 ASSAM \u0130slam Birli\u011fi Kongresi: ASR\u0130KA Konfederasyonu D\u0131\u015f Politika Stratejileri - ASSAM Congress","isPartOf":{"@id":"https:\/\/assamcongress.com\/tr\/#website"},"datePublished":"2020-03-09T13:58:15+00:00","breadcrumb":{"@id":"https:\/\/assamcongress.com\/tr\/6nci-uluslararasi-assam-i%cc%87slam-birligi-kongresi-asri%cc%87ka-konfederasyonu-dis-politika-stratejileri\/#breadcrumb"},"inLanguage":"tr","potentialAction":[{"@type":"ReadAction","target":["https:\/\/assamcongress.com\/tr\/6nci-uluslararasi-assam-i%cc%87slam-birligi-kongresi-asri%cc%87ka-konfederasyonu-dis-politika-stratejileri\/"]}]},{"@type":"BreadcrumbList","@id":"https:\/\/assamcongress.com\/tr\/6nci-uluslararasi-assam-i%cc%87slam-birligi-kongresi-asri%cc%87ka-konfederasyonu-dis-politika-stratejileri\/#breadcrumb","itemListElement":[{"@type":"ListItem","position":1,"name":"Home","item":"https:\/\/assamcongress.com\/tr\/"},{"@type":"ListItem","position":2,"name":"6nc\u0131 Uluslararas\u0131 ASSAM \u0130slam Birli\u011fi Kongresi: ASR\u0130KA Konfederasyonu D\u0131\u015f Politika Stratejileri"}]},{"@type":"WebSite","@id":"https:\/\/assamcongress.com\/tr\/#website","url":"https:\/\/assamcongress.com\/tr\/","name":"ASSAM International Congresses","description":"Adaleti Savunanlar Stratejik Ara\u015ft\u0131rmalar Merkezi","publisher":{"@id":"https:\/\/assamcongress.com\/tr\/#organization"},"potentialAction":[{"@type":"SearchAction","target":{"@type":"EntryPoint","urlTemplate":"https:\/\/assamcongress.com\/tr\/?s={search_term_string}"},"query-input":{"@type":"PropertyValueSpecification","valueRequired":true,"valueName":"search_term_string"}}],"inLanguage":"tr"},{"@type":"Organization","@id":"https:\/\/assamcongress.com\/tr\/#organization","name":"ASSAM - Justice Defenders Strategic Studies Center","url":"https:\/\/assamcongress.com\/tr\/","logo":{"@type":"ImageObject","inLanguage":"tr","@id":"https:\/\/assamcongress.com\/tr\/#\/schema\/logo\/image\/","url":"https:\/\/assamcongress.com\/download\/2025\/09\/ASSAM-Logo-2023-1-scaled.png","contentUrl":"https:\/\/assamcongress.com\/download\/2025\/09\/ASSAM-Logo-2023-1-scaled.png","width":2560,"height":2560,"caption":"ASSAM - Justice Defenders Strategic Studies Center"},"image":{"@id":"https:\/\/assamcongress.com\/tr\/#\/schema\/logo\/image\/"},"sameAs":["https:\/\/facebook.com\/assamcongresses","https:\/\/x.com\/assamcongresses","https:\/\/linkedin.com\/showcase\/assamcongresses","http:\/\/youtube.com\/ASSAMCongress","https:\/\/sosyal.teknofest.app\/@assam_der"]},{"@type":"Person","@id":"https:\/\/assamcongress.com\/tr\/#\/schema\/person\/88ab876df3f064629243273a9d94ceed","name":"ASSAM Web Admin","image":{"@type":"ImageObject","inLanguage":"tr","@id":"https:\/\/assamcongress.com\/tr\/#\/schema\/person\/image\/","url":"https:\/\/secure.gravatar.com\/avatar\/b64b9f9a11c3402664510c42229973ea79f05e8f86997d5123fb1c02cf533ea4?s=96&d=mm&r=g","contentUrl":"https:\/\/secure.gravatar.com\/avatar\/b64b9f9a11c3402664510c42229973ea79f05e8f86997d5123fb1c02cf533ea4?s=96&d=mm&r=g","caption":"ASSAM Web Admin"},"url":"https:\/\/assamcongress.com\/tr\/author\/assamkongre\/"}]}},"_links":{"self":[{"href":"https:\/\/assamcongress.com\/tr\/wp-json\/wp\/v2\/posts\/290","targetHints":{"allow":["GET"]}}],"collection":[{"href":"https:\/\/assamcongress.com\/tr\/wp-json\/wp\/v2\/posts"}],"about":[{"href":"https:\/\/assamcongress.com\/tr\/wp-json\/wp\/v2\/types\/post"}],"author":[{"embeddable":true,"href":"https:\/\/assamcongress.com\/tr\/wp-json\/wp\/v2\/users\/13"}],"replies":[{"embeddable":true,"href":"https:\/\/assamcongress.com\/tr\/wp-json\/wp\/v2\/comments?post=290"}],"version-history":[{"count":0,"href":"https:\/\/assamcongress.com\/tr\/wp-json\/wp\/v2\/posts\/290\/revisions"}],"wp:attachment":[{"href":"https:\/\/assamcongress.com\/tr\/wp-json\/wp\/v2\/media?parent=290"}],"wp:term":[{"taxonomy":"category","embeddable":true,"href":"https:\/\/assamcongress.com\/tr\/wp-json\/wp\/v2\/categories?post=290"},{"taxonomy":"post_tag","embeddable":true,"href":"https:\/\/assamcongress.com\/tr\/wp-json\/wp\/v2\/tags?post=290"}],"curies":[{"name":"wp","href":"https:\/\/api.w.org\/{rel}","templated":true}]}}