{"id":293,"date":"2023-06-23T16:04:57","date_gmt":"2023-06-23T13:04:57","guid":{"rendered":"https:\/\/yeni.assamcongress.com\/7-kongre\/"},"modified":"2023-06-23T16:04:57","modified_gmt":"2023-06-23T13:04:57","slug":"7-kongre","status":"publish","type":"post","link":"https:\/\/assamcongress.com\/tr\/7-kongre\/","title":{"rendered":"7&#8217;NC\u0130 ULUSLARARASI ASSAM \u0130SLAM B\u0130RL\u0130\u011e\u0130 MODEL\u0130 KONGRES\u0130: MODEL ASR\u0130KA KONFEDERASYONU ADALET S\u0130STEM\u0130"},"content":{"rendered":"<p style=\"text-align: justify;\">GENEL<\/p>\n<p style=\"text-align: justify;\">Uluslararas\u0131 ASSAM \u0130slam Birli\u011fi Modeli Kongreleri\u2019nin amac\u0131; \u0130slam \u00fclkeleri co\u011frafyas\u0131 ba\u015fta olmak \u00fczere d\u00fcnya siyasetinde g\u00fcncel sorunlarla ilgili olarak akademik ve siyasal bir zemin \u00fczerinde tespitler yapmak,\u00a0<strong>\u0130sl\u00e2m \u00fclkelerinin bir irade alt\u0131nda toplanmas\u0131 i\u00e7in gerekli m\u00fcesseseleri ve bu m\u00fcesseseler i\u00e7in gerekli mevzuat hakk\u0131nda \u0130slam d\u00fcnyas\u0131na ve karar vericilere bir hal tarz\u0131 sunmakt\u0131r.<\/strong><\/p>\n<p style=\"text-align: justify;\"><strong>Uluslararas\u0131 ASSAM \u0130slam Birli\u011fi Modeli Kongreleri\u2019nin\u00a0<\/strong>Birincisine 27 \u0130sl\u00e2m \u00fclkesinden kat\u0131lan STK temsilcileri ve akademisyenlerle yap\u0131lan isti\u015fare sonucunda s\u00fcreklili\u011finin sa\u011flanmas\u0131na karar verilmi\u015ftir.<\/p>\n<p style=\"text-align: justify;\"><strong>Devletlerin asl\u00ee faaliyet alanlar\u0131\u00a0<\/strong>da dikkate al\u0131narak,\u00a0<strong>ilki 2017<\/strong>,\u00a0<strong>ikincisi 2018, \u00fc\u00e7\u00fcnc\u00fcs\u00fc 2019, d\u00f6rd\u00fcnc\u00fcs\u00fc 2020, be\u015fincisi 2021, alt\u0131nc\u0131s\u0131 2022 y\u0131l\u0131nda<\/strong>\u00a0ger\u00e7ekle\u015ftirilen ve her y\u0131l icra edilmesi planlanan\u00a0<strong>&#8220;Uluslararas\u0131 ASSAM \u0130sl\u00e2m Birli\u011fi Modeli Kongreleri&#8221; serisinin, ge\u00e7mi\u015f y\u0131llarda uygulanan ve\u00a0bu y\u0131l uygulanacak\u00a0ana konular\u0131<\/strong>;<\/p>\n<ol style=\"text-align: justify;\">\n<li>\u0130slam Birli\u011fi i\u00e7in\u00a0<strong>Y\u00f6netim \u015eekil ve Organlar\u0131 Mevzuat\u0131n\u0131n\u00a0<\/strong>Tespiti\u00a0<strong>(2017-Yap\u0131ld\u0131)<\/strong><\/li>\n<li>\u0130slam Birli\u011fi i\u00e7in\u00a0<strong>Ekonomik \u0130\u015f Birli\u011fi Usul ve Esaslar\u0131n\u0131n\u00a0<\/strong>Tespiti\u00a0<strong>(2018-Yap\u0131ld\u0131)<\/strong><\/li>\n<li>\u0130sl\u00e2m Birli\u011fi i\u00e7in\u00a0<strong>Savunma Sanayi \u0130\u015f Birli\u011fi Usul ve Esaslar\u0131n\u0131n\u00a0<\/strong>Tespiti\u00a0<strong>(2019-Yap\u0131ld\u0131)<\/strong><\/li>\n<li>\u0130sl\u00e2m Birli\u011fi i\u00e7in\u00a0<strong>Ortak Savunma Sistemi Usul ve Esaslar\u0131n\u0131n\u00a0<\/strong>Tespiti\u00a0<strong>(2020-Yap\u0131ld\u0131)<\/strong><\/li>\n<li>\u0130sl\u00e2m Birli\u011fi i\u00e7in\u00a0<strong>Ortak D\u0131\u015f Politika Usul ve Esaslar\u0131n\u0131n\u00a0<\/strong>Tespiti\u00a0<strong>(2021-Yap\u0131ld\u0131)<\/strong><\/li>\n<li>\u0130sl\u00e2m Birli\u011fi i\u00e7in<strong>\u00a0Ortak Asayi\u015f ve G\u00fcvenlik Usul ve Esaslar\u0131n\u0131n\u00a0<\/strong>Tespiti<strong>\u00a0(2022-Yap\u0131ld\u0131)<\/strong><\/li>\n<li><span style=\"color: #ff0000;\"><strong>\u0130sl\u00e2m Birli\u011fi i\u00e7in\u00a0Ortak Adalet Sistemi Usul ve Esaslar\u0131n Tespiti (2023)<\/strong><\/span><\/li>\n<\/ol>\n<p style=\"text-align: justify;\">\u015feklinde se\u00e7ilmi\u015f ve sonunda\u00a0<strong>\u0130slam \u00fclkelerinin bir irade alt\u0131nda toplanmas\u0131 i\u00e7in gereken m\u00fcesseseler ve bu m\u00fcesseselerin mevzuat\u0131n\u0131n bir model olarak ortaya konulmas\u0131\u00a0<\/strong>ama\u00e7lanm\u0131\u015ft\u0131r.<\/p>\n<p style=\"text-align: justify;\"><strong>Kongrenin birincisi ASSAM merkezinin bulundu\u011fu \u0130stanbul\u2019da, \u00dcsk\u00fcdar \u00dcniversitesi, Adaleti Savunanlar Derne\u011fi (ASDER) ve \u0130slam D\u00fcnyas\u0131 Sivil Toplum Kurulu\u015flar\u0131 Birli\u011fi\u2019nin (\u0130DSB) i\u015f birli\u011fi ile 23-24 Kas\u0131m 2017 tarihinde yap\u0131lm\u0131\u015ft\u0131r.<\/strong><\/p>\n<p style=\"text-align: justify;\">Birinci Uluslararas\u0131\u00a0<strong>ASSAM<\/strong>\u00a0\u0130sl\u00e2m Birli\u011fi Modeli Kongresi\u2019ne\u00a0<strong>27 \u0130sl\u00e2m \u00fclkesinden sivil toplum kurulu\u015fu temsilcisi ve akademisyen\u00a0<\/strong>kat\u0131lm\u0131\u015f olup,\u00a0<strong>11 \u00fclkeden 31 akademisyen\u00a0<\/strong>taraf\u0131ndan bildiri \u00f6zetleri sunulmu\u015f ve bildiriler\u00a0<strong>ASSAM Kongre web sitesinde yay\u0131nlanm\u0131\u015ft\u0131r<\/strong>.\u00a0<strong>[<a href=\"#_edn1\" name=\"_ednref1\">[i]<\/a>]<\/strong><\/p>\n<p style=\"text-align: justify;\">Kongre sonucunda\u00a0<strong>\u201c\u0130sl\u00e2m \u00dclkeleri Parlamentosu\u201d<\/strong>\u00a0kurulmas\u0131 ve her \u0130sl\u00e2m \u00fclkesinin bakanlar kurulunda\u00a0<strong>\u201c\u0130sl\u00e2m Birli\u011fi Bakanl\u0131\u011f\u0131\u201d\u00a0<\/strong>ihdas edilmesi gerekti\u011fi kanaatine var\u0131lm\u0131\u015f ve ASSAM Y\u00f6netim Kurulu\u2019nca onaylanan\u00a0<strong>\u201c\u0130sl\u00e2m \u00dclkeleri Konfederasyonu Bildirgesi<\/strong>\u201d\u00a0<strong>29\u2019u \u0130slam \u00fclkelerinden 80\u2019i T\u00fcrkiye\u2019den olmak \u00fczere 109 STK yetkilisi taraf\u0131ndan da imzalanarak\u00a0<\/strong>bas\u0131n vas\u0131tas\u0131yla d\u00fcnya kamuoyuna duyurulmu\u015ftur.\u00a0<strong>[<\/strong><a href=\"#_edn2\" name=\"_ednref2\"><strong>[ii]<\/strong><\/a><strong>]<\/strong><\/p>\n<p style=\"text-align: justify;\">Ayr\u0131ca bildirilerde vurgulanan h\u00fck\u00fcmler dikkate al\u0131narak\u00a0<strong>\u0130sl\u00e2m \u00fclkeleri konfederasyonu i\u00e7in model bir anayasa tasla\u011f\u0131 haz\u0131rlanm\u0131\u015ft\u0131r<\/strong>.\u00a0<strong>[<a href=\"#_edn3\" name=\"_ednref3\">[iii]<\/a>]<\/strong><\/p>\n<p style=\"text-align: justify;\"><strong>Kongremizin ikincisi yine ASSAM merkezinin bulundu\u011fu \u0130stanbul\u2019da \u00dcsk\u00fcdar \u00dcniversitesi, Adaleti Savunanlar Derne\u011fi (ASDER), \u0130slam D\u00fcnyas\u0131 STK Birli\u011fi (\u0130DSB) ve Uluslararas\u0131 M\u00fcsl\u00fcman \u00c2limler Birli\u011fi\u2019nin\u00a0<\/strong>(<strong>IUMS \/ International Union of Muslim Scholars) i\u015f birli\u011fi ile 1-2 Kas\u0131m 2018 tarihinde yap\u0131lm\u0131\u015ft\u0131r.<\/strong><\/p>\n<p style=\"text-align: justify;\"><strong>\u0130kinci<\/strong>\u00a0Uluslararas\u0131 ASSAM \u0130slam Birli\u011fi Modeli Kongresi\u2019ne;\u00a0<strong>29 \u0130slam \u00fclkesinden sivil toplum kurulu\u015fu temsilcisi ve akademisyen<\/strong>\u00a0kat\u0131lm\u0131\u015f,\u00a0<strong>15 \u00fclkeden 66 akademisyen<\/strong>\u00a0taraf\u0131ndan\u00a0<strong>58 bildiri<\/strong>\u00a0sunulmu\u015f, bildiriler\u00a0<strong>ASSAM Kongre WEB Sitesinde elektronik ortamda yay\u0131nlanm\u0131\u015ft\u0131r.<\/strong><\/p>\n<p style=\"text-align: justify;\"><strong>\u0130kinci\u00a0<\/strong>kongrede sunulan bildiriler ve Kongre Sonu\u00e7 Raporu dikkate al\u0131narak, Birinci Kongre Bildirgesi\u2019ni de kapsayacak \u015fekilde \u0130kinci Kongre Bildirgesi haz\u0131rlanm\u0131\u015f, karar verici mekanizmalara, \u0130sl\u00e2m d\u00fcnyas\u0131ndan t\u00fcm davetli ve kat\u0131l\u0131mc\u0131lara ve d\u00fcnya kamuoyuna sunulmu\u015f ve ASSAM Kongre WEB sitemizde yay\u0131nlanm\u0131\u015ft\u0131r.\u00a0<strong>[<\/strong><a href=\"#_edn4\" name=\"_ednref4\"><strong>[iv]<\/strong><\/a><strong>]<\/strong><\/p>\n<p style=\"text-align: justify;\">\u00dc\u00e7\u00fcnc\u00fc Uluslararas\u0131 ASSAM \u0130slam Birli\u011fi Modeli Kongresi\u2019ne 45 \u0130slam \u00fclkesinden sivil toplum kurulu\u015fu temsilcileri ve akademisyenler kat\u0131lm\u0131\u015f olup, 10 \u00fclkeden 57 akademisyen taraf\u0131ndan 58 bildiri sunulmu\u015ftur. Kongre Sonu\u00e7 Bildirgesi [<a href=\"#_edn5\" name=\"_ednref5\"><strong>[v]<\/strong><\/a>] ve Bildiri \u00d6zetleri [<a href=\"#_edn6\" name=\"_ednref6\"><strong>[vi]<\/strong><\/a>] ASSAM Kongre web sitesinde yay\u0131nlanm\u0131\u015ft\u0131r.<\/p>\n<p style=\"text-align: justify;\">D\u00f6rd\u00fcnc\u00fc Uluslararas\u0131 ASSAM \u0130slam Birli\u011fi Modeli Kongresi; \u0130stanbul\u2019da, \u00dcsk\u00fcdar \u00dcniversitesi (\u00dc\u00dc), K\u00fctahya Dumlup\u0131nar \u00dcniversitesi (DP\u00dc), Adaleti Savunanlar Derne\u011fi (ASDER) ve \u0130slam D\u00fcnyas\u0131 STK Birli\u011fi (\u0130DSB) i\u015ftirakiyle 12 Aral\u0131k 2020 tarihinde video-konferans y\u00f6ntemi ile \u0130sl\u00e2m Birli\u011fi \u0130\u00e7in Ortak Savunma Sistemi Usul ve Esaslar\u0131n\u0131n Tespiti, \u201cModel ASR\u0130KA Konfederasyonu Savunma Sistemi\u201d ana temas\u0131 alt\u0131nda yap\u0131lm\u0131\u015ft\u0131r.<\/p>\n<p style=\"text-align: justify;\"><strong>D\u00f6rd\u00fcnc\u00fc<\/strong>\u00a0Uluslararas\u0131 ASSAM \u0130slam Birli\u011fi Modeli Kongresi\u2019nde 15 \u0130slam \u00fclkesinden 28 akademisyen 27 bildiri sunmu\u015ftur. Birinci, ikinci ve \u00fc\u00e7\u00fcnc\u00fc kongre bildirgelerini de kapsayacak \u015fekilde Kongre Bildirgesi [<a href=\"#_edn7\" name=\"_ednref7\"><strong>[vii]<\/strong><\/a>] ve Bildiri \u00d6zetleri [<a href=\"#_edn8\" name=\"_ednref8\"><strong>[viii]<\/strong><\/a>] ile Bildiri Tam Metin Kitab\u0131\u00a0<strong>[<a href=\"#_edn9\" name=\"_ednref9\">[ix]<\/a>]<\/strong>\u00a0<strong>ASSAM Kongre WEB<\/strong>\u00a0sitemizde yay\u0131nlanm\u0131\u015ft\u0131r.<\/p>\n<p style=\"text-align: justify;\"><strong>Be\u015finci<\/strong>\u00a0Uluslararas\u0131 ASSAM \u0130slam Birli\u011fi Modeli Kongremiz 18-19 Aral\u0131k 2021 tarihlerinde video-konferans y\u00f6ntemi uygulanarak \u0130stanbul\u2019da, K\u00fctahya Dumlup\u0131nar \u00dcniversitesi (DP\u00dc), Adaleti Savunanlar Derne\u011fi (ASDER) ve \u0130slam D\u00fcnyas\u0131 STK Birli\u011fi (\u0130DSB) i\u015ftirakiyle\u00a0<strong>\u0130sl\u00e2m Birli\u011fi i\u00e7in<\/strong>\u00a0<strong>Ortak\u00a0D\u0131\u015f Politika Usul ve Esaslar\u0131n\u0131n Tespiti<\/strong>\u00a0\u201c<strong>Model<\/strong>\u00a0<strong>ASR\u0130KA Konfederasyonu D\u0131\u015f Politika Stratejisi<\/strong>\u201d ana temas\u0131yla yap\u0131lm\u0131\u015ft\u0131r.<\/p>\n<p style=\"text-align: justify;\"><strong>Be\u015finci<\/strong>\u00a0Uluslararas\u0131 ASSAM \u0130slam Birli\u011fi Modeli Kongresi\u2019nde 19 \u0130slam \u00fclkesinden 37 akademisyen 39 bildiri sunmu\u015ftur. Birinci, \u0130kinci, \u00dc\u00e7\u00fcnc\u00fc ve D\u00f6rd\u00fcnc\u00fc Kongre Bildirgeleri\u2019ni de kapsayacak \u015fekilde Kongre Bildirgesi\u00a0<strong>[<\/strong><a href=\"#_edn10\" name=\"_ednref10\"><strong>[x]<\/strong><\/a><strong>]<\/strong>\u00a0ve Bildiri \u00d6zetleri\u00a0<strong>[<\/strong><a href=\"#_edn11\" name=\"_ednref11\"><strong>[xi]<\/strong><\/a><strong>]<\/strong>\u00a0ile Bildiri Tam Metin Kitab\u0131 [<a href=\"#_edn12\" name=\"_ednref12\"><strong>[xii]<\/strong><\/a>]\u00a0<strong>ASSAM Kongre WEB<\/strong>\u00a0sitemizde yay\u0131nlanm\u0131\u015ft\u0131r.<\/p>\n<p style=\"text-align: justify;\"><strong>Alt\u0131nc\u0131<\/strong>\u00a0Uluslararas\u0131 ASSAM \u0130slam Birli\u011fi Modeli Kongremiz 12-13 Kas\u0131m 2022 tarihlerinde video-konferans y\u00f6ntemi uygulanarak \u0130stanbul\u2019da, Uluslararas\u0131 M\u00fcsl\u00fcman \u00c2limler Birli\u011fi (IUMS), \u0130slam D\u00fcnyas\u0131 STK Birli\u011fi (\u0130DSB), K\u00fctahya Dumlup\u0131nar \u00dcniversitesi (DP\u00dc) ve Adaleti Savunanlar Derne\u011fi (ASDER) i\u015ftirakiyle \u0130sl\u00e2m Birli\u011fi i\u00e7in \u201cOrtak Asayi\u015f ve G\u00fcvenlik Usul ve Esaslar\u0131n\u0131n Tespiti\u201d ana konusunda \u201c<strong>Model ASR\u0130KA Konfederasyonu Asayi\u015f ve \u0130\u00e7 G\u00fcvenlik Organizasyonu\u201d<\/strong>\u00a0temas\u0131yla yap\u0131lm\u0131\u015ft\u0131r.<\/p>\n<p style=\"text-align: justify;\"><strong>Alt\u0131nc\u0131<\/strong>\u00a0Uluslararas\u0131 ASSAM \u0130slam Birli\u011fi Modeli Kongresi\u2019nde 16 \u0130slam \u00fclkesinden 34 akademisyen taraf\u0131ndan 32 bildiri sunulmu\u015ftur. Birinci, \u0130kinci, \u00dc\u00e7\u00fcnc\u00fc, D\u00f6rd\u00fcnc\u00fc ve Be\u015finci Kongre Bildirgeleri\u2019ni de kapsayacak \u015fekilde Kongre Bildirgesi\u00a0<strong>[<a href=\"#_edn13\" name=\"_ednref13\">[xiii]<\/a>]<\/strong>\u00a0ve Bildiri \u00d6zetleri\u00a0<strong>[<a href=\"#_edn14\" name=\"_ednref14\">[xiv]<\/a>]<\/strong>\u00a0ile Bildiri Tam Metin Kitab\u0131 [<a href=\"#_edn15\" name=\"_ednref15\"><strong>[xv]<\/strong><\/a>]\u00a0<strong>ASSAM Kongre WEB<\/strong>\u00a0sitemizde yay\u0131nlanm\u0131\u015ft\u0131r.<\/p>\n<p style=\"text-align: justify;\"><strong>ASSAM <\/strong>b\u00fcnyesinde ve koordinat\u00f6rl\u00fc\u011f\u00fcnde yap\u0131lmas\u0131 planlanan ilk serinin sonuncusu olacak kongremiz bu y\u0131l video konferans y\u00f6ntemi ile Uluslararas\u0131 M\u00fcsl\u00fcman \u00c2limler Birli\u011fi (IUMS), \u0130slam D\u00fcnyas\u0131 Sivil Toplum Kurulu\u015flar\u0131 Birli\u011fi (\u0130DSB), Uluslararas\u0131 Hukuk\u00e7ular Birli\u011fi (UHUB), Fatih Sultan Mehmet Vak\u0131f \u00dcniversitesi \u0130slami \u0130limler Fak\u00fcltesi (FSMV\u00dc \u0130\u0130F) ve Adaleti Savunanlar Derne\u011fi (ASDER) i\u015ftiraki ile \u00e7evrimi\u00e7i olarak 23-24 Aral\u0131k tarihinde ve \u0130sl\u00e2m D\u00fcnyas\u0131 STK\u2019lar\u0131yla i\u015f birli\u011fi halinde yap\u0131lacakt\u0131r. 2024 y\u0131l\u0131nda ba\u015flay\u0131p m\u00fcteakip y\u0131llarda devam edecek \u0130K\u0130NC\u0130 SER\u0130 ASSAM KONGRELER\u0130\u2019nin, \u0130SLAM CO\u011eRAFYASININ SORUNLU B\u00d6LGELER\u0130NDEK\u0130 KR\u0130ZLERE \u00c7\u00d6Z\u00dcM \u00d6NER\u0130LER\u0130 sunmak \u00fczere yap\u0131lmas\u0131 tasarlanmaktad\u0131r.<\/p>\n<p style=\"text-align: justify;\">Kongre dili T\u00fcrk\u00e7e, \u0130ngilizce ve Arap\u00e7a olacakt\u0131r. Bildirilerin sunumunda sim\u00fcltane (an\u0131nda) terc\u00fcme yap\u0131lacakt\u0131r. Bildiri \u00f6zetleri ve bildiriler kitap haline getirilerek ASSAM Kongre WEB Sitesinde yay\u0131nlanacakt\u0131r. Bildiriler hakem s\u00fcrecinden ge\u00e7mek \u015fart\u0131yla elektronik ortamda\u00a0<strong>ASSAM Uluslararas\u0131 Hakemli Dergi<\/strong>\u2019de (<strong>ASSAM-UHAD<\/strong>) yay\u0131nlanabilecektir. Kongremize bildiri g\u00f6nderen bildiri sahiplerinden bildirilerini ASSAM Uluslararas\u0131 Hakemli Dergimizde (UHAD) yay\u0131nlatmak isteyenlerin, hakemli dergimizin bildiri haz\u0131rlama format\u0131na uygun olarak bildirilerini haz\u0131rlamalar\u0131<a href=\"#_edn16\" name=\"_ednref16\">[xvi]<\/a>\u00a0ve a\u015fa\u011f\u0131da belirtilen link \u00fczerinden sisteme y\u00fcklemeleri gerekmektedir. Hakemli derginin linki a\u015fa\u011f\u0131dad\u0131r.<a href=\"#_edn17\" name=\"_ednref17\">[xvii]<\/a>\u00a0Hakemli dergide bildiriler\/makaleler hakem s\u00fcrecinden ge\u00e7tikten sonra yay\u0131nlanacakt\u0131r.<\/p>\n<p style=\"text-align: justify;\">\u0130craya d\u00f6n\u00fck olarak haz\u0131rlanacak Kongre Sonu\u00e7 Raporlar\u0131 da karar verici mekanizmalara ve \u0130sl\u00e2m d\u00fcnyas\u0131ndan t\u00fcm davetli ve kat\u0131l\u0131mc\u0131lara g\u00f6nderilecek ve ASSAM Kongre WEB sitesinde yay\u0131nlanacakt\u0131r.<\/p>\n<p style=\"text-align: justify;\">\u0130SL\u00c2M CO\u011eRAFYASININ JEOPOL\u0130T\u0130K DE\u011eER\u0130:<\/p>\n<p style=\"text-align: justify;\">D\u00fcnya \u00fczerindeki\u00a0<strong>206 devletin 57\u2019sine<\/strong>\u00a0<strong><em>(\u00dcye say\u0131s\u0131n\u0131n %27\u2019si)\u00a0<\/em>7.916.525.000<\/strong>\u00a0milyarl\u0131k d\u00fcnya n\u00fcfusunun\u00a0<strong>1.859.779.580 milyar\u0131na<\/strong>\u00a0(<strong><em>D\u00fcnya n\u00fcfusunun %23,49\u2019\u00fc<\/em><\/strong><em>),\u00a0<\/em><strong>150 milyon\u00a0<\/strong>km<sup>2<\/sup>\u00a0olan d\u00fcnya karalar\u0131n\u0131n\u00a0<strong>30,9\u00a0<\/strong>milyon km<strong><sup>2<\/sup><\/strong>\u2019sini\u00a0<em>(<strong>D\u00fcnya karalar\u0131n\u0131n %20,6\u2019s\u0131<\/strong>)\u00a0<\/em>de 57 \u0130sl\u00e2m \u00fclkesinin sahip oldu\u011fu \u0130sl\u00e2m co\u011frafyas\u0131,\u00a0<strong>kendi aralar\u0131ndaki s\u0131n\u0131rlar yok say\u0131ld\u0131\u011f\u0131nda olu\u015fturduklar\u0131 blok ile:<\/strong><\/p>\n<ul style=\"text-align: justify;\">\n<li>D\u00fcnya adas\u0131 olarak bilinen\u00a0<strong>Asya, Avrupa ve Afrika k\u0131talar\u0131n\u0131n merkezinde bulunan<\/strong>,<\/li>\n<li>D\u00fcnyan\u0131n en b\u00fcy\u00fck i\u00e7 denizi konumundaki Akdeniz, K\u0131z\u0131l Deniz ve Karadeniz\u2019in giri\u015f kap\u0131lar\u0131 say\u0131lan\u00a0<strong>Cebeli Tar\u0131k, Bab el-Mendeb, H\u00fcrm\u00fcz, \u00c7anakkale ve \u0130stanbul bo\u011fazlar\u0131 ve S\u00fcvey\u015f Kanal\u0131\u2019n\u0131 kontrol eden,<\/strong><\/li>\n<li><strong>Atlas Okyanusu, Hint Okyanusu, Akdeniz, Karadeniz, K\u0131z\u0131ldeniz ve Hazar Denizi\u2019ne\u00a0<\/strong>k\u0131y\u0131lar\u0131 olan,<\/li>\n<li><strong>Asya, Avrupa ve Afrika k\u0131talar\u0131na; Avrupa Birli\u011fi, Rusya, Hindistan, \u00c7in gibi k\u00fcresel g\u00fc\u00e7 say\u0131lan d\u00fcnyan\u0131n b\u00fcy\u00fck devletlerine\u00a0<\/strong>kara ve denizden,\u00a0<strong>Amerika Birle\u015fik Devletleri\u2019ne\u00a0<\/strong>denizden\u00a0<strong>s\u0131n\u0131r kom\u015fusu olan<\/strong>,<\/li>\n<li>D\u00fcnya kara, hava ve deniz\u00a0<strong>ula\u015f\u0131m yollar\u0131n\u0131n alternatifsiz merkezi\u00a0<\/strong>olma imk\u00e2n\u0131na sahip bulunan,<\/li>\n<li>D\u00fcnya\u00a0<strong>petrol rezervlerinin\u00a0<\/strong>%55,5\u2019ine,\u00a0<strong>\u00fcretiminin\u00a0<\/strong>%46,5\u2019ine,\u00a0<strong>do\u011falgaz rezervlerinin\u00a0<\/strong>%64\u20191\u2019ine, \u00fcretiminin %34\u2019\u00fcne sahip olan,<\/li>\n<\/ul>\n<p style=\"text-align: justify;\">Jeopolitik konumu, ortak medeniyet de\u011ferleri ve tarihi birikimi ile imk\u00e2n, gayret ve hedeflerini birle\u015ftirerek gelece\u011fin s\u00fcper g\u00fcc\u00fc olmaya namzet potansiyel bir g\u00fcce sahip bulunmaktad\u0131r.<\/p>\n<p style=\"text-align: justify;\">\u0130SLAM D\u00dcNYASININ MARUZ KALDI\u011eI K\u00dcRESEL SALDIRILAR<\/p>\n<p style=\"text-align: justify;\">Egemen olmas\u0131 gerekti\u011fi co\u011frafyas\u0131nda\u00a0<strong>\u0130sl\u00e2m d\u00fcnyas\u0131<\/strong>, her bir \u0130slam \u00fclkesinin \u00fcniter yap\u0131lar\u0131n\u0131n i\u00e7indeki etnik ve mezhepsel farkl\u0131l\u0131\u011fa sahip unsurlar\u0131n\u0131n birbirleri ile sava\u015ft\u0131r\u0131ld\u0131\u011f\u0131,\u00a0<strong>ilan edilmemi\u015f, gizli, sinsi, kirli ve asimetrik \u00dc\u00e7\u00fcnc\u00fc D\u00fcnya Sava\u015f\u0131\u2019n\u0131n\u00a0<\/strong>alan\u0131 haline getirilmi\u015ftir.<\/p>\n<p style=\"text-align: justify;\"><strong>Sahip oldu\u011fu avantajlara ra\u011fmen \u0130slam \u00fclkeleri<\/strong>, emperyalist bat\u0131 devletlerinin m\u00fcdahaleleri ile b\u00fcy\u00fck bir karga\u015fa i\u00e7ine d\u00fc\u015fm\u00fc\u015ft\u00fcr. Bu karga\u015fan\u0131n sonucu olarak \u0130slam co\u011frafyas\u0131nda b\u00fcy\u00fck ac\u0131lar ve y\u0131k\u0131mlar ya\u015fanmaktad\u0131r. Milyonlarca M\u00fcsl\u00fcman evlerini, yurtlar\u0131n\u0131 terk etmek veya \u00f6lmek aras\u0131nda tercih yapmak zorunda b\u0131rak\u0131lmaktad\u0131r. G\u00f6\u00e7 yollar\u0131nda binlerce M\u00fcsl\u00fcman \u00e7e\u015fitli \u015fekillerde \u00f6lmekte, g\u00f6\u00e7 etmeyi ba\u015faranlar ise yoksulluk ve sefalet i\u00e7inde ya\u015famaya mahk\u00fbm b\u0131rak\u0131lmaktad\u0131r.<\/p>\n<p style=\"text-align: justify;\">Birle\u015fmi\u015f Milletler M\u00fclteciler Y\u00fcksek Komiserli\u011fi\u2019nin resmi verilerine g\u00f6re 2021 y\u0131l\u0131 itibari ile resmi kay\u0131tlara g\u00f6re d\u00fcnya \u00fczerinde 6,6 milyon Suriye vatanda\u015f\u0131 g\u00f6\u00e7 etmi\u015ftir. (<a href=\"#_edn18\" name=\"_ednref18\">[xviii]<\/a>) Kay\u0131t alt\u0131na al\u0131namayan m\u00fcltecilerle bu rakam daha da y\u00fckselmektedir. Suriyeli m\u00fclteciler T\u00fcrkiye (3.388.698), Irak (262.218), \u00dcrd\u00fcn (660.605), M\u0131s\u0131r (145.157), L\u00fcbnan (805.326) ve Kuzey Afrika\u2019da di\u011fer \u00fclkelere (41.742) g\u00f6\u00e7 etmi\u015ftir. Bu rakamlar\u0131n d\u0131\u015f\u0131nda yo\u011fun bir \u015fekilde Avrupa\u2019ya g\u00f6\u00e7 giri\u015fimleri olmakta ve b\u00fcy\u00fck bir k\u0131sm\u0131 Akdeniz\u2019de ya\u015famlar\u0131n\u0131 yitirmektedir. Bu olumsuzluklara ra\u011fmen Nisan 2011 y\u0131l\u0131ndan Ocak 2021 y\u0131l\u0131na kadar Avrupa\u2019ya ge\u00e7en toplam kay\u0131tl\u0131 m\u00fclteci say\u0131s\u0131 ise 1.022.142 ki\u015fi olmu\u015ftur.<strong>\u00a0(<a href=\"#_edn19\" name=\"_ednref19\">[xix]<\/a>)<\/strong><\/p>\n<p style=\"text-align: justify;\"><strong>\u00dc\u00e7\u00fcnc\u00fc D\u00fcnya Sava\u015f\u0131 \u0130slam \u00fclkelerine kar\u015f\u0131 ilan edilmemi\u015f bir sava\u015f\u00a0<\/strong>(hibrit sava\u015f)<strong>\u00a0olarak s\u00fcrd\u00fcr\u00fclmektedir<\/strong>. Osmanl\u0131&#8217;n\u0131n y\u0131k\u0131lmas\u0131ndan sonra y\u00f6netimsiz kalan M\u00fcsl\u00fcmanlar k\u00fc\u00e7\u00fck devlet\u00e7ikler kurarak varl\u0131klar\u0131n\u0131 devam ettirmeye \u00e7al\u0131\u015fm\u0131\u015f, ancak birlik ve beraberli\u011fini kaybettiklerinden k\u00fcresel g\u00fc\u00e7ler i\u00e7in kolay lokma haline gelmi\u015flerdir.\u00a0<strong>Amerika Birle\u015fik Devletleri, Avrupa Birli\u011fi, \u0130ngiltere, Fransa, Rusya ve \u00c7in \u0130slam co\u011frafyas\u0131n\u0131 ele ge\u00e7irmek i\u00e7in \u0130slam \u00fclkelerinde, kontrol ettikleri ter\u00f6r \u00f6rg\u00fctleri ve uygulad\u0131klar\u0131 asimetrik sava\u015f y\u00f6ntemleriyle vek\u00e2let sava\u015flar\u0131 y\u00fcr\u00fcterek<\/strong>\u00a0otorite tesis etmeyi ama\u00e7lamaktad\u0131r.<\/p>\n<p style=\"text-align: justify;\">YED\u0130NC\u0130 ULUSLARARASI ASSAM \u0130SLAM B\u0130RL\u0130\u011e\u0130 MODEL\u0130 KONGRES\u0130<\/p>\n<p style=\"text-align: justify;\">Kongremiz video-konferans y\u00f6ntemi ile 23-24 Aral\u0131k 2023 tarihlerinde icra edilecektir. Kongremizde \u201c\u0130sl\u00e2m Birli\u011fi i\u00e7in Ortak Adalet Sistemi Usul ve Esaslar\u0131n\u0131n Tespiti\u201d konusu \u201cModel ASR\u0130KA Konfederasyonu Adalet Sistemi\u201d ana temas\u0131 alt\u0131nda incelenecektir.<\/p>\n<p style=\"text-align: justify;\">Uluslararas\u0131 M\u00fcsl\u00fcman \u00c2limler Birli\u011fi (IUMS), \u0130slam D\u00fcnyas\u0131 Sivil Toplum Kurulu\u015flar\u0131 Birli\u011fi (\u0130DSB), Uluslararas\u0131 Hukuk\u00e7ular Birli\u011fi (UHUB), Fatih Sultan Mehmet \u00dcniversitesi \u0130slami \u0130limler Fak\u00fcltesi (FSMV\u00dc \u0130\u0130F) ve Adaleti Savunanlar Derne\u011fi (ASDER) i\u015ftirakiyle yap\u0131lacak olan Yedinci Uluslararas\u0131 ASSAM \u0130sl\u00e2m Birli\u011fi Modeli Kongresi\u2019ne kat\u0131lacak akademisyenlerin ve ara\u015ft\u0131rmac\u0131lar\u0131n sunacaklar\u0131 bildirilerin konular\u0131 a\u015fa\u011f\u0131daki ba\u015fl\u0131klar alt\u0131nda incelenecektir.<\/p>\n<p style=\"text-align: justify;\"><strong>\u00a0<\/strong><\/p>\n<p style=\"text-align: center;\"><span style=\"font-size: 18pt;\"><strong>KONGRE ALT BA\u015eLIKLARI<\/strong><\/span><\/p>\n<ol>\n<li><strong>\u0130slam Birli\u011fi\u2019nin Dini Referanslar\u0131<\/strong><\/li>\n<li><strong>\u0130slam Birli\u011fi ve Uluslararas\u0131 Hukuk<\/strong><\/li>\n<li><strong>\u0130slam Birli\u011fi\u2019nin D\u00fczenleyici Kurallar\u0131: Adalet \u0130lkesi<\/strong><\/li>\n<li><strong>\u0130slam Adalet Sisteminin Temel \u0130lkeleri<\/strong><\/li>\n<li><strong>Tarihteki \u00c7ok Uluslu \u0130mparatorluklar\u0131n Adalet Sistemleri<\/strong>\n<ol style=\"list-style-type: lower-alpha;\">\n<li>Roma \u0130mparatorlu\u011fu\u2019nda Adalet ile ilgili Organizasyonun Usul ve Esaslar\u0131<\/li>\n<li>Bizans \u0130mparatorlu\u011fu\u2019nda Adalet ile ilgili Organizasyonun Usul ve Esaslar\u0131<\/li>\n<li>Peygamber Efendimiz D\u00f6nemi\u2019nde \u0130sl\u00e2m Devleti\u2019nde Adalet ile ilgili Organizasyonun Usul ve Esaslar\u0131<\/li>\n<li>Ra\u015fit Halifeler D\u00f6nemi\u2019nde \u0130slam Devleti\u2019nde Adalet Sistemi ile ilgili Organizasyonun Usul ve Esaslar\u0131<\/li>\n<li>Emev\u00ee Devleti\u2019nde Adalet Sistemi ile ilgili Organizasyonun Usul ve Esaslar\u0131<\/li>\n<li>Halife \u00d6mer Bin Abdulaziz D\u00f6nemi\u2019nde \u0130slam Devleti\u2019nde Adalet ile ilgili Organizasyonun Usul ve Esaslar\u0131<\/li>\n<li>Abbasi Devleti\u2019nde Adalet ile ilgili Organizasyonun Usul ve Esaslar\u0131<\/li>\n<li>Sel\u00e7uklu \u0130mparatorlu\u011fu\u2019nda Adalet ile ilgili Organizasyonun Usul ve Esaslar\u0131<\/li>\n<li>Osmanl\u0131 \u0130mparatorlu\u011fu\u2019nda Adalet ile ilgili Organizasyonun Usul ve Esaslar\u0131<\/li>\n<\/ol>\n<\/li>\n<li><strong>G\u00fcn\u00fcm\u00fczde \u00c7ok Uluslu K\u00fcresel G\u00fc\u00e7lerin Adalet Sistemleri<\/strong>\n<ol style=\"list-style-type: lower-alpha;\">\n<li>Amerika Birle\u015fik Devletleri\u2019nde Adalet ile ilgili Organizasyonun Usul ve Esaslar\u0131<\/li>\n<li>Rusya Federasyonu\u2019nda Adalet ile ilgili Organizasyonun Usul ve Esaslar\u0131<\/li>\n<li>G\u00fcney Afrika Cumhuriyeti\u2019nde Adalet ile ilgili Organizasyonun Usul ve Esaslar\u0131<\/li>\n<li>Avrupa Birli\u011fi\u2019nde Adalet ile ilgili Organizasyonun Usul ve Esaslar\u0131<\/li>\n<li>\u00c7in Halk Cumhuriyeti\u2019nde Adalet ile ilgili Organizasyonun Usul ve Esaslar\u0131<\/li>\n<li>Hindistan Cumhuriyeti\u2019nde Adalet ile ilgili Organizasyonun Usul ve Esaslar\u0131<\/li>\n<\/ol>\n<\/li>\n<li><strong>\u0130slam Adalet \u0130lkesi Ba\u011flam\u0131nda K\u00fcresel Sistem Ele\u015ftirisi<\/strong><\/li>\n<li><strong>Model ASR\u0130KA Konfederasyonu Adalet Sistemi Organizasyonu<\/strong>\n<ol style=\"list-style-type: lower-alpha;\">\n<li>\u0130slam \u00dclkeleri Aras\u0131 Adalet Komisyonu<\/li>\n<li>\u0130slam \u00dclkeleri Aras\u0131 Adalet Sisteminin Kurumsal Yap\u0131land\u0131r\u0131lmas\u0131 Usul ve Esaslar\u0131<\/li>\n<li>\u0130slam Adalet Sistemi D\u00fczenleme Alanlar\u0131n\u0131n Belirlenmesi Usul ve Esaslar\u0131<\/li>\n<li>\u0130slam Adalet \u0130lkesinin Ana ve Alt Ba\u015fl\u0131klar\u0131n\u0131n Belirlenmesi Usul ve Esaslar\u0131<\/li>\n<li>\u0130slam Birli\u011fi Adalet Normlar\u0131 Hiyerar\u015fisinin Belirlenmesi Usul ve Esaslar\u0131<\/li>\n<li>\u0130slam Birli\u011fi Yasama Organ\u0131 ile \u00dcye \u00dclkeler Yasama Organ\u0131 Uyum Usul ve Esaslar\u0131<\/li>\n<li>\u00dcye \u00dclkeler Mevzuat\u0131n\u0131n \u0130slam Adalet \u0130lkelerine Uyumla\u015ft\u0131r\u0131lmas\u0131 Usul ve Esaslar\u0131<\/li>\n<li>\u0130slam \u00dclkeleri Birlik Anayasas\u0131 Geli\u015ftirme Usul ve Esaslar\u0131<\/li>\n<li>\u0130slam \u00dclkeleri Adil Mevzuat Geli\u015ftirme Usul ve Esaslar\u0131<\/li>\n<li>\u0130slam Birli\u011fi D\u0131\u015f\u0131 \u00dclkelerle \u0130li\u015fkiler ve Adalet \u0130lkesi<\/li>\n<li>\u0130slam Birli\u011fi Adalet Sisteminin Geli\u015ftirilmesi Stratejisinin Belirlenmesi Usul ve Esaslar\u0131<\/li>\n<li>\u0130slam Birli\u011fi \u00c7al\u0131\u015fmalar\u0131n\u0131n \u0130slam \u00dclkeleri Kamuoylar\u0131 ile Payla\u015f\u0131m\u0131; Fikri ve Akademik \u00c7evrelerin Birlik \u0130deali \u0130\u00e7in Ortaya Koyacaklar\u0131 \u00c7al\u0131\u015fmalar\u0131n T\u00fcrk\u00e7e, \u0130ngilizce ve Arap\u00e7a Olarak Yay\u0131nlanmas\u0131<\/li>\n<\/ol>\n<\/li>\n<li><strong>Model ASR\u0130KA \u0130slam \u00dclkeleri Konfederasyonu Adalet Bakanl\u0131\u011f\u0131\u2019n\u0131n Te\u015fkili, Yetki ve Sorumluluklar\u0131<\/strong><\/li>\n<\/ol>\n<p style=\"text-align: justify;\">\u00a0<\/p>\n<p style=\"text-align: center;\"><span style=\"font-size: 18pt;\">YED\u0130NC\u0130 ULUSLARARASI ASSAM \u0130SLAM B\u0130RL\u0130\u011e\u0130 MODEL\u0130<\/span><\/p>\n<p style=\"text-align: center;\"><span style=\"font-size: 18pt;\">KONGRES\u0130 PROGRAMI<\/span><\/p>\n<p style=\"text-align: justify;\">\u00a0\u00d6NEML\u0130 TAR\u0130HLER<\/p>\n<ol style=\"text-align: justify;\">\n<li>\u00d6zet g\u00f6nderme son tarihi : 15 Eyl\u00fcl 2023<\/li>\n<li>Kabul edilen \u00f6zetlerin duyurusu : 15 Ekim 2023<\/li>\n<li>Tam metinlerin son g\u00f6nderme tarihi : 15 Kas\u0131m 2023<\/li>\n<li><span style=\"font-size: 14px;\"><span style=\"color: #ff0000;\"><strong>KONGRE TAR\u0130H\u0130 : 23-24 Aral\u0131k 2023<\/strong><\/span><\/span><\/li>\n<\/ol>\n<p style=\"text-align: justify;\">\u00a0<\/p>\n<p style=\"text-align: justify;\"><strong>[[i]]<\/strong>\u00a0<a href=\"tr\/kongreler\/kongre-2017\/ozet-kitapcigi-17.html\">https:\/\/www.assamcongress.com\/tr\/kongreler\/kongre-2017\/ozet-kitapcigi-17.html<\/a>\u00a0\u00a0\u00a0<\/p>\n<p style=\"text-align: justify;\"><strong>[[ii]]<\/strong>\u00a0<a href=\"tr\/kongreler\/kongre-2017\/kongre-bildirgesi-17.html\">https:\/\/www.assamcongress.com\/tr\/kongreler\/kongre-2017\/kongre-bildirgesi-17.html<\/a>\u00a0\u00a0<\/p>\n<p style=\"text-align: justify;\"><strong>[[iii]]<\/strong>\u00a0<a href=\"tr\/kongreler\/kongre-2017\/model-konfederasyon-anayasasi.html\">https:\/\/www.assamcongress.com\/tr\/kongreler\/kongre-2017\/model-konfederasyon-anayasasi.html<\/a><\/p>\n<p style=\"text-align: justify;\"><strong>[[iv]]<\/strong>\u00a0<a href=\"tr\/kongreler\/kongre-2018\/kongre-bildirgesi-18.html\">https:\/\/www.assamcongress.com\/tr\/kongreler\/kongre-2018\/kongre-bildirgesi-18.html<\/a>\u00a0\u00a0<\/p>\n<p style=\"text-align: justify;\"><strong>[[v]]<\/strong>\u00a0<a href=\"tr\/kongreler\/kongre-2019\/kongre-bildirgesi-19.html\">https:\/\/www.assamcongress.com\/tr\/kongreler\/kongre-2019\/kongre-bildirgesi-19.html<\/a>\u00a0\u00a0<\/p>\n<p style=\"text-align: justify;\"><strong>[[vi]]<\/strong>\u00a0<a href=\"tr\/kongreler\/kongre-2019\/ozet-kitapcigi-19.html\">https:\/\/www.assamcongress.com\/tr\/kongreler\/kongre-2019\/ozet-kitapcigi-19.html<\/a>\u00a0\u00a0<\/p>\n<p style=\"text-align: justify;\"><strong>[[vii]]<\/strong>\u00a0<a href=\"tr\/kongreler\/kongre-2020\/kongre-bildirgesi-20.html\">https:\/\/www.assamcongress.com\/tr\/kongreler\/kongre-2020\/kongre-bildirgesi-20.html<\/a>\u00a0\u00a0<\/p>\n<p style=\"text-align: justify;\"><strong>[[viii]]<\/strong>\u00a0<a href=\"tr\/kongreler\/kongre-2020\/ozet-kitapcigi-20.html\">https:\/\/www.assamcongress.com\/tr\/kongreler\/kongre-2020\/ozet-kitapcigi-20.html<\/a>\u00a0\u00a0<\/p>\n<p style=\"text-align: justify;\"><strong>[[ix]]<\/strong>\u00a0<a href=\"tr\/kongreler\/kongre-2020\/bildiri-kitabi-20.html\">https:\/\/www.assamcongress.com\/tr\/kongreler\/kongre-2020\/bildiri-kitabi-20.html<\/a>\u00a0\u00a0\u00a0<\/p>\n<p style=\"text-align: justify;\"><strong>[[x]]\u00a0<\/strong><a href=\"tr\/kongreler\/kongre-2021\/kongre-bildirgesi-21.html\">https:\/\/www.assamcongress.com\/tr\/kongreler\/kongre-2021\/kongre-bildirgesi-21.html<\/a>\u00a0\u00a0\u00a0<\/p>\n<p style=\"text-align: justify;\"><strong>[[xi]]<\/strong>\u00a0<a href=\"tr\/kongreler\/kongre-2021\/ozet-kitapcigi-21.html\">https:\/\/www.assamcongress.com\/tr\/kongreler\/kongre-2021\/ozet-kitapcigi-21.html<\/a>\u00a0\u00a0<\/p>\n<p style=\"text-align: justify;\"><strong>[[xii]]\u00a0<\/strong><a href=\"tr\/kongreler\/kongre-2021\/bildiri-kitabi-21.html\">https:\/\/www.assamcongress.com\/tr\/kongreler\/kongre-2021\/bildiri-kitabi-21.html<\/a>\u00a0\u00a0\u00a0<\/p>\n<p style=\"text-align: justify;\">[<strong>[xiii]<\/strong><strong>]\u00a0<\/strong><a href=\"tr\/kongreler\/kongre-2022\/kongre-bildirgesi-22.html\">https:\/\/www.assamcongress.com\/tr\/kongreler\/kongre-2022\/kongre-bildirgesi-22.html<\/a><\/p>\n<p style=\"text-align: justify;\">[<strong>[xiv]<\/strong><strong>]<\/strong>\u00a0<a href=\"tr\/kongreler\/kongre-2022\/ozet-kitapcigi-22.html\">https:\/\/www.assamcongress.com\/tr\/kongreler\/kongre-2022\/ozet-kitapcigi-22.html<\/a><\/p>\n<p style=\"text-align: justify;\">[<strong>[xv]<\/strong>]\u00a0<a href=\"tr\/kongreler\/kongre-2022\/bildiri-kitabi-22.html\">https:\/\/www.assamcongress.com\/tr\/kongreler\/kongre-2022\/bildiri-kitabi-22.html<\/a>\u00a0\u00a0<\/p>\n<p style=\"text-align: justify;\"><strong>[[xvi]]<\/strong>\u00a0<a href=\"tr\/kongreler\/kongre-2023\/tam-metin-ve-ozet-yazim-formati-23.html\">https:\/\/www.assamcongress.com\/tr\/kongreler\/kongre-2023\/tam-metin-ve-ozet-yazim-formati-23.html<\/a>\u00a0\u00a0<\/p>\n<p style=\"text-align: justify;\"><strong>[[xvii]]<\/strong>\u00a0<a href=\"https:\/\/dergipark.org.tr\/tr\/pub\/assam\">https:\/\/dergipark.org.tr\/tr\/pub\/assam<\/a>\u00a0\u00a0<\/p>\n<p style=\"text-align: justify;\"><strong>[[xviii]]<\/strong>\u00a0<a href=\"https:\/\/www.easo.europa.eu\/sites\/default\/files\/EASO-Asylum-Report-2020-Executive-Summary-TR.pdf\">https:\/\/www.easo.europa.eu\/sites\/default\/files\/EASO-Asylum-Report-2020-Executive-Summary-TR.pdf<\/a><\/p>\n<p style=\"text-align: justify;\"><strong>[[xix]]<\/strong>\u00a0<a href=\"https:\/\/data2.unhcr.org\/en\/situations\/syria\">https:\/\/data2.unhcr.org\/en\/situations\/syria<\/a><\/p>\n","protected":false},"excerpt":{"rendered":"<p>GENEL Uluslararas\u0131 ASSAM \u0130slam Birli\u011fi Modeli Kongreleri\u2019nin amac\u0131; \u0130slam \u00fclkeleri co\u011frafyas\u0131 ba\u015fta olmak \u00fczere d\u00fcnya siyasetinde g\u00fcncel sorunlarla ilgili olarak akademik ve siyasal bir zemin \u00fczerinde tespitler yapmak,\u00a0\u0130sl\u00e2m \u00fclkelerinin bir irade alt\u0131nda toplanmas\u0131 i\u00e7in gerekli m\u00fcesseseleri ve bu m\u00fcesseseler i\u00e7in gerekli mevzuat hakk\u0131nda \u0130slam d\u00fcnyas\u0131na ve karar vericilere bir hal tarz\u0131 sunmakt\u0131r. Uluslararas\u0131 ASSAM \u0130slam [&hellip;]<\/p>\n","protected":false},"author":19,"featured_media":0,"comment_status":"open","ping_status":"open","sticky":false,"template":"","format":"standard","meta":{"_acf_changed":false,"footnotes":""},"categories":[270],"tags":[],"class_list":["post-293","post","type-post","status-publish","format-standard","hentry","category-uncategorised-tr"],"acf":[],"yoast_head":"<!-- This site is optimized with the Yoast SEO plugin v26.0 - https:\/\/yoast.com\/wordpress\/plugins\/seo\/ -->\n<title>7&#039;NC\u0130 ULUSLARARASI ASSAM \u0130SLAM B\u0130RL\u0130\u011e\u0130 MODEL\u0130 KONGRES\u0130: MODEL ASR\u0130KA KONFEDERASYONU ADALET S\u0130STEM\u0130 - ASSAM Congress<\/title>\n<meta name=\"robots\" content=\"index, follow, max-snippet:-1, max-image-preview:large, max-video-preview:-1\" \/>\n<link rel=\"canonical\" href=\"https:\/\/assamcongress.com\/tr\/7-kongre\/\" \/>\n<meta property=\"og:locale\" content=\"tr_TR\" \/>\n<meta property=\"og:type\" content=\"article\" \/>\n<meta property=\"og:title\" content=\"7&#039;NC\u0130 ULUSLARARASI ASSAM \u0130SLAM B\u0130RL\u0130\u011e\u0130 MODEL\u0130 KONGRES\u0130: MODEL ASR\u0130KA KONFEDERASYONU ADALET S\u0130STEM\u0130 - ASSAM Congress\" \/>\n<meta property=\"og:description\" content=\"GENEL Uluslararas\u0131 ASSAM \u0130slam Birli\u011fi Modeli Kongreleri\u2019nin amac\u0131; \u0130slam \u00fclkeleri co\u011frafyas\u0131 ba\u015fta olmak \u00fczere d\u00fcnya siyasetinde g\u00fcncel sorunlarla ilgili olarak akademik ve siyasal bir zemin \u00fczerinde tespitler yapmak,\u00a0\u0130sl\u00e2m \u00fclkelerinin bir irade alt\u0131nda toplanmas\u0131 i\u00e7in gerekli m\u00fcesseseleri ve bu m\u00fcesseseler i\u00e7in gerekli mevzuat hakk\u0131nda \u0130slam d\u00fcnyas\u0131na ve karar vericilere bir hal tarz\u0131 sunmakt\u0131r. Uluslararas\u0131 ASSAM \u0130slam [&hellip;]\" \/>\n<meta property=\"og:url\" content=\"https:\/\/assamcongress.com\/tr\/7-kongre\/\" \/>\n<meta property=\"og:site_name\" content=\"ASSAM Congress\" \/>\n<meta property=\"article:publisher\" content=\"https:\/\/facebook.com\/assamcongresses\" \/>\n<meta property=\"article:published_time\" content=\"2023-06-23T13:04:57+00:00\" \/>\n<meta name=\"author\" content=\"As\u0131m \u00d6zt\u00fcrk\" \/>\n<meta name=\"twitter:card\" content=\"summary_large_image\" \/>\n<meta name=\"twitter:creator\" content=\"@assamcongresses\" \/>\n<meta name=\"twitter:site\" content=\"@assamcongresses\" \/>\n<meta name=\"twitter:label1\" content=\"Yazan:\" \/>\n\t<meta name=\"twitter:data1\" content=\"As\u0131m \u00d6zt\u00fcrk\" \/>\n\t<meta name=\"twitter:label2\" content=\"Tahmini okuma s\u00fcresi\" \/>\n\t<meta name=\"twitter:data2\" content=\"14 dakika\" \/>\n<script type=\"application\/ld+json\" class=\"yoast-schema-graph\">{\"@context\":\"https:\/\/schema.org\",\"@graph\":[{\"@type\":\"Article\",\"@id\":\"https:\/\/assamcongress.com\/tr\/7-kongre\/#article\",\"isPartOf\":{\"@id\":\"https:\/\/assamcongress.com\/tr\/7-kongre\/\"},\"author\":{\"name\":\"As\u0131m \u00d6zt\u00fcrk\",\"@id\":\"https:\/\/assamcongress.com\/tr\/#\/schema\/person\/a5291ee51c2173d5b477a85c091d0c5e\"},\"headline\":\"7&#8217;NC\u0130 ULUSLARARASI ASSAM \u0130SLAM B\u0130RL\u0130\u011e\u0130 MODEL\u0130 KONGRES\u0130: MODEL ASR\u0130KA KONFEDERASYONU ADALET S\u0130STEM\u0130\",\"datePublished\":\"2023-06-23T13:04:57+00:00\",\"mainEntityOfPage\":{\"@id\":\"https:\/\/assamcongress.com\/tr\/7-kongre\/\"},\"wordCount\":2759,\"commentCount\":0,\"publisher\":{\"@id\":\"https:\/\/assamcongress.com\/tr\/#organization\"},\"articleSection\":[\"Uncategorised\"],\"inLanguage\":\"tr\"},{\"@type\":\"WebPage\",\"@id\":\"https:\/\/assamcongress.com\/tr\/7-kongre\/\",\"url\":\"https:\/\/assamcongress.com\/tr\/7-kongre\/\",\"name\":\"7'NC\u0130 ULUSLARARASI ASSAM \u0130SLAM B\u0130RL\u0130\u011e\u0130 MODEL\u0130 KONGRES\u0130: MODEL ASR\u0130KA KONFEDERASYONU ADALET S\u0130STEM\u0130 - ASSAM Congress\",\"isPartOf\":{\"@id\":\"https:\/\/assamcongress.com\/tr\/#website\"},\"datePublished\":\"2023-06-23T13:04:57+00:00\",\"breadcrumb\":{\"@id\":\"https:\/\/assamcongress.com\/tr\/7-kongre\/#breadcrumb\"},\"inLanguage\":\"tr\",\"potentialAction\":[{\"@type\":\"ReadAction\",\"target\":[\"https:\/\/assamcongress.com\/tr\/7-kongre\/\"]}]},{\"@type\":\"BreadcrumbList\",\"@id\":\"https:\/\/assamcongress.com\/tr\/7-kongre\/#breadcrumb\",\"itemListElement\":[{\"@type\":\"ListItem\",\"position\":1,\"name\":\"Home\",\"item\":\"https:\/\/assamcongress.com\/tr\/\"},{\"@type\":\"ListItem\",\"position\":2,\"name\":\"7&#8217;NC\u0130 ULUSLARARASI ASSAM \u0130SLAM B\u0130RL\u0130\u011e\u0130 MODEL\u0130 KONGRES\u0130: MODEL ASR\u0130KA KONFEDERASYONU ADALET S\u0130STEM\u0130\"}]},{\"@type\":\"WebSite\",\"@id\":\"https:\/\/assamcongress.com\/tr\/#website\",\"url\":\"https:\/\/assamcongress.com\/tr\/\",\"name\":\"ASSAM International Congresses\",\"description\":\"Adaleti Savunanlar Stratejik Ara\u015ft\u0131rmalar Merkezi\",\"publisher\":{\"@id\":\"https:\/\/assamcongress.com\/tr\/#organization\"},\"potentialAction\":[{\"@type\":\"SearchAction\",\"target\":{\"@type\":\"EntryPoint\",\"urlTemplate\":\"https:\/\/assamcongress.com\/tr\/?s={search_term_string}\"},\"query-input\":{\"@type\":\"PropertyValueSpecification\",\"valueRequired\":true,\"valueName\":\"search_term_string\"}}],\"inLanguage\":\"tr\"},{\"@type\":\"Organization\",\"@id\":\"https:\/\/assamcongress.com\/tr\/#organization\",\"name\":\"ASSAM - Justice Defenders Strategic Studies Center\",\"url\":\"https:\/\/assamcongress.com\/tr\/\",\"logo\":{\"@type\":\"ImageObject\",\"inLanguage\":\"tr\",\"@id\":\"https:\/\/assamcongress.com\/tr\/#\/schema\/logo\/image\/\",\"url\":\"https:\/\/assamcongress.com\/download\/2025\/09\/ASSAM-Logo-2023-1-scaled.png\",\"contentUrl\":\"https:\/\/assamcongress.com\/download\/2025\/09\/ASSAM-Logo-2023-1-scaled.png\",\"width\":2560,\"height\":2560,\"caption\":\"ASSAM - Justice Defenders Strategic Studies Center\"},\"image\":{\"@id\":\"https:\/\/assamcongress.com\/tr\/#\/schema\/logo\/image\/\"},\"sameAs\":[\"https:\/\/facebook.com\/assamcongresses\",\"https:\/\/x.com\/assamcongresses\",\"https:\/\/linkedin.com\/showcase\/assamcongresses\",\"http:\/\/youtube.com\/ASSAMCongress\",\"https:\/\/sosyal.teknofest.app\/@assam_der\"]},{\"@type\":\"Person\",\"@id\":\"https:\/\/assamcongress.com\/tr\/#\/schema\/person\/a5291ee51c2173d5b477a85c091d0c5e\",\"name\":\"As\u0131m \u00d6zt\u00fcrk\",\"image\":{\"@type\":\"ImageObject\",\"inLanguage\":\"tr\",\"@id\":\"https:\/\/assamcongress.com\/tr\/#\/schema\/person\/image\/\",\"url\":\"https:\/\/secure.gravatar.com\/avatar\/e6115d34d189a89299ead70c2870648ed62d635bc6188962bc5b9dba3344e327?s=96&d=mm&r=g\",\"contentUrl\":\"https:\/\/secure.gravatar.com\/avatar\/e6115d34d189a89299ead70c2870648ed62d635bc6188962bc5b9dba3344e327?s=96&d=mm&r=g\",\"caption\":\"As\u0131m \u00d6zt\u00fcrk\"},\"url\":\"https:\/\/assamcongress.com\/tr\/author\/aozturk\/\"}]}<\/script>\n<!-- \/ Yoast SEO plugin. -->","yoast_head_json":{"title":"7'NC\u0130 ULUSLARARASI ASSAM \u0130SLAM B\u0130RL\u0130\u011e\u0130 MODEL\u0130 KONGRES\u0130: MODEL ASR\u0130KA KONFEDERASYONU ADALET S\u0130STEM\u0130 - ASSAM Congress","robots":{"index":"index","follow":"follow","max-snippet":"max-snippet:-1","max-image-preview":"max-image-preview:large","max-video-preview":"max-video-preview:-1"},"canonical":"https:\/\/assamcongress.com\/tr\/7-kongre\/","og_locale":"tr_TR","og_type":"article","og_title":"7'NC\u0130 ULUSLARARASI ASSAM \u0130SLAM B\u0130RL\u0130\u011e\u0130 MODEL\u0130 KONGRES\u0130: MODEL ASR\u0130KA KONFEDERASYONU ADALET S\u0130STEM\u0130 - ASSAM Congress","og_description":"GENEL Uluslararas\u0131 ASSAM \u0130slam Birli\u011fi Modeli Kongreleri\u2019nin amac\u0131; \u0130slam \u00fclkeleri co\u011frafyas\u0131 ba\u015fta olmak \u00fczere d\u00fcnya siyasetinde g\u00fcncel sorunlarla ilgili olarak akademik ve siyasal bir zemin \u00fczerinde tespitler yapmak,\u00a0\u0130sl\u00e2m \u00fclkelerinin bir irade alt\u0131nda toplanmas\u0131 i\u00e7in gerekli m\u00fcesseseleri ve bu m\u00fcesseseler i\u00e7in gerekli mevzuat hakk\u0131nda \u0130slam d\u00fcnyas\u0131na ve karar vericilere bir hal tarz\u0131 sunmakt\u0131r. Uluslararas\u0131 ASSAM \u0130slam [&hellip;]","og_url":"https:\/\/assamcongress.com\/tr\/7-kongre\/","og_site_name":"ASSAM Congress","article_publisher":"https:\/\/facebook.com\/assamcongresses","article_published_time":"2023-06-23T13:04:57+00:00","author":"As\u0131m \u00d6zt\u00fcrk","twitter_card":"summary_large_image","twitter_creator":"@assamcongresses","twitter_site":"@assamcongresses","twitter_misc":{"Yazan:":"As\u0131m \u00d6zt\u00fcrk","Tahmini okuma s\u00fcresi":"14 dakika"},"schema":{"@context":"https:\/\/schema.org","@graph":[{"@type":"Article","@id":"https:\/\/assamcongress.com\/tr\/7-kongre\/#article","isPartOf":{"@id":"https:\/\/assamcongress.com\/tr\/7-kongre\/"},"author":{"name":"As\u0131m \u00d6zt\u00fcrk","@id":"https:\/\/assamcongress.com\/tr\/#\/schema\/person\/a5291ee51c2173d5b477a85c091d0c5e"},"headline":"7&#8217;NC\u0130 ULUSLARARASI ASSAM \u0130SLAM B\u0130RL\u0130\u011e\u0130 MODEL\u0130 KONGRES\u0130: MODEL ASR\u0130KA KONFEDERASYONU ADALET S\u0130STEM\u0130","datePublished":"2023-06-23T13:04:57+00:00","mainEntityOfPage":{"@id":"https:\/\/assamcongress.com\/tr\/7-kongre\/"},"wordCount":2759,"commentCount":0,"publisher":{"@id":"https:\/\/assamcongress.com\/tr\/#organization"},"articleSection":["Uncategorised"],"inLanguage":"tr"},{"@type":"WebPage","@id":"https:\/\/assamcongress.com\/tr\/7-kongre\/","url":"https:\/\/assamcongress.com\/tr\/7-kongre\/","name":"7'NC\u0130 ULUSLARARASI ASSAM \u0130SLAM B\u0130RL\u0130\u011e\u0130 MODEL\u0130 KONGRES\u0130: MODEL ASR\u0130KA KONFEDERASYONU ADALET S\u0130STEM\u0130 - ASSAM Congress","isPartOf":{"@id":"https:\/\/assamcongress.com\/tr\/#website"},"datePublished":"2023-06-23T13:04:57+00:00","breadcrumb":{"@id":"https:\/\/assamcongress.com\/tr\/7-kongre\/#breadcrumb"},"inLanguage":"tr","potentialAction":[{"@type":"ReadAction","target":["https:\/\/assamcongress.com\/tr\/7-kongre\/"]}]},{"@type":"BreadcrumbList","@id":"https:\/\/assamcongress.com\/tr\/7-kongre\/#breadcrumb","itemListElement":[{"@type":"ListItem","position":1,"name":"Home","item":"https:\/\/assamcongress.com\/tr\/"},{"@type":"ListItem","position":2,"name":"7&#8217;NC\u0130 ULUSLARARASI ASSAM \u0130SLAM B\u0130RL\u0130\u011e\u0130 MODEL\u0130 KONGRES\u0130: MODEL ASR\u0130KA KONFEDERASYONU ADALET S\u0130STEM\u0130"}]},{"@type":"WebSite","@id":"https:\/\/assamcongress.com\/tr\/#website","url":"https:\/\/assamcongress.com\/tr\/","name":"ASSAM International Congresses","description":"Adaleti Savunanlar Stratejik Ara\u015ft\u0131rmalar Merkezi","publisher":{"@id":"https:\/\/assamcongress.com\/tr\/#organization"},"potentialAction":[{"@type":"SearchAction","target":{"@type":"EntryPoint","urlTemplate":"https:\/\/assamcongress.com\/tr\/?s={search_term_string}"},"query-input":{"@type":"PropertyValueSpecification","valueRequired":true,"valueName":"search_term_string"}}],"inLanguage":"tr"},{"@type":"Organization","@id":"https:\/\/assamcongress.com\/tr\/#organization","name":"ASSAM - Justice Defenders Strategic Studies Center","url":"https:\/\/assamcongress.com\/tr\/","logo":{"@type":"ImageObject","inLanguage":"tr","@id":"https:\/\/assamcongress.com\/tr\/#\/schema\/logo\/image\/","url":"https:\/\/assamcongress.com\/download\/2025\/09\/ASSAM-Logo-2023-1-scaled.png","contentUrl":"https:\/\/assamcongress.com\/download\/2025\/09\/ASSAM-Logo-2023-1-scaled.png","width":2560,"height":2560,"caption":"ASSAM - Justice Defenders Strategic Studies Center"},"image":{"@id":"https:\/\/assamcongress.com\/tr\/#\/schema\/logo\/image\/"},"sameAs":["https:\/\/facebook.com\/assamcongresses","https:\/\/x.com\/assamcongresses","https:\/\/linkedin.com\/showcase\/assamcongresses","http:\/\/youtube.com\/ASSAMCongress","https:\/\/sosyal.teknofest.app\/@assam_der"]},{"@type":"Person","@id":"https:\/\/assamcongress.com\/tr\/#\/schema\/person\/a5291ee51c2173d5b477a85c091d0c5e","name":"As\u0131m \u00d6zt\u00fcrk","image":{"@type":"ImageObject","inLanguage":"tr","@id":"https:\/\/assamcongress.com\/tr\/#\/schema\/person\/image\/","url":"https:\/\/secure.gravatar.com\/avatar\/e6115d34d189a89299ead70c2870648ed62d635bc6188962bc5b9dba3344e327?s=96&d=mm&r=g","contentUrl":"https:\/\/secure.gravatar.com\/avatar\/e6115d34d189a89299ead70c2870648ed62d635bc6188962bc5b9dba3344e327?s=96&d=mm&r=g","caption":"As\u0131m \u00d6zt\u00fcrk"},"url":"https:\/\/assamcongress.com\/tr\/author\/aozturk\/"}]}},"_links":{"self":[{"href":"https:\/\/assamcongress.com\/tr\/wp-json\/wp\/v2\/posts\/293","targetHints":{"allow":["GET"]}}],"collection":[{"href":"https:\/\/assamcongress.com\/tr\/wp-json\/wp\/v2\/posts"}],"about":[{"href":"https:\/\/assamcongress.com\/tr\/wp-json\/wp\/v2\/types\/post"}],"author":[{"embeddable":true,"href":"https:\/\/assamcongress.com\/tr\/wp-json\/wp\/v2\/users\/19"}],"replies":[{"embeddable":true,"href":"https:\/\/assamcongress.com\/tr\/wp-json\/wp\/v2\/comments?post=293"}],"version-history":[{"count":0,"href":"https:\/\/assamcongress.com\/tr\/wp-json\/wp\/v2\/posts\/293\/revisions"}],"wp:attachment":[{"href":"https:\/\/assamcongress.com\/tr\/wp-json\/wp\/v2\/media?parent=293"}],"wp:term":[{"taxonomy":"category","embeddable":true,"href":"https:\/\/assamcongress.com\/tr\/wp-json\/wp\/v2\/categories?post=293"},{"taxonomy":"post_tag","embeddable":true,"href":"https:\/\/assamcongress.com\/tr\/wp-json\/wp\/v2\/tags?post=293"}],"curies":[{"name":"wp","href":"https:\/\/api.w.org\/{rel}","templated":true}]}}