{"id":296,"date":"2024-05-05T21:24:52","date_gmt":"2024-05-05T18:24:52","guid":{"rendered":"https:\/\/yeni.assamcongress.com\/ortadogu-ve-kuzey-afrika-bolgesi-krizlerine-cozum-arayisi-2024-kongresi\/"},"modified":"2024-05-05T21:24:52","modified_gmt":"2024-05-05T18:24:52","slug":"ortadogu-ve-kuzey-afrika-bolgesi-krizlerine-cozum-arayisi-2024-kongresi","status":"publish","type":"post","link":"https:\/\/assamcongress.com\/tr\/ortadogu-ve-kuzey-afrika-bolgesi-krizlerine-cozum-arayisi-2024-kongresi\/","title":{"rendered":"Ortado\u011fu ve Kuzey Afrika B\u00f6lgesi Krizlerine \u00c7\u00f6z\u00fcm Aray\u0131\u015f\u0131 \u2013 2024 Kongresi"},"content":{"rendered":"<p style=\"text-align: justify;\">ASSAM Kongreleri; \u0130slam \u00dclkeleri Co\u011frafyas\u0131 ba\u015fta olmak \u00fczere d\u00fcnya siyasetinde g\u00fcncel sorunlarla ilgili olarak akademik ve siyasal bir zemin \u00fczerinde tespitler yapmak; uluslararas\u0131, b\u00f6lgesel ve yerel krizlere \u00e7\u00f6z\u00fcm \u00f6nerileri getirmek; \u0130sl\u00e2m \u00dclkelerinin bir irade alt\u0131nda toplanmas\u0131 i\u00e7in gerekli m\u00fcesseseleri belirlemek ve bu m\u00fcesseseler i\u00e7in gerekli mevzuat modelleri olu\u015fturmak; \u0130slam D\u00fcnyas\u0131na ve karar vericilere bir hal tarz\u0131 sunmak amac\u0131ndad\u0131r.<\/p>\n<p>ASR\u0130KA \u0130slam Birli\u011fi Modeli Uluslararas\u0131 Kongrelerinin, Birinci Serisi 2017 \u2013 2023 y\u0131llar\u0131 aras\u0131nda yedi uluslararas\u0131 kongre serisi olarak icra edilmi\u015ftir.<\/p>\n<p style=\"text-align: justify;\">\u0130cra Edilen yedi kongre sonucunda \u0130slam \u00dclkelerinin Birlik olu\u015fturabilmesi i\u00e7in <strong>gerekli kurumlar \u00fczerine \u00e7al\u0131\u015f\u0131lm\u0131\u015f, bu kurumlara ait mevzuat modeli ve model bir anayasa olu\u015fturulmu\u015ftur<\/strong>. Yap\u0131lan \u00e7al\u0131\u015fmalar uluslararas\u0131 platformlarda ve <a href=\"https:\/\/assam.org.tr\">https:\/\/assam.org.tr<\/a> ve <a href=\"https:\/\/assamcongress.com\/\">https:\/\/assamcongress.com<\/a> adreslerinde yay\u0131mlanm\u0131\u015ft\u0131r.<\/p>\n<p>\u00a0<\/p>\n<h2 style=\"text-align: center;\">ASR\u0130KA \u0130SLAM B\u0130RL\u0130\u011e\u0130 MODEL\u0130 KR\u0130ZLERE \u00c7\u00d6Z\u00dcM ARAYI\u015eI ULUSLARARASI KONGRE SER\u0130S\u0130<\/h2>\n<p style=\"text-align: justify;\"><strong>2024 \u2013 2028 y\u0131llar\u0131n\u0131 kapsayan 5 y\u0131ll\u0131k s\u00fcrede<\/strong> \u0130slam Co\u011frafyas\u0131n\u0131 ilgilendiren b\u00f6lgelerdeki Krizlere \u00c7\u00f6z\u00fcm \u00f6nerileri getirmek \u00fczere <strong>icra edilecek ikinci kongre serisinin ana konular\u0131<\/strong> \u015fu \u015fekilde se\u00e7ilmi\u015ftir;<\/p>\n<ol>\n<li><strong>ASR\u0130KA \u0130slam Birli\u011fi Modeli \u201cOrtado\u011fu ve Kuzey Afrika B\u00f6lgesi Krizlerine \u00c7\u00f6z\u00fcm Aray\u0131\u015f\u0131\u201d Kongresi (2024)<\/strong><\/li>\n<li>ASR\u0130KA \u0130slam Birli\u011fi Modeli \u201cAvrupa ve G\u00fcney Kafkasya B\u00f6lgesi Krizlerine \u00c7\u00f6z\u00fcm Aray\u0131\u015f\u0131\u201d Kongresi (2025)<\/li>\n<li>ASR\u0130KA \u0130slam Birli\u011fi Modeli \u201cOrta Asya ve G\u00fcney Asya B\u00f6lgesi Krizlerine \u00c7\u00f6z\u00fcm Aray\u0131\u015f\u0131\u201d Kongresi (2026)<\/li>\n<li>ASR\u0130KA \u0130slam Birli\u011fi Modeli \u201cSahraalt\u0131 Afrika B\u00f6lgesi Krizlerine \u00c7\u00f6z\u00fcm Aray\u0131\u015f\u0131\u201d Kongresi (2027)<\/li>\n<li>ASR\u0130KA \u0130slam Birli\u011fi Modeli \u201cUzak Asya B\u00f6lgesi Krizlerine \u00c7\u00f6z\u00fcm Aray\u0131\u015f\u0131\u201d Kongresi (2028)<\/li>\n<\/ol>\n<p>2024 \u2013 2028 y\u0131llar\u0131nda icra edilecek kongre serisi <strong>ASR\u0130KA \u0130slam Birli\u011fi Modeli Krizlere \u00c7\u00f6z\u00fcm Aray\u0131\u015f\u0131 Kongre Serisi<\/strong> ad\u0131 verilmi\u015ftir.<\/p>\n<p style=\"text-align: justify;\">Kongre dili T\u00fcrk\u00e7e, \u0130ngilizce ve Arap\u00e7a olacakt\u0131r. Bildirilerin sunumunda sim\u00fcltane (an\u0131nda) terc\u00fcme yap\u0131lacakt\u0131r. Bildiri \u00f6zetleri ve bildiriler kitap haline getirilerek ASSAM Kongre WEB Sitesinde, Bildiriler de ayr\u0131ca <strong>ASSAM Uluslararas\u0131 Hakemli Dergide<\/strong> (<strong>ASSAM-UHAD<\/strong>), elektronik ortamda yay\u0131mlanacakt\u0131r. Kongremize bildiri g\u00f6nderen bildiri sahiplerinin bildirilerini ASSAM Uluslararas\u0131 Hakemli dergimizde (UHAD) yay\u0131mlatmak isteyenler hakemli dergimizin bildiri haz\u0131rlama format\u0131na uygun olarak bildirilerini haz\u0131rlamalar\u0131 ve a\u015fa\u011f\u0131da belirtilen link \u00fczerinden sisteme y\u00fcklemeleri gerekmektedir. Hakemli derginin linki a\u015fa\u011f\u0131dad\u0131r.<a href=\"#_ftn1\" name=\"_ftnref1\">[1]<\/a> Hakemli dergide bildiriler\/makaleler hakem s\u00fcrecinden ge\u00e7tikten sonra yay\u0131mlanacakt\u0131r.<\/p>\n<p style=\"text-align: justify;\">\u0130craya d\u00f6n\u00fck olarak haz\u0131rlanacak Kongre Sonu\u00e7 Raporlar\u0131 da karar verici mekanizmalara ve \u0130sl\u00e2m D\u00fcnyas\u0131ndan t\u00fcm davetli ve kat\u0131l\u0131mc\u0131lara g\u00f6nderilecek ve ASSAM Kongre WEB Sitesinde yay\u0131mlanacakt\u0131r.<\/p>\n<p>\u00a0<\/p>\n<h1 style=\"text-align: center;\">GENEL DE\u011eERLEND\u0130RME<\/h1>\n<h2>\u0130SL\u00c2M CO\u011eRAFYASININ JEOPOL\u0130T\u0130K DE\u011eER\u0130<\/h2>\n<p style=\"text-align: justify;\">D\u00fcnya \u00fczerindeki 206 Devletin 57\u2019sine <em>(\u00dcye Say\u0131s\u0131n\u0131n %27\u2019si) <\/em>7,9 milyarl\u0131k D\u00fcnya N\u00fcfusunun 1.859.779.580 milyar\u0131na (<em>D\u00fcnya N\u00fcfusunun %23,49\u2019\u00fc), <\/em>150 milyon Km<sup>2<\/sup> olan d\u00fcnya karalar\u0131n\u0131n 30,9 milyon Km<sup>2<\/sup>\u2019sini <em>(D\u00fcnya Karalar\u0131n\u0131n %20,6\u2019s\u0131) <\/em>de 57 \u0130sl\u00e2m \u00dclkesinin sahip oldu\u011fu \u0130sl\u00e2m Co\u011frafyas\u0131, kendi aralar\u0131ndaki s\u0131n\u0131rlar yok say\u0131ld\u0131\u011f\u0131nda olu\u015fturduklar\u0131 blok ile:<\/p>\n<ul>\n<li>D\u00fcnya adas\u0131 olarak bilinen Asya, Avrupa ve Afrika K\u0131talar\u0131n\u0131n merkezinde bulunan,<\/li>\n<li>D\u00fcnyan\u0131n en b\u00fcy\u00fck i\u00e7 denizi konumundaki Akdeniz, K\u0131z\u0131l Deniz ve Karadeniz\u2019in giri\u015f kap\u0131lar\u0131 say\u0131lan <strong>Cebeli Tar\u0131k, Bab-El Mendeb, \u00c7anakkale ve \u0130stanbul bo\u011fazlar\u0131 ve S\u00fcvey\u015f Kanal\u0131n\u0131 kontrol eden,<\/strong><\/li>\n<li>Atlas Okyanusu, Hint Okyanusu, Akdeniz, Karadeniz, K\u0131z\u0131ldeniz ve Hazar Denizine k\u0131y\u0131lar\u0131 olan,<\/li>\n<li>Asya, Avrupa ve Afrika K\u0131talar\u0131na, Avrupa Birli\u011fi, Rusya, Hindistan, \u00c7in gibi k\u00fcresel g\u00fc\u00e7 say\u0131lan D\u00fcnyan\u0131n b\u00fcy\u00fck devletlerine kara ve denizden, Amerika Birle\u015fik Devletleri\u2019ne denizden s\u0131n\u0131r kom\u015fusu olan,<\/li>\n<li>D\u00fcnya kara, hava ve deniz <strong>ula\u015f\u0131m yollar\u0131n\u0131n alternatifsiz merkezi <\/strong>olma imk\u00e2n\u0131na sahip bulunan,<\/li>\n<li>D\u00fcnya <strong>petrol rezervlerinin <\/strong>%55,5\u2019ine, <strong>\u00fcretiminin <\/strong>%46,5\u2019ine, <strong>do\u011falgaz rezervlerinin <\/strong>%64\u20191\u2019ine, \u00fcretiminin %34\u2019\u00fcne sahip olan,<\/li>\n<\/ul>\n<p style=\"text-align: justify;\">Jeopolitik konumu, ortak medeniyet de\u011ferleri ve tarihi birikimi ile imk\u00e2n, gayret ve hedeflerini birle\u015ftirerek gelece\u011fin s\u00fcper g\u00fcc\u00fc olmaya namzet potansiyel bir g\u00fcce sahip bulunmaktad\u0131r.<\/p>\n<p>Harita 1 Model ASR\u0130KA \u0130slam \u00dclkeleri Konfederasyon Co\u011frafyas\u0131<\/p>\n<p>\u00a0<\/p>\n<h2>\u0130SLAM D\u00dcNYASININ MARUZ KALDI\u011eI K\u00dcRESEL SALDIRILAR<\/h2>\n<p>Egemen olmas\u0131 gerekti\u011fi Co\u011frafyas\u0131nda <strong>\u0130sl\u00e2m D\u00fcnyas\u0131<\/strong>, her bir \u0130slam \u00dclkesinin \u00fcniter yap\u0131lar\u0131n\u0131n i\u00e7indeki etnik ve mezhepsel farkl\u0131l\u0131\u011fa sahip unsurlar\u0131n\u0131n birbirleri ile sava\u015ft\u0131r\u0131ld\u0131\u011f\u0131, <strong>ilan edilmemi\u015f, gizli, sinsi, kirli ve asimetrik \u00dc\u00e7\u00fcnc\u00fc D\u00fcnya Sava\u015f\u0131n\u0131n <\/strong>alan\u0131 haline getirilmi\u015ftir.<\/p>\n<p><strong>Sahip oldu\u011fu avantajlara ra\u011fmen \u0130slam \u00fclkeleri<\/strong>, emperyalist bat\u0131 devletlerinin m\u00fcdahaleleri ile b\u00fcy\u00fck bir karga\u015fa i\u00e7ine d\u00fc\u015fm\u00fc\u015ft\u00fcr. Bu karga\u015fan\u0131n sonucu olarak \u0130slam co\u011frafyas\u0131nda b\u00fcy\u00fck ac\u0131lar ve y\u0131k\u0131mlar ya\u015fanmaktad\u0131r. Milyonlarca M\u00fcsl\u00fcman evlerini, yurtlar\u0131n\u0131 terk etmek veya \u00f6lmek aras\u0131nda tercih yapmak zorunda b\u0131rak\u0131lmaktad\u0131r. G\u00f6\u00e7 yollar\u0131nda binlerce M\u00fcsl\u00fcman \u00e7e\u015fitli \u015fekillerde \u00f6lmekte, g\u00f6\u00e7 etmeyi ba\u015faranlar ise yoksulluk ve sefalet i\u00e7inde ya\u015famaya mahk\u00fbm b\u0131rak\u0131lmaktad\u0131r.<\/p>\n<p>Birle\u015fmi\u015f milletler m\u00fclteciler y\u00fcksek komiserli\u011finin resmi verilerine g\u00f6re 2024 y\u0131l\u0131 itibari ile resmi kay\u0131tlara g\u00f6re d\u00fcnya \u00fczerinde 5,034,875 Suriye vatanda\u015f\u0131 g\u00f6\u00e7 etmi\u015ftir. Kay\u0131t alt\u0131na al\u0131namayan m\u00fcltecilerle bu rakam daha da y\u00fckselmektedir. Suriyeli M\u00fclteciler T\u00fcrkiye (3,136,353), Irak (273,258), \u00dcrd\u00fcn (639,552), M\u0131s\u0131r (155,825), L\u00fcbnan (784,884) ve Kuzey Afrika\u2019da di\u011fer yerlere (45,003) g\u00f6\u00e7 etmi\u015ftir. Bu rakamlar\u0131n d\u0131\u015f\u0131nda yo\u011fun bir \u015fekilde Avrupa\u2019ya g\u00f6\u00e7 giri\u015fimleri olmakta ve b\u00fcy\u00fck bir k\u0131sm\u0131 Akdeniz\u2019de ya\u015famlar\u0131n\u0131 yitirmektedir. Bu olumsuzluklara ra\u011fmen Nisan 2011 y\u0131l\u0131ndan Ocak 2021 y\u0131l\u0131na kadar Avrupa\u2019ya ge\u00e7en toplam kay\u0131tl\u0131 m\u00fclteci say\u0131s\u0131 ise 1.022.142 ki\u015fi olmu\u015ftur.<a href=\"#_ftn2\" name=\"_ftnref2\">[2]<\/a><\/p>\n<p><strong>\u00dc\u00e7\u00fcnc\u00fc D\u00fcnya Sava\u015f\u0131 \u0130slam \u00dclkelerine kar\u015f\u0131 ilan edilmemi\u015f bir sava\u015f <\/strong>(Hibrit Sava\u015f)<strong> olarak s\u00fcrd\u00fcr\u00fclmektedir<\/strong>. Osmanl\u0131&#8217;n\u0131n y\u0131k\u0131lmas\u0131ndan sonra y\u00f6netimsiz kalan M\u00fcsl\u00fcmanlar k\u00fc\u00e7\u00fck devlet\u00e7ikler kurarak varl\u0131klar\u0131n\u0131 devam ettirmeye \u00e7al\u0131\u015fm\u0131\u015f, ancak birlik ve beraberli\u011fini kaybettiklerinden k\u00fcresel g\u00fc\u00e7ler i\u00e7in kolay lokma haline gelmi\u015flerdir. <strong>Amerika Birle\u015fik Devletleri, Avrupa Birli\u011fi, \u0130ngiltere, Fransa, Rusya ve \u00c7in \u0130slam Co\u011frafyas\u0131n\u0131 ele ge\u00e7irmek i\u00e7in \u0130slam \u00dclkelerinde, kontrol ettikleri ter\u00f6r \u00f6rg\u00fctleri ve uygulad\u0131klar\u0131 asimetrik sava\u015f y\u00f6ntemleriyle vek\u00e2let sava\u015flar\u0131 y\u00fcr\u00fcterek<\/strong> otorite tesis etmeyi ama\u00e7lamaktad\u0131r.<\/p>\n<p>\u00a0<\/p>\n<h1 style=\"text-align: center;\">\u201cORTADO\u011eU VE KUZEY AFR\u0130KA B\u00d6LGES\u0130 KR\u0130ZLER\u0130NE \u00c7\u00d6Z\u00dcM ARAYI\u015eI\u201d \u2013 2024 ULUSLARARASI KONGRES\u0130<\/h1>\n<h2>KAPSAM<\/h2>\n<p>ASR\u0130KA \u0130slam Birli\u011fi Modeli <strong>\u201cKriz B\u00f6lgeleri Uluslararas\u0131<\/strong> <strong>Kongre Serisinin\u201d<\/strong> Birincisi <strong>\u201cOrtado\u011fu ve Kuzey Afrika B\u00f6lgesindeki Krizlere \u00c7\u00f6z\u00fcm Aray\u0131\u015flar\u0131\u201d<\/strong> konulu olup Filistin \u2013 Suriye \u2013 Irak \u2013 Yemen \u2013 Libya \u2013 \u00c7ad krizlerine odaklanmaktad\u0131r.<\/p>\n<p>ASSAM\u2019\u0131n Ortado\u011fu ve Kuzey Afrika b\u00f6lgesi tan\u0131m\u0131nda toplam 18 \u00fclke yer almaktad\u0131r;<\/p>\n<p><strong>Ortado\u011fu<\/strong>; Bahreyn, BAE, Filistin, Irak, Katar, Kuveyt, L\u00fcbnan, Suriye, Suudi Arabistan, Umman, \u00dcrd\u00fcn, Yemen olmak \u00fczere 12 \u00fclke\u2026<\/p>\n<p><strong>Kuzey Afrika<\/strong>; Cezayir, \u00c7ad, Fas, Libya, M\u0131s\u0131r, Tunus olmak \u00fczere 6 \u00fclke\u2026<\/p>\n<h2>KONGRE PAYDA\u015eLARI\u00a0<\/h2>\n<p>\u0130kinci seri kongrelerin birincisi ASSAM merkezinin bulundu\u011fu \u0130stanbul\u2019da, ASSAM Genel Merkezinde, video konferans y\u00f6ntemi ile Uluslararas\u0131 M\u00fcsl\u00fcman \u00c2limler Birli\u011fi (IUMS), \u0130slam D\u00fcnyas\u0131 Sivil Toplum Kurulu\u015flar\u0131 Birli\u011fi (\u0130DSB) ve Adaleti Savunanlar Derne\u011fi (ASDER) i\u015ftiraki ile yap\u0131lacakt\u0131r.<\/p>\n<h2>KONGRE ALT BA\u015eLIKLARI<\/h2>\n<table style=\"margin-left: auto; margin-right: auto;\" border=\"1\" width=\"95%\">\n<tbody>\n<tr>\n<td width=\"14%\">\n<p><strong>Oturum &#8211; 1 \u00a0\u00a0\u00a0\u00a0\u00a0\u00a0\u00a0 <\/strong><strong>\u00a0<\/strong><\/p>\n<\/td>\n<td width=\"85%\">\n<p style=\"text-align: center;\"><strong>Ortado\u011fu ve Kuzey Afrika\u2019n\u0131n Demografik Yap\u0131s\u0131, Jeopolitik ve Jeostratejik \u00d6nemi<\/strong><\/p>\n<p><strong>\u00d6rnek Konular<\/strong><\/p>\n<p>1)\u00a0\u00a0\u00a0\u00a0\u00a0 Ortado\u011fu\u2019nun jeopolitik ve jeostratejik \u00f6nemi ve bu \u00f6nemini artt\u0131ran jeoekonomik \u00f6zellikleri<\/p>\n<p>2)\u00a0\u00a0\u00a0\u00a0\u00a0 Kuzey Afrika\u2019n\u0131n jeopolitik ve jeostratejik \u00f6nemi ve bu \u00f6nemini artt\u0131ran jeoekonomik \u00f6zellikleri<\/p>\n<p>3)\u00a0\u00a0\u00a0\u00a0\u00a0 B\u00f6lgenin \u0130slam Birli\u011fi a\u00e7\u0131s\u0131ndan \u00f6nemi<\/p>\n<p>4)\u00a0\u00a0\u00a0\u00a0\u00a0 B\u00f6lgenin k\u00fcresel g\u00fc\u00e7lerin enerji m\u00fccadelesindeki yeri \u00a0<\/p>\n<\/td>\n<\/tr>\n<tr>\n<td width=\"14%\">\n<p><strong>Oturum &#8211; 2 \u00a0\u00a0\u00a0\u00a0\u00a0\u00a0\u00a0 <\/strong><strong>\u00a0<\/strong><\/p>\n<\/td>\n<td width=\"85%\">\n<p style=\"text-align: center;\"><strong>Ortado\u011fu ve Kuzey Afrika\u2019n\u0131n Emperyalizm ve S\u00f6m\u00fcrgecilikle M\u00fccadele Tarihi<\/strong><\/p>\n<p><strong>\u00d6rnek Konular<\/strong><\/p>\n<p>1)\u00a0\u00a0\u00a0\u00a0\u00a0 Osmanl\u0131 sonras\u0131 ger\u00e7ekle\u015fen i\u015fgaller ve kurulan suni rejimler<\/p>\n<p>2)\u00a0\u00a0\u00a0\u00a0\u00a0 Osmanl\u0131 sonras\u0131 izlenen etnik ve mezhep\u00e7i politikalar\u0131n do\u011furdu\u011fu sonu\u00e7lar<\/p>\n<p>3)\u00a0\u00a0\u00a0\u00a0\u00a0 Filistin&#8217;in i\u015fgal edilmesi ve sonu\u00e7lar\u0131<\/p>\n<p>4)\u00a0\u00a0\u00a0\u00a0\u00a0 <strong>\u2018Arap-\u0130srail\u2019<\/strong> sava\u015flar\u0131 ve do\u011furdu\u011fu sonu\u00e7lar<\/p>\n<p>5)\u00a0\u00a0\u00a0\u00a0\u00a0 11 Eyl\u00fcl\u2019\u00fcn <strong>\u2018Medeniyetler \u00c7at\u0131\u015fmas\u0131 Tezi\u2019<\/strong> ile ili\u015fkisi<\/p>\n<p>6)\u00a0\u00a0\u00a0\u00a0\u00a0 Arap Bahar\u0131\u2019n\u0131n <strong>\u2018Medeniyet \u0130\u00e7i \u00c7at\u0131\u015fma Tezi\u2019<\/strong> ile ili\u015fkisi<\/p>\n<p>7)\u00a0\u00a0\u00a0\u00a0\u00a0 Bir tehdit olarak <strong>\u2018\u0130srail\u2019<\/strong> ve Milli G\u00fc\u00e7 Unsurlar\u0131<\/p>\n<\/td>\n<\/tr>\n<tr>\n<td width=\"14%\">\n<p><strong>Oturum &#8211; 3 \u00a0\u00a0\u00a0\u00a0\u00a0\u00a0\u00a0 <\/strong><strong>\u00a0<\/strong><\/p>\n<\/td>\n<td width=\"85%\">\n<p style=\"text-align: center;\"><strong>Ortado\u011fu ve Kuzey Afrika\u2019n\u0131n Siyasi, Toplumsal, K\u00fclt\u00fcrel Yap\u0131lar\u0131 ve Politikalar\u0131<\/strong><\/p>\n<p><strong>\u00d6rnek Konular<\/strong><\/p>\n<p>1)\u00a0\u00a0\u00a0\u00a0\u00a0 \u2026<\/p>\n<p>2)\u00a0\u00a0\u00a0\u00a0\u00a0 \u2026<\/p>\n<p>3)\u00a0\u00a0\u00a0\u00a0\u00a0 \u2026<\/p>\n<\/td>\n<\/tr>\n<tr>\n<td width=\"14%\">\n<p><strong>Oturum &#8211; 4 \u00a0\u00a0\u00a0\u00a0\u00a0\u00a0\u00a0 <\/strong><strong>\u00a0<\/strong><\/p>\n<\/td>\n<td width=\"85%\">\n<p style=\"text-align: center;\"><strong>ABD, Rusya, \u00c7in Halk Cumhuriyeti ve Avrupa \u00dclkelerinin B\u00f6lge Politikalar\u0131<\/strong><\/p>\n<p><strong>\u00d6rnek Konular<\/strong><\/p>\n<p>1)\u00a0\u00a0\u00a0\u00a0\u00a0 ABD\u2019nin B\u00f6lge ve Do\u011fu Akdeniz politikalar\u0131<\/p>\n<p>2)\u00a0\u00a0\u00a0\u00a0\u00a0 \u00c7in Halk Cumhuriyeti\u2019nin B\u00f6lge ve Do\u011fu Akdeniz politikalar\u0131<\/p>\n<p>3)\u00a0\u00a0\u00a0\u00a0\u00a0 Avrupa \u00fclkelerinin B\u00f6lge ve Do\u011fu Akdeniz politikalar\u0131<\/p>\n<p>4)\u00a0\u00a0\u00a0\u00a0\u00a0 K\u00fcresel sermayenin B\u00f6lge y\u00f6netimleri \u00fczerindeki etkisi<\/p>\n<p>5)\u00a0\u00a0\u00a0\u00a0\u00a0 Yahudi Nazizm\u2019i, siyasal Siyonizm\u2019in Arz-\u0131 Mev\u2019ud hayali<\/p>\n<p>6)\u00a0\u00a0\u00a0\u00a0\u00a0 \u0130srail\u2019in B\u00f6lge ve Do\u011fu Akdeniz politikalar\u0131<\/p>\n<p>7)\u00a0\u00a0\u00a0\u00a0\u00a0 \u0130ran\u2019\u0131n B\u00f6lge ve Do\u011fu Akdeniz politikalar\u0131<\/p>\n<p>8)\u00a0\u00a0\u00a0\u00a0\u00a0 T\u00fcrkiye\u2019nin, B\u00f6lgedeki bar\u0131\u015f ve refah \u00e7abalar\u0131<\/p>\n<\/td>\n<\/tr>\n<tr>\n<td width=\"14%\">\n<p><strong>Oturum &#8211; 5 \u00a0\u00a0\u00a0\u00a0\u00a0\u00a0\u00a0 <\/strong><strong>\u00a0<\/strong><\/p>\n<\/td>\n<td width=\"85%\">\n<p style=\"text-align: center;\"><strong>Ortado\u011fu ve Kuzey Afrika\u2019n\u0131n Ekonomik Yap\u0131lar\u0131, Politikalar\u0131 ve D\u00fcnya Ticaretine Etkisi, Enerji Kaynaklar\u0131 ve Payla\u015f\u0131m M\u00fccadelesi<\/strong><\/p>\n<p><strong>\u00d6rnek Konular<\/strong><\/p>\n<p>1)\u00a0\u00a0\u00a0\u00a0\u00a0 B\u00f6lge \u00dclkelerinde uygulanan iktisat politikalar\u0131n\u0131n belirleyicileri<\/p>\n<p>2)\u00a0\u00a0\u00a0\u00a0\u00a0 B\u00f6lgede ekonomik b\u00fcy\u00fcme<\/p>\n<p>3)\u00a0\u00a0\u00a0\u00a0\u00a0 B\u00f6lgede \u00fclke baz\u0131nda geli\u015fmeler<\/p>\n<p>4)\u00a0\u00a0\u00a0\u00a0\u00a0 B\u00f6lgede emek piyasas\u0131 ve istihdam yap\u0131s\u0131<\/p>\n<p>5)\u00a0\u00a0\u00a0\u00a0\u00a0 B\u00f6lgede giri\u015fimcilik<\/p>\n<p>6)\u00a0\u00a0\u00a0\u00a0\u00a0 <strong>B\u00f6lgedeki do\u011fal kaynaklar ve s\u00f6m\u00fcrge m\u00fccadelesi <\/strong><\/p>\n<p>7)\u00a0\u00a0\u00a0\u00a0\u00a0 B\u00f6lgede sa\u011fl\u0131k ve turizm ekonomisi<\/p>\n<p>8)\u00a0\u00a0\u00a0\u00a0\u00a0 B\u00f6lgede finans ve bankac\u0131l\u0131k sistemi<\/p>\n<p>9)\u00a0\u00a0\u00a0\u00a0\u00a0 B\u00f6lgede vergi sistemi ve politikalar\u0131<\/p>\n<p>10) \u00a0Bat\u0131\u2019n\u0131n liberal pazarlara ve yat\u0131r\u0131m alanlar\u0131na duydu\u011fu ihtiya\u00e7 sonucu ger\u00e7ekle\u015fen i\u015fgaller<\/p>\n<p>11) \u00a0Yumu\u015fak i\u015fgal vas\u0131talar\u0131 olarak D\u00fcnya Bankas\u0131 ve IMF<\/p>\n<\/td>\n<\/tr>\n<tr>\n<td width=\"14%\">\n<p><strong>Oturum &#8211; 6 \u00a0\u00a0\u00a0\u00a0\u00a0\u00a0\u00a0 <\/strong><strong>\u00a0<\/strong><\/p>\n<\/td>\n<td width=\"85%\">\n<p style=\"text-align: center;\"><strong>Ortado\u011fu ve Kuzey Afrika Merkezli G\u00f6\u00e7 Hareketleri Sebepleri ve Sonu\u00e7lar\u0131<\/strong><\/p>\n<p><strong>\u00d6rnek Konular<\/strong><\/p>\n<p>1)\u00a0\u00a0\u00a0\u00a0\u00a0 G\u00f6\u00e7\u00fcn \u00fclkeler \u00fczerindeki etkileri<\/p>\n<p>2)\u00a0\u00a0\u00a0\u00a0\u00a0 G\u00f6\u00e7\u00fcn \u00e7ocuklar \u00fczerindeki etkisi<\/p>\n<p>3)\u00a0\u00a0\u00a0\u00a0\u00a0 G\u00f6\u00e7\u00fcn ekonomiler \u00fczerindeki etkisi<\/p>\n<p>4)\u00a0\u00a0\u00a0\u00a0\u00a0 G\u00f6\u00e7\u00fcn sosyolojik ve inan\u00e7lar \u00fczerindeki etkisi<\/p>\n<p>5)\u00a0\u00a0\u00a0\u00a0\u00a0 G\u00f6\u00e7\u00fcn demografik yap\u0131lar \u00fczerindeki etkisi<\/p>\n<\/td>\n<\/tr>\n<tr>\n<td width=\"14%\">\n<p><strong>Oturum &#8211; 7 \u00a0\u00a0\u00a0\u00a0\u00a0\u00a0\u00a0 <\/strong><strong>\u00a0<\/strong><\/p>\n<\/td>\n<td width=\"85%\">\n<p style=\"text-align: center;\"><strong>Ortado\u011fu ve Kuzey Afrika\u2019da Meydana Gelen \u00c7at\u0131\u015fmalar, G\u00fcvenlik Kayg\u0131lar\u0131, Sebepleri ve Al\u0131nmas\u0131 Gereken Tedbirler<\/strong><\/p>\n<p><strong>\u00d6rnek Konular<\/strong><\/p>\n<p>1)\u00a0\u00a0\u00a0\u00a0\u00a0 Arap-\u0130srail sava\u015flar\u0131 ve do\u011furdu\u011fu sonu\u00e7lar<\/p>\n<p>2)\u00a0\u00a0\u00a0\u00a0\u00a0 Arap Bahar\u0131 ile gelen istikrars\u0131zla\u015ft\u0131rma ve ter\u00f6r \u00f6rg\u00fctleri (vekil sava\u015f\u00e7\u0131lar) \u00fczerinden gelen yeni tip (medeniyet i\u00e7i \u00e7at\u0131\u015fma) i\u015fgaller<\/p>\n<p>3)\u00a0\u00a0\u00a0\u00a0\u00a0 Ortado\u011fu ve Kuzey Afrika\u2019daki \u00e7at\u0131\u015fmalar\u0131n merkezindeki ter\u00f6r \u00f6rg\u00fctleri ve k\u00fcresel g\u00fc\u00e7lerle olan ili\u015fkisi<\/p>\n<p>4)\u00a0\u00a0\u00a0\u00a0\u00a0 <strong>\u2018B\u00fcy\u00fck Ortado\u011fu Projesi\u2019<\/strong>, dayand\u0131\u011f\u0131 temeller ve sonu\u00e7lar\u0131<\/p>\n<p>5)\u00a0\u00a0\u00a0\u00a0\u00a0 Ter\u00f6r \u00f6rg\u00fctlerinin (vekil sava\u015f\u00e7\u0131lar) k\u00fcresel g\u00fc\u00e7lerle olan ili\u015fkisi<\/p>\n<p>6)\u00a0\u00a0\u00a0\u00a0\u00a0 Ter\u00f6r \u00f6rg\u00fctleri (vekil sava\u015f\u00e7\u0131lar) \u00fczerinden b\u00f6lgenin tanzimi<\/p>\n<p>7)\u00a0\u00a0\u00a0\u00a0\u00a0 Irak, istikrars\u0131zl\u0131k ve krizden \u00e7\u0131k\u0131\u015f yollar\u0131<\/p>\n<p>8)\u00a0\u00a0\u00a0\u00a0\u00a0 Suriye i\u00e7 sava\u015f\u0131, akt\u00f6rler ve krizden \u00e7\u0131k\u0131\u015f yollar\u0131<\/p>\n<p>9)\u00a0\u00a0\u00a0\u00a0\u00a0 L\u00fcbnan krizi, akt\u00f6rler ve krizden \u00e7\u0131k\u0131\u015f yollar\u0131<\/p>\n<p>10) Yemen i\u00e7 sava\u015f\u0131, akt\u00f6rler ve krizden \u00e7\u0131k\u0131\u015f yollar\u0131<\/p>\n<p>11) Libya i\u00e7 sava\u015f\u0131, akt\u00f6rler ve krizden \u00e7\u0131k\u0131\u015f yollar\u0131<\/p>\n<p>12) M\u0131s\u0131r ve halk\u0131n iradesi<\/p>\n<\/td>\n<\/tr>\n<tr>\n<td width=\"14%\">\n<p><strong>Oturum &#8211; 8 \u00a0\u00a0\u00a0\u00a0\u00a0\u00a0\u00a0 <\/strong><strong>\u00a0<\/strong><\/p>\n<\/td>\n<td width=\"85%\">\n<p><strong>De\u011ferlendirme ve Kapan\u0131\u015f<\/strong><\/p>\n<\/td>\n<\/tr>\n<\/tbody>\n<\/table>\n<h2>\u00a0<\/h2>\n<h2>\u00d6NEML\u0130 TAR\u0130HLER<\/h2>\n<ol>\n<li>\u00d6zet g\u00f6nderme son tarihi : 15 Temmuz 2024<\/li>\n<li>Kabul edilen \u00f6zetlerin duyurusu : 15 A\u011fustos 2024<\/li>\n<li>Tam metinlerin son g\u00f6nderme tarihi : 15 Eyl\u00fcl 2024<\/li>\n<li><strong>KONGRE TAR\u0130H\u0130 : 02-03 Kas\u0131m 2024<\/strong><\/li>\n<\/ol>\n<p>\u00a0<\/p>\n<p><a href=\"#_ftnref1\" name=\"_ftn1\">[1]<\/a> <a href=\"https:\/\/dergipark.org.tr\/assam\" target=\"_blank\" rel=\"noopener noreferrer\">https:\/\/dergipark.org.tr\/assam<\/a><\/p>\n<p><a href=\"#_ftnref2\" name=\"_ftn2\">[2]<\/a> <a href=\"https:\/\/data2.unhcr.org\/en\/situations\/syria\" target=\"_blank\" rel=\"noopener noreferrer\">https:\/\/data2.unhcr.org\/en\/situations\/syria<\/a><\/p>\n","protected":false},"excerpt":{"rendered":"<p>ASSAM Kongreleri; \u0130slam \u00dclkeleri Co\u011frafyas\u0131 ba\u015fta olmak \u00fczere d\u00fcnya siyasetinde g\u00fcncel sorunlarla ilgili olarak akademik ve siyasal bir zemin \u00fczerinde tespitler yapmak; uluslararas\u0131, b\u00f6lgesel ve yerel krizlere \u00e7\u00f6z\u00fcm \u00f6nerileri getirmek; \u0130sl\u00e2m \u00dclkelerinin bir irade alt\u0131nda toplanmas\u0131 i\u00e7in gerekli m\u00fcesseseleri belirlemek ve bu m\u00fcesseseler i\u00e7in gerekli mevzuat modelleri olu\u015fturmak; \u0130slam D\u00fcnyas\u0131na ve karar vericilere bir hal [&hellip;]<\/p>\n","protected":false},"author":1,"featured_media":0,"comment_status":"open","ping_status":"open","sticky":false,"template":"","format":"standard","meta":{"_acf_changed":false,"footnotes":""},"categories":[270],"tags":[],"class_list":["post-296","post","type-post","status-publish","format-standard","hentry","category-uncategorised-tr"],"acf":[],"yoast_head":"<!-- This site is optimized with the Yoast SEO plugin v26.0 - https:\/\/yoast.com\/wordpress\/plugins\/seo\/ -->\n<title>Ortado\u011fu ve Kuzey Afrika B\u00f6lgesi Krizlerine \u00c7\u00f6z\u00fcm Aray\u0131\u015f\u0131 \u2013 2024 Kongresi - ASSAM Congress<\/title>\n<meta name=\"robots\" content=\"index, follow, max-snippet:-1, max-image-preview:large, max-video-preview:-1\" \/>\n<link rel=\"canonical\" href=\"https:\/\/assamcongress.com\/tr\/ortadogu-ve-kuzey-afrika-bolgesi-krizlerine-cozum-arayisi-2024-kongresi\/\" \/>\n<meta property=\"og:locale\" content=\"tr_TR\" \/>\n<meta property=\"og:type\" content=\"article\" \/>\n<meta property=\"og:title\" content=\"Ortado\u011fu ve Kuzey Afrika B\u00f6lgesi Krizlerine \u00c7\u00f6z\u00fcm Aray\u0131\u015f\u0131 \u2013 2024 Kongresi - ASSAM Congress\" \/>\n<meta property=\"og:description\" content=\"ASSAM Kongreleri; \u0130slam \u00dclkeleri Co\u011frafyas\u0131 ba\u015fta olmak \u00fczere d\u00fcnya siyasetinde g\u00fcncel sorunlarla ilgili olarak akademik ve siyasal bir zemin \u00fczerinde tespitler yapmak; uluslararas\u0131, b\u00f6lgesel ve yerel krizlere \u00e7\u00f6z\u00fcm \u00f6nerileri getirmek; \u0130sl\u00e2m \u00dclkelerinin bir irade alt\u0131nda toplanmas\u0131 i\u00e7in gerekli m\u00fcesseseleri belirlemek ve bu m\u00fcesseseler i\u00e7in gerekli mevzuat modelleri olu\u015fturmak; \u0130slam D\u00fcnyas\u0131na ve karar vericilere bir hal [&hellip;]\" \/>\n<meta property=\"og:url\" content=\"https:\/\/assamcongress.com\/tr\/ortadogu-ve-kuzey-afrika-bolgesi-krizlerine-cozum-arayisi-2024-kongresi\/\" \/>\n<meta property=\"og:site_name\" content=\"ASSAM Congress\" \/>\n<meta property=\"article:publisher\" content=\"https:\/\/facebook.com\/assamcongresses\" \/>\n<meta property=\"article:published_time\" content=\"2024-05-05T18:24:52+00:00\" \/>\n<meta name=\"author\" content=\"admin\" \/>\n<meta name=\"twitter:card\" content=\"summary_large_image\" \/>\n<meta name=\"twitter:creator\" content=\"@assamcongresses\" \/>\n<meta name=\"twitter:site\" content=\"@assamcongresses\" \/>\n<meta name=\"twitter:label1\" content=\"Yazan:\" \/>\n\t<meta name=\"twitter:data1\" content=\"admin\" \/>\n\t<meta name=\"twitter:label2\" content=\"Tahmini okuma s\u00fcresi\" \/>\n\t<meta name=\"twitter:data2\" content=\"10 dakika\" \/>\n<script type=\"application\/ld+json\" class=\"yoast-schema-graph\">{\"@context\":\"https:\/\/schema.org\",\"@graph\":[{\"@type\":\"Article\",\"@id\":\"https:\/\/assamcongress.com\/tr\/ortadogu-ve-kuzey-afrika-bolgesi-krizlerine-cozum-arayisi-2024-kongresi\/#article\",\"isPartOf\":{\"@id\":\"https:\/\/assamcongress.com\/tr\/ortadogu-ve-kuzey-afrika-bolgesi-krizlerine-cozum-arayisi-2024-kongresi\/\"},\"author\":{\"name\":\"admin\",\"@id\":\"https:\/\/assamcongress.com\/tr\/#\/schema\/person\/fcb934b07ebb712152272b3685845fd4\"},\"headline\":\"Ortado\u011fu ve Kuzey Afrika B\u00f6lgesi Krizlerine \u00c7\u00f6z\u00fcm Aray\u0131\u015f\u0131 \u2013 2024 Kongresi\",\"datePublished\":\"2024-05-05T18:24:52+00:00\",\"mainEntityOfPage\":{\"@id\":\"https:\/\/assamcongress.com\/tr\/ortadogu-ve-kuzey-afrika-bolgesi-krizlerine-cozum-arayisi-2024-kongresi\/\"},\"wordCount\":1934,\"commentCount\":0,\"publisher\":{\"@id\":\"https:\/\/assamcongress.com\/tr\/#organization\"},\"articleSection\":[\"Uncategorised\"],\"inLanguage\":\"tr\"},{\"@type\":\"WebPage\",\"@id\":\"https:\/\/assamcongress.com\/tr\/ortadogu-ve-kuzey-afrika-bolgesi-krizlerine-cozum-arayisi-2024-kongresi\/\",\"url\":\"https:\/\/assamcongress.com\/tr\/ortadogu-ve-kuzey-afrika-bolgesi-krizlerine-cozum-arayisi-2024-kongresi\/\",\"name\":\"Ortado\u011fu ve Kuzey Afrika B\u00f6lgesi Krizlerine \u00c7\u00f6z\u00fcm Aray\u0131\u015f\u0131 \u2013 2024 Kongresi - ASSAM Congress\",\"isPartOf\":{\"@id\":\"https:\/\/assamcongress.com\/tr\/#website\"},\"datePublished\":\"2024-05-05T18:24:52+00:00\",\"breadcrumb\":{\"@id\":\"https:\/\/assamcongress.com\/tr\/ortadogu-ve-kuzey-afrika-bolgesi-krizlerine-cozum-arayisi-2024-kongresi\/#breadcrumb\"},\"inLanguage\":\"tr\",\"potentialAction\":[{\"@type\":\"ReadAction\",\"target\":[\"https:\/\/assamcongress.com\/tr\/ortadogu-ve-kuzey-afrika-bolgesi-krizlerine-cozum-arayisi-2024-kongresi\/\"]}]},{\"@type\":\"BreadcrumbList\",\"@id\":\"https:\/\/assamcongress.com\/tr\/ortadogu-ve-kuzey-afrika-bolgesi-krizlerine-cozum-arayisi-2024-kongresi\/#breadcrumb\",\"itemListElement\":[{\"@type\":\"ListItem\",\"position\":1,\"name\":\"Home\",\"item\":\"https:\/\/assamcongress.com\/tr\/\"},{\"@type\":\"ListItem\",\"position\":2,\"name\":\"Ortado\u011fu ve Kuzey Afrika B\u00f6lgesi Krizlerine \u00c7\u00f6z\u00fcm Aray\u0131\u015f\u0131 \u2013 2024 Kongresi\"}]},{\"@type\":\"WebSite\",\"@id\":\"https:\/\/assamcongress.com\/tr\/#website\",\"url\":\"https:\/\/assamcongress.com\/tr\/\",\"name\":\"ASSAM International Congresses\",\"description\":\"Adaleti Savunanlar Stratejik Ara\u015ft\u0131rmalar Merkezi\",\"publisher\":{\"@id\":\"https:\/\/assamcongress.com\/tr\/#organization\"},\"potentialAction\":[{\"@type\":\"SearchAction\",\"target\":{\"@type\":\"EntryPoint\",\"urlTemplate\":\"https:\/\/assamcongress.com\/tr\/?s={search_term_string}\"},\"query-input\":{\"@type\":\"PropertyValueSpecification\",\"valueRequired\":true,\"valueName\":\"search_term_string\"}}],\"inLanguage\":\"tr\"},{\"@type\":\"Organization\",\"@id\":\"https:\/\/assamcongress.com\/tr\/#organization\",\"name\":\"ASSAM - Justice Defenders Strategic Studies Center\",\"url\":\"https:\/\/assamcongress.com\/tr\/\",\"logo\":{\"@type\":\"ImageObject\",\"inLanguage\":\"tr\",\"@id\":\"https:\/\/assamcongress.com\/tr\/#\/schema\/logo\/image\/\",\"url\":\"https:\/\/assamcongress.com\/download\/2025\/09\/ASSAM-Logo-2023-1-scaled.png\",\"contentUrl\":\"https:\/\/assamcongress.com\/download\/2025\/09\/ASSAM-Logo-2023-1-scaled.png\",\"width\":2560,\"height\":2560,\"caption\":\"ASSAM - Justice Defenders Strategic Studies Center\"},\"image\":{\"@id\":\"https:\/\/assamcongress.com\/tr\/#\/schema\/logo\/image\/\"},\"sameAs\":[\"https:\/\/facebook.com\/assamcongresses\",\"https:\/\/x.com\/assamcongresses\",\"https:\/\/linkedin.com\/showcase\/assamcongresses\",\"http:\/\/youtube.com\/ASSAMCongress\",\"https:\/\/sosyal.teknofest.app\/@assam_der\"]},{\"@type\":\"Person\",\"@id\":\"https:\/\/assamcongress.com\/tr\/#\/schema\/person\/fcb934b07ebb712152272b3685845fd4\",\"name\":\"admin\",\"image\":{\"@type\":\"ImageObject\",\"inLanguage\":\"tr\",\"@id\":\"https:\/\/assamcongress.com\/tr\/#\/schema\/person\/image\/\",\"url\":\"https:\/\/secure.gravatar.com\/avatar\/5430b77c9e17c670a7ca76d5ddab471e7f5d3ecdf74491a4a9a66ceae9a8346b?s=96&d=mm&r=g\",\"contentUrl\":\"https:\/\/secure.gravatar.com\/avatar\/5430b77c9e17c670a7ca76d5ddab471e7f5d3ecdf74491a4a9a66ceae9a8346b?s=96&d=mm&r=g\",\"caption\":\"admin\"},\"sameAs\":[\"https:\/\/assamcongress.com\"],\"url\":\"https:\/\/assamcongress.com\/tr\/author\/admin\/\"}]}<\/script>\n<!-- \/ Yoast SEO plugin. -->","yoast_head_json":{"title":"Ortado\u011fu ve Kuzey Afrika B\u00f6lgesi Krizlerine \u00c7\u00f6z\u00fcm Aray\u0131\u015f\u0131 \u2013 2024 Kongresi - ASSAM Congress","robots":{"index":"index","follow":"follow","max-snippet":"max-snippet:-1","max-image-preview":"max-image-preview:large","max-video-preview":"max-video-preview:-1"},"canonical":"https:\/\/assamcongress.com\/tr\/ortadogu-ve-kuzey-afrika-bolgesi-krizlerine-cozum-arayisi-2024-kongresi\/","og_locale":"tr_TR","og_type":"article","og_title":"Ortado\u011fu ve Kuzey Afrika B\u00f6lgesi Krizlerine \u00c7\u00f6z\u00fcm Aray\u0131\u015f\u0131 \u2013 2024 Kongresi - ASSAM Congress","og_description":"ASSAM Kongreleri; \u0130slam \u00dclkeleri Co\u011frafyas\u0131 ba\u015fta olmak \u00fczere d\u00fcnya siyasetinde g\u00fcncel sorunlarla ilgili olarak akademik ve siyasal bir zemin \u00fczerinde tespitler yapmak; uluslararas\u0131, b\u00f6lgesel ve yerel krizlere \u00e7\u00f6z\u00fcm \u00f6nerileri getirmek; \u0130sl\u00e2m \u00dclkelerinin bir irade alt\u0131nda toplanmas\u0131 i\u00e7in gerekli m\u00fcesseseleri belirlemek ve bu m\u00fcesseseler i\u00e7in gerekli mevzuat modelleri olu\u015fturmak; \u0130slam D\u00fcnyas\u0131na ve karar vericilere bir hal [&hellip;]","og_url":"https:\/\/assamcongress.com\/tr\/ortadogu-ve-kuzey-afrika-bolgesi-krizlerine-cozum-arayisi-2024-kongresi\/","og_site_name":"ASSAM Congress","article_publisher":"https:\/\/facebook.com\/assamcongresses","article_published_time":"2024-05-05T18:24:52+00:00","author":"admin","twitter_card":"summary_large_image","twitter_creator":"@assamcongresses","twitter_site":"@assamcongresses","twitter_misc":{"Yazan:":"admin","Tahmini okuma s\u00fcresi":"10 dakika"},"schema":{"@context":"https:\/\/schema.org","@graph":[{"@type":"Article","@id":"https:\/\/assamcongress.com\/tr\/ortadogu-ve-kuzey-afrika-bolgesi-krizlerine-cozum-arayisi-2024-kongresi\/#article","isPartOf":{"@id":"https:\/\/assamcongress.com\/tr\/ortadogu-ve-kuzey-afrika-bolgesi-krizlerine-cozum-arayisi-2024-kongresi\/"},"author":{"name":"admin","@id":"https:\/\/assamcongress.com\/tr\/#\/schema\/person\/fcb934b07ebb712152272b3685845fd4"},"headline":"Ortado\u011fu ve Kuzey Afrika B\u00f6lgesi Krizlerine \u00c7\u00f6z\u00fcm Aray\u0131\u015f\u0131 \u2013 2024 Kongresi","datePublished":"2024-05-05T18:24:52+00:00","mainEntityOfPage":{"@id":"https:\/\/assamcongress.com\/tr\/ortadogu-ve-kuzey-afrika-bolgesi-krizlerine-cozum-arayisi-2024-kongresi\/"},"wordCount":1934,"commentCount":0,"publisher":{"@id":"https:\/\/assamcongress.com\/tr\/#organization"},"articleSection":["Uncategorised"],"inLanguage":"tr"},{"@type":"WebPage","@id":"https:\/\/assamcongress.com\/tr\/ortadogu-ve-kuzey-afrika-bolgesi-krizlerine-cozum-arayisi-2024-kongresi\/","url":"https:\/\/assamcongress.com\/tr\/ortadogu-ve-kuzey-afrika-bolgesi-krizlerine-cozum-arayisi-2024-kongresi\/","name":"Ortado\u011fu ve Kuzey Afrika B\u00f6lgesi Krizlerine \u00c7\u00f6z\u00fcm Aray\u0131\u015f\u0131 \u2013 2024 Kongresi - ASSAM Congress","isPartOf":{"@id":"https:\/\/assamcongress.com\/tr\/#website"},"datePublished":"2024-05-05T18:24:52+00:00","breadcrumb":{"@id":"https:\/\/assamcongress.com\/tr\/ortadogu-ve-kuzey-afrika-bolgesi-krizlerine-cozum-arayisi-2024-kongresi\/#breadcrumb"},"inLanguage":"tr","potentialAction":[{"@type":"ReadAction","target":["https:\/\/assamcongress.com\/tr\/ortadogu-ve-kuzey-afrika-bolgesi-krizlerine-cozum-arayisi-2024-kongresi\/"]}]},{"@type":"BreadcrumbList","@id":"https:\/\/assamcongress.com\/tr\/ortadogu-ve-kuzey-afrika-bolgesi-krizlerine-cozum-arayisi-2024-kongresi\/#breadcrumb","itemListElement":[{"@type":"ListItem","position":1,"name":"Home","item":"https:\/\/assamcongress.com\/tr\/"},{"@type":"ListItem","position":2,"name":"Ortado\u011fu ve Kuzey Afrika B\u00f6lgesi Krizlerine \u00c7\u00f6z\u00fcm Aray\u0131\u015f\u0131 \u2013 2024 Kongresi"}]},{"@type":"WebSite","@id":"https:\/\/assamcongress.com\/tr\/#website","url":"https:\/\/assamcongress.com\/tr\/","name":"ASSAM International Congresses","description":"Adaleti Savunanlar Stratejik Ara\u015ft\u0131rmalar Merkezi","publisher":{"@id":"https:\/\/assamcongress.com\/tr\/#organization"},"potentialAction":[{"@type":"SearchAction","target":{"@type":"EntryPoint","urlTemplate":"https:\/\/assamcongress.com\/tr\/?s={search_term_string}"},"query-input":{"@type":"PropertyValueSpecification","valueRequired":true,"valueName":"search_term_string"}}],"inLanguage":"tr"},{"@type":"Organization","@id":"https:\/\/assamcongress.com\/tr\/#organization","name":"ASSAM - Justice Defenders Strategic Studies Center","url":"https:\/\/assamcongress.com\/tr\/","logo":{"@type":"ImageObject","inLanguage":"tr","@id":"https:\/\/assamcongress.com\/tr\/#\/schema\/logo\/image\/","url":"https:\/\/assamcongress.com\/download\/2025\/09\/ASSAM-Logo-2023-1-scaled.png","contentUrl":"https:\/\/assamcongress.com\/download\/2025\/09\/ASSAM-Logo-2023-1-scaled.png","width":2560,"height":2560,"caption":"ASSAM - Justice Defenders Strategic Studies Center"},"image":{"@id":"https:\/\/assamcongress.com\/tr\/#\/schema\/logo\/image\/"},"sameAs":["https:\/\/facebook.com\/assamcongresses","https:\/\/x.com\/assamcongresses","https:\/\/linkedin.com\/showcase\/assamcongresses","http:\/\/youtube.com\/ASSAMCongress","https:\/\/sosyal.teknofest.app\/@assam_der"]},{"@type":"Person","@id":"https:\/\/assamcongress.com\/tr\/#\/schema\/person\/fcb934b07ebb712152272b3685845fd4","name":"admin","image":{"@type":"ImageObject","inLanguage":"tr","@id":"https:\/\/assamcongress.com\/tr\/#\/schema\/person\/image\/","url":"https:\/\/secure.gravatar.com\/avatar\/5430b77c9e17c670a7ca76d5ddab471e7f5d3ecdf74491a4a9a66ceae9a8346b?s=96&d=mm&r=g","contentUrl":"https:\/\/secure.gravatar.com\/avatar\/5430b77c9e17c670a7ca76d5ddab471e7f5d3ecdf74491a4a9a66ceae9a8346b?s=96&d=mm&r=g","caption":"admin"},"sameAs":["https:\/\/assamcongress.com"],"url":"https:\/\/assamcongress.com\/tr\/author\/admin\/"}]}},"_links":{"self":[{"href":"https:\/\/assamcongress.com\/tr\/wp-json\/wp\/v2\/posts\/296","targetHints":{"allow":["GET"]}}],"collection":[{"href":"https:\/\/assamcongress.com\/tr\/wp-json\/wp\/v2\/posts"}],"about":[{"href":"https:\/\/assamcongress.com\/tr\/wp-json\/wp\/v2\/types\/post"}],"author":[{"embeddable":true,"href":"https:\/\/assamcongress.com\/tr\/wp-json\/wp\/v2\/users\/1"}],"replies":[{"embeddable":true,"href":"https:\/\/assamcongress.com\/tr\/wp-json\/wp\/v2\/comments?post=296"}],"version-history":[{"count":0,"href":"https:\/\/assamcongress.com\/tr\/wp-json\/wp\/v2\/posts\/296\/revisions"}],"wp:attachment":[{"href":"https:\/\/assamcongress.com\/tr\/wp-json\/wp\/v2\/media?parent=296"}],"wp:term":[{"taxonomy":"category","embeddable":true,"href":"https:\/\/assamcongress.com\/tr\/wp-json\/wp\/v2\/categories?post=296"},{"taxonomy":"post_tag","embeddable":true,"href":"https:\/\/assamcongress.com\/tr\/wp-json\/wp\/v2\/tags?post=296"}],"curies":[{"name":"wp","href":"https:\/\/api.w.org\/{rel}","templated":true}]}}