{"id":350,"date":"2017-11-30T21:00:00","date_gmt":"2017-11-30T18:00:00","guid":{"rendered":"https:\/\/yeni.assamcongress.com\/islam-ulkeleri-konfederasyonu-deklarasyonu-2-uluslararasi-stk-fuarinda\/"},"modified":"2017-11-30T21:00:00","modified_gmt":"2017-11-30T18:00:00","slug":"islam-ulkeleri-konfederasyonu-deklarasyonu-2-uluslararasi-stk-fuarinda","status":"publish","type":"post","link":"https:\/\/assamcongress.com\/tr\/islam-ulkeleri-konfederasyonu-deklarasyonu-2-uluslararasi-stk-fuarinda\/","title":{"rendered":"\u0130slam \u00dclkeleri Konfederasyonu Deklarasyonu 2. Uluslararas\u0131 STK Fuar\u0131nda"},"content":{"rendered":"<p class=\"MsoNormal\" style=\"text-align: justify;\"><span style=\"font-size: 12.0pt; font-family: 'Times New Roman','serif';\">23-24 Kas\u0131m 2017 tarihlerinde \u201c<b>Birinci Uluslararas\u0131 ASSAM \u0130sl\u00e2m Birli\u011fi Kongresi<\/b>\u201d \u201c<b>Ge\u00e7mi\u015ften Gelece\u011fe Y\u00f6netim \u015eekilleri<\/b>\u201d alt ba\u015fl\u0131\u011f\u0131 ile icra edilmi\u015ftir.<\/span><span style=\"font-size: 12.16px;\">\u00a0<\/span><\/p>\n<p class=\"MsoNormal\" style=\"text-align: justify;\"><span style=\"font-size: 12.0pt; font-family: 'Times New Roman','serif';\">ASSAM Kongresi <b>sonucunda <\/b><b>\u201c<a href=\"tr\/programme\/item\/200-islam-birligi-icin-assam-islam-ulkeleri-konfederasyonu-deklarasyonu.html\" target=\"_blank\">\u0130sl\u00e2m Birli\u011fi i\u00e7in \u2013 ASSAM \u0130sl\u00e2m \u00dclkeleri Konfederasyonu \u2013 Deklarasyonu<\/a>\u201d<\/b> ASSAM Y\u00f6netim Kurulunca kabul edilmi\u015f ve Deklarasyonun T\u00fcrk ve \u0130sl\u00e2m \u00dclkeleri kamuoyu ile payla\u015f\u0131lmas\u0131na karar verilmi\u015ftir.<\/span><\/p>\n<p class=\"MsoNormal\" style=\"text-align: justify;\"><span style=\"font-size: 12.0pt; font-family: 'Times New Roman','serif';\">Uluslararas\u0131 STK&#8217;lar\u0131nda imzalad\u0131\u011f\u0131 deklarasyon 9-10 Aral\u0131k 2017 tarihlerinde &#8220;<strong>2. Uluslararas\u0131 STK Fuar\u0131<\/strong>&#8220;nda bir bas\u0131n toplant\u0131s\u0131 ile kamuoyuna duyurulacakt\u0131r.<\/span><\/p>\n","protected":false},"excerpt":{"rendered":"<p>23-24 Kas\u0131m 2017 tarihlerinde \u201cBirinci Uluslararas\u0131 ASSAM \u0130sl\u00e2m Birli\u011fi Kongresi\u201d \u201cGe\u00e7mi\u015ften Gelece\u011fe Y\u00f6netim \u015eekilleri\u201d alt ba\u015fl\u0131\u011f\u0131 ile icra edilmi\u015ftir.\u00a0 ASSAM Kongresi sonucunda \u201c\u0130sl\u00e2m Birli\u011fi i\u00e7in \u2013 ASSAM \u0130sl\u00e2m \u00dclkeleri Konfederasyonu \u2013 Deklarasyonu\u201d ASSAM Y\u00f6netim Kurulunca kabul edilmi\u015f ve Deklarasyonun T\u00fcrk ve \u0130sl\u00e2m \u00dclkeleri kamuoyu ile payla\u015f\u0131lmas\u0131na karar verilmi\u015ftir. Uluslararas\u0131 STK&#8217;lar\u0131nda imzalad\u0131\u011f\u0131 deklarasyon 9-10 Aral\u0131k 2017 [&hellip;]<\/p>\n","protected":false},"author":1,"featured_media":0,"comment_status":"open","ping_status":"open","sticky":false,"template":"","format":"standard","meta":{"_acf_changed":false,"footnotes":""},"categories":[282],"tags":[342,346,343],"class_list":["post-350","post","type-post","status-publish","format-standard","hentry","category-1st-congress-tr","tag-deklarasyon","tag-fuar","tag-konfederasyon"],"acf":[],"yoast_head":"<!-- This site is optimized with the Yoast SEO plugin v26.0 - https:\/\/yoast.com\/wordpress\/plugins\/seo\/ -->\n<title>\u0130slam \u00dclkeleri Konfederasyonu Deklarasyonu 2. Uluslararas\u0131 STK Fuar\u0131nda - ASSAM Congress<\/title>\n<meta name=\"robots\" content=\"index, follow, max-snippet:-1, max-image-preview:large, max-video-preview:-1\" \/>\n<link rel=\"canonical\" href=\"https:\/\/assamcongress.com\/tr\/islam-ulkeleri-konfederasyonu-deklarasyonu-2-uluslararasi-stk-fuarinda\/\" \/>\n<meta property=\"og:locale\" content=\"tr_TR\" \/>\n<meta property=\"og:type\" content=\"article\" \/>\n<meta property=\"og:title\" content=\"\u0130slam \u00dclkeleri Konfederasyonu Deklarasyonu 2. Uluslararas\u0131 STK Fuar\u0131nda - ASSAM Congress\" \/>\n<meta property=\"og:description\" content=\"23-24 Kas\u0131m 2017 tarihlerinde \u201cBirinci Uluslararas\u0131 ASSAM \u0130sl\u00e2m Birli\u011fi Kongresi\u201d \u201cGe\u00e7mi\u015ften Gelece\u011fe Y\u00f6netim \u015eekilleri\u201d alt ba\u015fl\u0131\u011f\u0131 ile icra edilmi\u015ftir.\u00a0 ASSAM Kongresi sonucunda \u201c\u0130sl\u00e2m Birli\u011fi i\u00e7in \u2013 ASSAM \u0130sl\u00e2m \u00dclkeleri Konfederasyonu \u2013 Deklarasyonu\u201d ASSAM Y\u00f6netim Kurulunca kabul edilmi\u015f ve Deklarasyonun T\u00fcrk ve \u0130sl\u00e2m \u00dclkeleri kamuoyu ile payla\u015f\u0131lmas\u0131na karar verilmi\u015ftir. Uluslararas\u0131 STK&#8217;lar\u0131nda imzalad\u0131\u011f\u0131 deklarasyon 9-10 Aral\u0131k 2017 [&hellip;]\" \/>\n<meta property=\"og:url\" content=\"https:\/\/assamcongress.com\/tr\/islam-ulkeleri-konfederasyonu-deklarasyonu-2-uluslararasi-stk-fuarinda\/\" \/>\n<meta property=\"og:site_name\" content=\"ASSAM Congress\" \/>\n<meta property=\"article:publisher\" content=\"https:\/\/facebook.com\/assamcongresses\" \/>\n<meta property=\"article:published_time\" content=\"2017-11-30T18:00:00+00:00\" \/>\n<meta name=\"author\" content=\"admin\" \/>\n<meta name=\"twitter:card\" content=\"summary_large_image\" \/>\n<meta name=\"twitter:creator\" content=\"@assamcongresses\" \/>\n<meta name=\"twitter:site\" content=\"@assamcongresses\" \/>\n<meta name=\"twitter:label1\" content=\"Yazan:\" \/>\n\t<meta name=\"twitter:data1\" content=\"admin\" \/>\n<script type=\"application\/ld+json\" class=\"yoast-schema-graph\">{\"@context\":\"https:\/\/schema.org\",\"@graph\":[{\"@type\":\"Article\",\"@id\":\"https:\/\/assamcongress.com\/tr\/islam-ulkeleri-konfederasyonu-deklarasyonu-2-uluslararasi-stk-fuarinda\/#article\",\"isPartOf\":{\"@id\":\"https:\/\/assamcongress.com\/tr\/islam-ulkeleri-konfederasyonu-deklarasyonu-2-uluslararasi-stk-fuarinda\/\"},\"author\":{\"name\":\"admin\",\"@id\":\"https:\/\/assamcongress.com\/tr\/#\/schema\/person\/fcb934b07ebb712152272b3685845fd4\"},\"headline\":\"\u0130slam \u00dclkeleri Konfederasyonu Deklarasyonu 2. Uluslararas\u0131 STK Fuar\u0131nda\",\"datePublished\":\"2017-11-30T18:00:00+00:00\",\"mainEntityOfPage\":{\"@id\":\"https:\/\/assamcongress.com\/tr\/islam-ulkeleri-konfederasyonu-deklarasyonu-2-uluslararasi-stk-fuarinda\/\"},\"wordCount\":95,\"commentCount\":0,\"publisher\":{\"@id\":\"https:\/\/assamcongress.com\/tr\/#organization\"},\"keywords\":[\"deklarasyon\",\"fuar\",\"konfederasyon\"],\"articleSection\":[\"1st Congress\"],\"inLanguage\":\"tr\"},{\"@type\":\"WebPage\",\"@id\":\"https:\/\/assamcongress.com\/tr\/islam-ulkeleri-konfederasyonu-deklarasyonu-2-uluslararasi-stk-fuarinda\/\",\"url\":\"https:\/\/assamcongress.com\/tr\/islam-ulkeleri-konfederasyonu-deklarasyonu-2-uluslararasi-stk-fuarinda\/\",\"name\":\"\u0130slam \u00dclkeleri Konfederasyonu Deklarasyonu 2. Uluslararas\u0131 STK Fuar\u0131nda - ASSAM Congress\",\"isPartOf\":{\"@id\":\"https:\/\/assamcongress.com\/tr\/#website\"},\"datePublished\":\"2017-11-30T18:00:00+00:00\",\"breadcrumb\":{\"@id\":\"https:\/\/assamcongress.com\/tr\/islam-ulkeleri-konfederasyonu-deklarasyonu-2-uluslararasi-stk-fuarinda\/#breadcrumb\"},\"inLanguage\":\"tr\",\"potentialAction\":[{\"@type\":\"ReadAction\",\"target\":[\"https:\/\/assamcongress.com\/tr\/islam-ulkeleri-konfederasyonu-deklarasyonu-2-uluslararasi-stk-fuarinda\/\"]}]},{\"@type\":\"BreadcrumbList\",\"@id\":\"https:\/\/assamcongress.com\/tr\/islam-ulkeleri-konfederasyonu-deklarasyonu-2-uluslararasi-stk-fuarinda\/#breadcrumb\",\"itemListElement\":[{\"@type\":\"ListItem\",\"position\":1,\"name\":\"Home\",\"item\":\"https:\/\/assamcongress.com\/tr\/\"},{\"@type\":\"ListItem\",\"position\":2,\"name\":\"\u0130slam \u00dclkeleri Konfederasyonu Deklarasyonu 2. Uluslararas\u0131 STK Fuar\u0131nda\"}]},{\"@type\":\"WebSite\",\"@id\":\"https:\/\/assamcongress.com\/tr\/#website\",\"url\":\"https:\/\/assamcongress.com\/tr\/\",\"name\":\"ASSAM International Congresses\",\"description\":\"Adaleti Savunanlar Stratejik Ara\u015ft\u0131rmalar Merkezi\",\"publisher\":{\"@id\":\"https:\/\/assamcongress.com\/tr\/#organization\"},\"potentialAction\":[{\"@type\":\"SearchAction\",\"target\":{\"@type\":\"EntryPoint\",\"urlTemplate\":\"https:\/\/assamcongress.com\/tr\/?s={search_term_string}\"},\"query-input\":{\"@type\":\"PropertyValueSpecification\",\"valueRequired\":true,\"valueName\":\"search_term_string\"}}],\"inLanguage\":\"tr\"},{\"@type\":\"Organization\",\"@id\":\"https:\/\/assamcongress.com\/tr\/#organization\",\"name\":\"ASSAM - Justice Defenders Strategic Studies Center\",\"url\":\"https:\/\/assamcongress.com\/tr\/\",\"logo\":{\"@type\":\"ImageObject\",\"inLanguage\":\"tr\",\"@id\":\"https:\/\/assamcongress.com\/tr\/#\/schema\/logo\/image\/\",\"url\":\"https:\/\/assamcongress.com\/download\/2025\/09\/ASSAM-Logo-2023-1-scaled.png\",\"contentUrl\":\"https:\/\/assamcongress.com\/download\/2025\/09\/ASSAM-Logo-2023-1-scaled.png\",\"width\":2560,\"height\":2560,\"caption\":\"ASSAM - Justice Defenders Strategic Studies Center\"},\"image\":{\"@id\":\"https:\/\/assamcongress.com\/tr\/#\/schema\/logo\/image\/\"},\"sameAs\":[\"https:\/\/facebook.com\/assamcongresses\",\"https:\/\/x.com\/assamcongresses\",\"https:\/\/linkedin.com\/showcase\/assamcongresses\",\"http:\/\/youtube.com\/ASSAMCongress\",\"https:\/\/sosyal.teknofest.app\/@assam_der\"]},{\"@type\":\"Person\",\"@id\":\"https:\/\/assamcongress.com\/tr\/#\/schema\/person\/fcb934b07ebb712152272b3685845fd4\",\"name\":\"admin\",\"image\":{\"@type\":\"ImageObject\",\"inLanguage\":\"tr\",\"@id\":\"https:\/\/assamcongress.com\/tr\/#\/schema\/person\/image\/\",\"url\":\"https:\/\/secure.gravatar.com\/avatar\/5430b77c9e17c670a7ca76d5ddab471e7f5d3ecdf74491a4a9a66ceae9a8346b?s=96&d=mm&r=g\",\"contentUrl\":\"https:\/\/secure.gravatar.com\/avatar\/5430b77c9e17c670a7ca76d5ddab471e7f5d3ecdf74491a4a9a66ceae9a8346b?s=96&d=mm&r=g\",\"caption\":\"admin\"},\"sameAs\":[\"https:\/\/assamcongress.com\"],\"url\":\"https:\/\/assamcongress.com\/tr\/author\/admin\/\"}]}<\/script>\n<!-- \/ Yoast SEO plugin. -->","yoast_head_json":{"title":"\u0130slam \u00dclkeleri Konfederasyonu Deklarasyonu 2. Uluslararas\u0131 STK Fuar\u0131nda - ASSAM Congress","robots":{"index":"index","follow":"follow","max-snippet":"max-snippet:-1","max-image-preview":"max-image-preview:large","max-video-preview":"max-video-preview:-1"},"canonical":"https:\/\/assamcongress.com\/tr\/islam-ulkeleri-konfederasyonu-deklarasyonu-2-uluslararasi-stk-fuarinda\/","og_locale":"tr_TR","og_type":"article","og_title":"\u0130slam \u00dclkeleri Konfederasyonu Deklarasyonu 2. Uluslararas\u0131 STK Fuar\u0131nda - ASSAM Congress","og_description":"23-24 Kas\u0131m 2017 tarihlerinde \u201cBirinci Uluslararas\u0131 ASSAM \u0130sl\u00e2m Birli\u011fi Kongresi\u201d \u201cGe\u00e7mi\u015ften Gelece\u011fe Y\u00f6netim \u015eekilleri\u201d alt ba\u015fl\u0131\u011f\u0131 ile icra edilmi\u015ftir.\u00a0 ASSAM Kongresi sonucunda \u201c\u0130sl\u00e2m Birli\u011fi i\u00e7in \u2013 ASSAM \u0130sl\u00e2m \u00dclkeleri Konfederasyonu \u2013 Deklarasyonu\u201d ASSAM Y\u00f6netim Kurulunca kabul edilmi\u015f ve Deklarasyonun T\u00fcrk ve \u0130sl\u00e2m \u00dclkeleri kamuoyu ile payla\u015f\u0131lmas\u0131na karar verilmi\u015ftir. Uluslararas\u0131 STK&#8217;lar\u0131nda imzalad\u0131\u011f\u0131 deklarasyon 9-10 Aral\u0131k 2017 [&hellip;]","og_url":"https:\/\/assamcongress.com\/tr\/islam-ulkeleri-konfederasyonu-deklarasyonu-2-uluslararasi-stk-fuarinda\/","og_site_name":"ASSAM Congress","article_publisher":"https:\/\/facebook.com\/assamcongresses","article_published_time":"2017-11-30T18:00:00+00:00","author":"admin","twitter_card":"summary_large_image","twitter_creator":"@assamcongresses","twitter_site":"@assamcongresses","twitter_misc":{"Yazan:":"admin"},"schema":{"@context":"https:\/\/schema.org","@graph":[{"@type":"Article","@id":"https:\/\/assamcongress.com\/tr\/islam-ulkeleri-konfederasyonu-deklarasyonu-2-uluslararasi-stk-fuarinda\/#article","isPartOf":{"@id":"https:\/\/assamcongress.com\/tr\/islam-ulkeleri-konfederasyonu-deklarasyonu-2-uluslararasi-stk-fuarinda\/"},"author":{"name":"admin","@id":"https:\/\/assamcongress.com\/tr\/#\/schema\/person\/fcb934b07ebb712152272b3685845fd4"},"headline":"\u0130slam \u00dclkeleri Konfederasyonu Deklarasyonu 2. Uluslararas\u0131 STK Fuar\u0131nda","datePublished":"2017-11-30T18:00:00+00:00","mainEntityOfPage":{"@id":"https:\/\/assamcongress.com\/tr\/islam-ulkeleri-konfederasyonu-deklarasyonu-2-uluslararasi-stk-fuarinda\/"},"wordCount":95,"commentCount":0,"publisher":{"@id":"https:\/\/assamcongress.com\/tr\/#organization"},"keywords":["deklarasyon","fuar","konfederasyon"],"articleSection":["1st Congress"],"inLanguage":"tr"},{"@type":"WebPage","@id":"https:\/\/assamcongress.com\/tr\/islam-ulkeleri-konfederasyonu-deklarasyonu-2-uluslararasi-stk-fuarinda\/","url":"https:\/\/assamcongress.com\/tr\/islam-ulkeleri-konfederasyonu-deklarasyonu-2-uluslararasi-stk-fuarinda\/","name":"\u0130slam \u00dclkeleri Konfederasyonu Deklarasyonu 2. Uluslararas\u0131 STK Fuar\u0131nda - ASSAM Congress","isPartOf":{"@id":"https:\/\/assamcongress.com\/tr\/#website"},"datePublished":"2017-11-30T18:00:00+00:00","breadcrumb":{"@id":"https:\/\/assamcongress.com\/tr\/islam-ulkeleri-konfederasyonu-deklarasyonu-2-uluslararasi-stk-fuarinda\/#breadcrumb"},"inLanguage":"tr","potentialAction":[{"@type":"ReadAction","target":["https:\/\/assamcongress.com\/tr\/islam-ulkeleri-konfederasyonu-deklarasyonu-2-uluslararasi-stk-fuarinda\/"]}]},{"@type":"BreadcrumbList","@id":"https:\/\/assamcongress.com\/tr\/islam-ulkeleri-konfederasyonu-deklarasyonu-2-uluslararasi-stk-fuarinda\/#breadcrumb","itemListElement":[{"@type":"ListItem","position":1,"name":"Home","item":"https:\/\/assamcongress.com\/tr\/"},{"@type":"ListItem","position":2,"name":"\u0130slam \u00dclkeleri Konfederasyonu Deklarasyonu 2. Uluslararas\u0131 STK Fuar\u0131nda"}]},{"@type":"WebSite","@id":"https:\/\/assamcongress.com\/tr\/#website","url":"https:\/\/assamcongress.com\/tr\/","name":"ASSAM International Congresses","description":"Adaleti Savunanlar Stratejik Ara\u015ft\u0131rmalar Merkezi","publisher":{"@id":"https:\/\/assamcongress.com\/tr\/#organization"},"potentialAction":[{"@type":"SearchAction","target":{"@type":"EntryPoint","urlTemplate":"https:\/\/assamcongress.com\/tr\/?s={search_term_string}"},"query-input":{"@type":"PropertyValueSpecification","valueRequired":true,"valueName":"search_term_string"}}],"inLanguage":"tr"},{"@type":"Organization","@id":"https:\/\/assamcongress.com\/tr\/#organization","name":"ASSAM - Justice Defenders Strategic Studies Center","url":"https:\/\/assamcongress.com\/tr\/","logo":{"@type":"ImageObject","inLanguage":"tr","@id":"https:\/\/assamcongress.com\/tr\/#\/schema\/logo\/image\/","url":"https:\/\/assamcongress.com\/download\/2025\/09\/ASSAM-Logo-2023-1-scaled.png","contentUrl":"https:\/\/assamcongress.com\/download\/2025\/09\/ASSAM-Logo-2023-1-scaled.png","width":2560,"height":2560,"caption":"ASSAM - Justice Defenders Strategic Studies Center"},"image":{"@id":"https:\/\/assamcongress.com\/tr\/#\/schema\/logo\/image\/"},"sameAs":["https:\/\/facebook.com\/assamcongresses","https:\/\/x.com\/assamcongresses","https:\/\/linkedin.com\/showcase\/assamcongresses","http:\/\/youtube.com\/ASSAMCongress","https:\/\/sosyal.teknofest.app\/@assam_der"]},{"@type":"Person","@id":"https:\/\/assamcongress.com\/tr\/#\/schema\/person\/fcb934b07ebb712152272b3685845fd4","name":"admin","image":{"@type":"ImageObject","inLanguage":"tr","@id":"https:\/\/assamcongress.com\/tr\/#\/schema\/person\/image\/","url":"https:\/\/secure.gravatar.com\/avatar\/5430b77c9e17c670a7ca76d5ddab471e7f5d3ecdf74491a4a9a66ceae9a8346b?s=96&d=mm&r=g","contentUrl":"https:\/\/secure.gravatar.com\/avatar\/5430b77c9e17c670a7ca76d5ddab471e7f5d3ecdf74491a4a9a66ceae9a8346b?s=96&d=mm&r=g","caption":"admin"},"sameAs":["https:\/\/assamcongress.com"],"url":"https:\/\/assamcongress.com\/tr\/author\/admin\/"}]}},"_links":{"self":[{"href":"https:\/\/assamcongress.com\/tr\/wp-json\/wp\/v2\/posts\/350","targetHints":{"allow":["GET"]}}],"collection":[{"href":"https:\/\/assamcongress.com\/tr\/wp-json\/wp\/v2\/posts"}],"about":[{"href":"https:\/\/assamcongress.com\/tr\/wp-json\/wp\/v2\/types\/post"}],"author":[{"embeddable":true,"href":"https:\/\/assamcongress.com\/tr\/wp-json\/wp\/v2\/users\/1"}],"replies":[{"embeddable":true,"href":"https:\/\/assamcongress.com\/tr\/wp-json\/wp\/v2\/comments?post=350"}],"version-history":[{"count":0,"href":"https:\/\/assamcongress.com\/tr\/wp-json\/wp\/v2\/posts\/350\/revisions"}],"wp:attachment":[{"href":"https:\/\/assamcongress.com\/tr\/wp-json\/wp\/v2\/media?parent=350"}],"wp:term":[{"taxonomy":"category","embeddable":true,"href":"https:\/\/assamcongress.com\/tr\/wp-json\/wp\/v2\/categories?post=350"},{"taxonomy":"post_tag","embeddable":true,"href":"https:\/\/assamcongress.com\/tr\/wp-json\/wp\/v2\/tags?post=350"}],"curies":[{"name":"wp","href":"https:\/\/api.w.org\/{rel}","templated":true}]}}