{"id":365,"date":"2017-12-27T21:00:00","date_gmt":"2017-12-27T18:00:00","guid":{"rendered":"https:\/\/yeni.assamcongress.com\/istiklal-marsi-esliginde-aziz-sehitlerimiz-icin-saygi-durusu\/"},"modified":"2017-12-27T21:00:00","modified_gmt":"2017-12-27T18:00:00","slug":"istiklal-marsi-esliginde-aziz-sehitlerimiz-icin-saygi-durusu","status":"publish","type":"post","link":"https:\/\/assamcongress.com\/tr\/istiklal-marsi-esliginde-aziz-sehitlerimiz-icin-saygi-durusu\/","title":{"rendered":"\u0130stiklal Mar\u015f\u0131 E\u015fli\u011finde Aziz \u015eehitlerimiz \u0130\u00e7in Sayg\u0131 Duru\u015fu"},"content":{"rendered":"<p style=\"text-align: justify;\">23-24 Kas\u0131m 2017 Tarihinde yap\u0131lan 1. Uluslararas\u0131 ASSAM \u0130slam Birli\u011fi Kongrelerinin a\u00e7\u0131l\u0131\u015f\u0131nda T\u00fcrk ve \u0130slam \u015eehitlerimizin aziz hat\u0131ras\u0131na sayg\u0131 duru\u015fu ve \u0130stiklal Mar\u015f\u0131m\u0131z<\/p>\n<div class=\"k2_video\">\n<div class=\"k2_video_caption\">\u0130stiklal Mar\u015f\u0131 E\u015fli\u011finde Aziz \u015eehitlerimiz \u0130\u00e7in Sayg\u0131 Duru\u015fu<\/div>\n<p><iframe loading=\"lazy\" title=\"\u0130stiklal Mar\u015f\u0131 E\u015fli\u011finde Aziz \u015eehitlerimiz \u0130\u00e7in Sayg\u0131 Duru\u015fu\" width=\"500\" height=\"281\" src=\"https:\/\/www.youtube.com\/embed\/C2Kil_QL668?feature=oembed\" frameborder=\"0\" allow=\"accelerometer; autoplay; clipboard-write; encrypted-media; gyroscope; picture-in-picture; web-share\" referrerpolicy=\"strict-origin-when-cross-origin\" allowfullscreen><\/iframe><\/p>\n<div class=\"k2_video_credits\">www.assamcongress.com<\/div>\n<\/div>\n","protected":false},"excerpt":{"rendered":"<p>23-24 Kas\u0131m 2017 Tarihinde yap\u0131lan 1. Uluslararas\u0131 ASSAM \u0130slam Birli\u011fi Kongrelerinin a\u00e7\u0131l\u0131\u015f\u0131nda T\u00fcrk ve \u0130slam \u015eehitlerimizin aziz hat\u0131ras\u0131na sayg\u0131 duru\u015fu ve \u0130stiklal Mar\u015f\u0131m\u0131z \u0130stiklal Mar\u015f\u0131 E\u015fli\u011finde Aziz \u015eehitlerimiz \u0130\u00e7in Sayg\u0131 Duru\u015fu www.assamcongress.com<\/p>\n","protected":false},"author":13,"featured_media":0,"comment_status":"open","ping_status":"open","sticky":false,"template":"","format":"standard","meta":{"_acf_changed":false,"footnotes":""},"categories":[284],"tags":[357,327,363,361],"class_list":["post-365","post","type-post","status-publish","format-standard","hentry","category-1st-congress-videos-tr","tag-assam","tag-islam-birligi","tag-istiklal-marsi","tag-saygi-durusu"],"acf":[],"yoast_head":"<!-- This site is optimized with the Yoast SEO plugin v26.0 - https:\/\/yoast.com\/wordpress\/plugins\/seo\/ -->\n<title>\u0130stiklal Mar\u015f\u0131 E\u015fli\u011finde Aziz \u015eehitlerimiz \u0130\u00e7in Sayg\u0131 Duru\u015fu - ASSAM Congress<\/title>\n<meta name=\"robots\" content=\"index, follow, max-snippet:-1, max-image-preview:large, max-video-preview:-1\" \/>\n<link rel=\"canonical\" href=\"https:\/\/assamcongress.com\/tr\/istiklal-marsi-esliginde-aziz-sehitlerimiz-icin-saygi-durusu\/\" \/>\n<meta property=\"og:locale\" content=\"tr_TR\" \/>\n<meta property=\"og:type\" content=\"article\" \/>\n<meta property=\"og:title\" content=\"\u0130stiklal Mar\u015f\u0131 E\u015fli\u011finde Aziz \u015eehitlerimiz \u0130\u00e7in Sayg\u0131 Duru\u015fu - ASSAM Congress\" \/>\n<meta property=\"og:description\" content=\"23-24 Kas\u0131m 2017 Tarihinde yap\u0131lan 1. Uluslararas\u0131 ASSAM \u0130slam Birli\u011fi Kongrelerinin a\u00e7\u0131l\u0131\u015f\u0131nda T\u00fcrk ve \u0130slam \u015eehitlerimizin aziz hat\u0131ras\u0131na sayg\u0131 duru\u015fu ve \u0130stiklal Mar\u015f\u0131m\u0131z \u0130stiklal Mar\u015f\u0131 E\u015fli\u011finde Aziz \u015eehitlerimiz \u0130\u00e7in Sayg\u0131 Duru\u015fu www.assamcongress.com\" \/>\n<meta property=\"og:url\" content=\"https:\/\/assamcongress.com\/tr\/istiklal-marsi-esliginde-aziz-sehitlerimiz-icin-saygi-durusu\/\" \/>\n<meta property=\"og:site_name\" content=\"ASSAM Congress\" \/>\n<meta property=\"article:publisher\" content=\"https:\/\/facebook.com\/assamcongresses\" \/>\n<meta property=\"article:published_time\" content=\"2017-12-27T18:00:00+00:00\" \/>\n<meta name=\"author\" content=\"ASSAM Web Admin\" \/>\n<meta name=\"twitter:card\" content=\"summary_large_image\" \/>\n<meta name=\"twitter:creator\" content=\"@assamcongresses\" \/>\n<meta name=\"twitter:site\" content=\"@assamcongresses\" \/>\n<meta name=\"twitter:label1\" content=\"Yazan:\" \/>\n\t<meta name=\"twitter:data1\" content=\"ASSAM Web Admin\" \/>\n<script type=\"application\/ld+json\" class=\"yoast-schema-graph\">{\"@context\":\"https:\/\/schema.org\",\"@graph\":[{\"@type\":\"Article\",\"@id\":\"https:\/\/assamcongress.com\/tr\/istiklal-marsi-esliginde-aziz-sehitlerimiz-icin-saygi-durusu\/#article\",\"isPartOf\":{\"@id\":\"https:\/\/assamcongress.com\/tr\/istiklal-marsi-esliginde-aziz-sehitlerimiz-icin-saygi-durusu\/\"},\"author\":{\"name\":\"ASSAM Web Admin\",\"@id\":\"https:\/\/assamcongress.com\/tr\/#\/schema\/person\/88ab876df3f064629243273a9d94ceed\"},\"headline\":\"\u0130stiklal Mar\u015f\u0131 E\u015fli\u011finde Aziz \u015eehitlerimiz \u0130\u00e7in Sayg\u0131 Duru\u015fu\",\"datePublished\":\"2017-12-27T18:00:00+00:00\",\"mainEntityOfPage\":{\"@id\":\"https:\/\/assamcongress.com\/tr\/istiklal-marsi-esliginde-aziz-sehitlerimiz-icin-saygi-durusu\/\"},\"wordCount\":68,\"commentCount\":0,\"publisher\":{\"@id\":\"https:\/\/assamcongress.com\/tr\/#organization\"},\"keywords\":[\"assam\",\"islam birli\u011fi\",\"istiklal mar\u015f\u0131\",\"sayg\u0131 duru\u015fu\"],\"articleSection\":[\"1st Congress Videos\"],\"inLanguage\":\"tr\"},{\"@type\":\"WebPage\",\"@id\":\"https:\/\/assamcongress.com\/tr\/istiklal-marsi-esliginde-aziz-sehitlerimiz-icin-saygi-durusu\/\",\"url\":\"https:\/\/assamcongress.com\/tr\/istiklal-marsi-esliginde-aziz-sehitlerimiz-icin-saygi-durusu\/\",\"name\":\"\u0130stiklal Mar\u015f\u0131 E\u015fli\u011finde Aziz \u015eehitlerimiz \u0130\u00e7in Sayg\u0131 Duru\u015fu - ASSAM Congress\",\"isPartOf\":{\"@id\":\"https:\/\/assamcongress.com\/tr\/#website\"},\"datePublished\":\"2017-12-27T18:00:00+00:00\",\"breadcrumb\":{\"@id\":\"https:\/\/assamcongress.com\/tr\/istiklal-marsi-esliginde-aziz-sehitlerimiz-icin-saygi-durusu\/#breadcrumb\"},\"inLanguage\":\"tr\",\"potentialAction\":[{\"@type\":\"ReadAction\",\"target\":[\"https:\/\/assamcongress.com\/tr\/istiklal-marsi-esliginde-aziz-sehitlerimiz-icin-saygi-durusu\/\"]}]},{\"@type\":\"BreadcrumbList\",\"@id\":\"https:\/\/assamcongress.com\/tr\/istiklal-marsi-esliginde-aziz-sehitlerimiz-icin-saygi-durusu\/#breadcrumb\",\"itemListElement\":[{\"@type\":\"ListItem\",\"position\":1,\"name\":\"Home\",\"item\":\"https:\/\/assamcongress.com\/tr\/\"},{\"@type\":\"ListItem\",\"position\":2,\"name\":\"\u0130stiklal Mar\u015f\u0131 E\u015fli\u011finde Aziz \u015eehitlerimiz \u0130\u00e7in Sayg\u0131 Duru\u015fu\"}]},{\"@type\":\"WebSite\",\"@id\":\"https:\/\/assamcongress.com\/tr\/#website\",\"url\":\"https:\/\/assamcongress.com\/tr\/\",\"name\":\"ASSAM International Congresses\",\"description\":\"Adaleti Savunanlar Stratejik Ara\u015ft\u0131rmalar Merkezi\",\"publisher\":{\"@id\":\"https:\/\/assamcongress.com\/tr\/#organization\"},\"potentialAction\":[{\"@type\":\"SearchAction\",\"target\":{\"@type\":\"EntryPoint\",\"urlTemplate\":\"https:\/\/assamcongress.com\/tr\/?s={search_term_string}\"},\"query-input\":{\"@type\":\"PropertyValueSpecification\",\"valueRequired\":true,\"valueName\":\"search_term_string\"}}],\"inLanguage\":\"tr\"},{\"@type\":\"Organization\",\"@id\":\"https:\/\/assamcongress.com\/tr\/#organization\",\"name\":\"ASSAM - Justice Defenders Strategic Studies Center\",\"url\":\"https:\/\/assamcongress.com\/tr\/\",\"logo\":{\"@type\":\"ImageObject\",\"inLanguage\":\"tr\",\"@id\":\"https:\/\/assamcongress.com\/tr\/#\/schema\/logo\/image\/\",\"url\":\"https:\/\/assamcongress.com\/download\/2025\/09\/ASSAM-Logo-2023-1-scaled.png\",\"contentUrl\":\"https:\/\/assamcongress.com\/download\/2025\/09\/ASSAM-Logo-2023-1-scaled.png\",\"width\":2560,\"height\":2560,\"caption\":\"ASSAM - Justice Defenders Strategic Studies Center\"},\"image\":{\"@id\":\"https:\/\/assamcongress.com\/tr\/#\/schema\/logo\/image\/\"},\"sameAs\":[\"https:\/\/facebook.com\/assamcongresses\",\"https:\/\/x.com\/assamcongresses\",\"https:\/\/linkedin.com\/showcase\/assamcongresses\",\"http:\/\/youtube.com\/ASSAMCongress\",\"https:\/\/sosyal.teknofest.app\/@assam_der\"]},{\"@type\":\"Person\",\"@id\":\"https:\/\/assamcongress.com\/tr\/#\/schema\/person\/88ab876df3f064629243273a9d94ceed\",\"name\":\"ASSAM Web Admin\",\"image\":{\"@type\":\"ImageObject\",\"inLanguage\":\"tr\",\"@id\":\"https:\/\/assamcongress.com\/tr\/#\/schema\/person\/image\/\",\"url\":\"https:\/\/secure.gravatar.com\/avatar\/b64b9f9a11c3402664510c42229973ea79f05e8f86997d5123fb1c02cf533ea4?s=96&d=mm&r=g\",\"contentUrl\":\"https:\/\/secure.gravatar.com\/avatar\/b64b9f9a11c3402664510c42229973ea79f05e8f86997d5123fb1c02cf533ea4?s=96&d=mm&r=g\",\"caption\":\"ASSAM Web Admin\"},\"url\":\"https:\/\/assamcongress.com\/tr\/author\/assamkongre\/\"}]}<\/script>\n<!-- \/ Yoast SEO plugin. -->","yoast_head_json":{"title":"\u0130stiklal Mar\u015f\u0131 E\u015fli\u011finde Aziz \u015eehitlerimiz \u0130\u00e7in Sayg\u0131 Duru\u015fu - ASSAM Congress","robots":{"index":"index","follow":"follow","max-snippet":"max-snippet:-1","max-image-preview":"max-image-preview:large","max-video-preview":"max-video-preview:-1"},"canonical":"https:\/\/assamcongress.com\/tr\/istiklal-marsi-esliginde-aziz-sehitlerimiz-icin-saygi-durusu\/","og_locale":"tr_TR","og_type":"article","og_title":"\u0130stiklal Mar\u015f\u0131 E\u015fli\u011finde Aziz \u015eehitlerimiz \u0130\u00e7in Sayg\u0131 Duru\u015fu - ASSAM Congress","og_description":"23-24 Kas\u0131m 2017 Tarihinde yap\u0131lan 1. Uluslararas\u0131 ASSAM \u0130slam Birli\u011fi Kongrelerinin a\u00e7\u0131l\u0131\u015f\u0131nda T\u00fcrk ve \u0130slam \u015eehitlerimizin aziz hat\u0131ras\u0131na sayg\u0131 duru\u015fu ve \u0130stiklal Mar\u015f\u0131m\u0131z \u0130stiklal Mar\u015f\u0131 E\u015fli\u011finde Aziz \u015eehitlerimiz \u0130\u00e7in Sayg\u0131 Duru\u015fu www.assamcongress.com","og_url":"https:\/\/assamcongress.com\/tr\/istiklal-marsi-esliginde-aziz-sehitlerimiz-icin-saygi-durusu\/","og_site_name":"ASSAM Congress","article_publisher":"https:\/\/facebook.com\/assamcongresses","article_published_time":"2017-12-27T18:00:00+00:00","author":"ASSAM Web Admin","twitter_card":"summary_large_image","twitter_creator":"@assamcongresses","twitter_site":"@assamcongresses","twitter_misc":{"Yazan:":"ASSAM Web Admin"},"schema":{"@context":"https:\/\/schema.org","@graph":[{"@type":"Article","@id":"https:\/\/assamcongress.com\/tr\/istiklal-marsi-esliginde-aziz-sehitlerimiz-icin-saygi-durusu\/#article","isPartOf":{"@id":"https:\/\/assamcongress.com\/tr\/istiklal-marsi-esliginde-aziz-sehitlerimiz-icin-saygi-durusu\/"},"author":{"name":"ASSAM Web Admin","@id":"https:\/\/assamcongress.com\/tr\/#\/schema\/person\/88ab876df3f064629243273a9d94ceed"},"headline":"\u0130stiklal Mar\u015f\u0131 E\u015fli\u011finde Aziz \u015eehitlerimiz \u0130\u00e7in Sayg\u0131 Duru\u015fu","datePublished":"2017-12-27T18:00:00+00:00","mainEntityOfPage":{"@id":"https:\/\/assamcongress.com\/tr\/istiklal-marsi-esliginde-aziz-sehitlerimiz-icin-saygi-durusu\/"},"wordCount":68,"commentCount":0,"publisher":{"@id":"https:\/\/assamcongress.com\/tr\/#organization"},"keywords":["assam","islam birli\u011fi","istiklal mar\u015f\u0131","sayg\u0131 duru\u015fu"],"articleSection":["1st Congress Videos"],"inLanguage":"tr"},{"@type":"WebPage","@id":"https:\/\/assamcongress.com\/tr\/istiklal-marsi-esliginde-aziz-sehitlerimiz-icin-saygi-durusu\/","url":"https:\/\/assamcongress.com\/tr\/istiklal-marsi-esliginde-aziz-sehitlerimiz-icin-saygi-durusu\/","name":"\u0130stiklal Mar\u015f\u0131 E\u015fli\u011finde Aziz \u015eehitlerimiz \u0130\u00e7in Sayg\u0131 Duru\u015fu - ASSAM Congress","isPartOf":{"@id":"https:\/\/assamcongress.com\/tr\/#website"},"datePublished":"2017-12-27T18:00:00+00:00","breadcrumb":{"@id":"https:\/\/assamcongress.com\/tr\/istiklal-marsi-esliginde-aziz-sehitlerimiz-icin-saygi-durusu\/#breadcrumb"},"inLanguage":"tr","potentialAction":[{"@type":"ReadAction","target":["https:\/\/assamcongress.com\/tr\/istiklal-marsi-esliginde-aziz-sehitlerimiz-icin-saygi-durusu\/"]}]},{"@type":"BreadcrumbList","@id":"https:\/\/assamcongress.com\/tr\/istiklal-marsi-esliginde-aziz-sehitlerimiz-icin-saygi-durusu\/#breadcrumb","itemListElement":[{"@type":"ListItem","position":1,"name":"Home","item":"https:\/\/assamcongress.com\/tr\/"},{"@type":"ListItem","position":2,"name":"\u0130stiklal Mar\u015f\u0131 E\u015fli\u011finde Aziz \u015eehitlerimiz \u0130\u00e7in Sayg\u0131 Duru\u015fu"}]},{"@type":"WebSite","@id":"https:\/\/assamcongress.com\/tr\/#website","url":"https:\/\/assamcongress.com\/tr\/","name":"ASSAM International Congresses","description":"Adaleti Savunanlar Stratejik Ara\u015ft\u0131rmalar Merkezi","publisher":{"@id":"https:\/\/assamcongress.com\/tr\/#organization"},"potentialAction":[{"@type":"SearchAction","target":{"@type":"EntryPoint","urlTemplate":"https:\/\/assamcongress.com\/tr\/?s={search_term_string}"},"query-input":{"@type":"PropertyValueSpecification","valueRequired":true,"valueName":"search_term_string"}}],"inLanguage":"tr"},{"@type":"Organization","@id":"https:\/\/assamcongress.com\/tr\/#organization","name":"ASSAM - Justice Defenders Strategic Studies Center","url":"https:\/\/assamcongress.com\/tr\/","logo":{"@type":"ImageObject","inLanguage":"tr","@id":"https:\/\/assamcongress.com\/tr\/#\/schema\/logo\/image\/","url":"https:\/\/assamcongress.com\/download\/2025\/09\/ASSAM-Logo-2023-1-scaled.png","contentUrl":"https:\/\/assamcongress.com\/download\/2025\/09\/ASSAM-Logo-2023-1-scaled.png","width":2560,"height":2560,"caption":"ASSAM - Justice Defenders Strategic Studies Center"},"image":{"@id":"https:\/\/assamcongress.com\/tr\/#\/schema\/logo\/image\/"},"sameAs":["https:\/\/facebook.com\/assamcongresses","https:\/\/x.com\/assamcongresses","https:\/\/linkedin.com\/showcase\/assamcongresses","http:\/\/youtube.com\/ASSAMCongress","https:\/\/sosyal.teknofest.app\/@assam_der"]},{"@type":"Person","@id":"https:\/\/assamcongress.com\/tr\/#\/schema\/person\/88ab876df3f064629243273a9d94ceed","name":"ASSAM Web Admin","image":{"@type":"ImageObject","inLanguage":"tr","@id":"https:\/\/assamcongress.com\/tr\/#\/schema\/person\/image\/","url":"https:\/\/secure.gravatar.com\/avatar\/b64b9f9a11c3402664510c42229973ea79f05e8f86997d5123fb1c02cf533ea4?s=96&d=mm&r=g","contentUrl":"https:\/\/secure.gravatar.com\/avatar\/b64b9f9a11c3402664510c42229973ea79f05e8f86997d5123fb1c02cf533ea4?s=96&d=mm&r=g","caption":"ASSAM Web Admin"},"url":"https:\/\/assamcongress.com\/tr\/author\/assamkongre\/"}]}},"_links":{"self":[{"href":"https:\/\/assamcongress.com\/tr\/wp-json\/wp\/v2\/posts\/365","targetHints":{"allow":["GET"]}}],"collection":[{"href":"https:\/\/assamcongress.com\/tr\/wp-json\/wp\/v2\/posts"}],"about":[{"href":"https:\/\/assamcongress.com\/tr\/wp-json\/wp\/v2\/types\/post"}],"author":[{"embeddable":true,"href":"https:\/\/assamcongress.com\/tr\/wp-json\/wp\/v2\/users\/13"}],"replies":[{"embeddable":true,"href":"https:\/\/assamcongress.com\/tr\/wp-json\/wp\/v2\/comments?post=365"}],"version-history":[{"count":0,"href":"https:\/\/assamcongress.com\/tr\/wp-json\/wp\/v2\/posts\/365\/revisions"}],"wp:attachment":[{"href":"https:\/\/assamcongress.com\/tr\/wp-json\/wp\/v2\/media?parent=365"}],"wp:term":[{"taxonomy":"category","embeddable":true,"href":"https:\/\/assamcongress.com\/tr\/wp-json\/wp\/v2\/categories?post=365"},{"taxonomy":"post_tag","embeddable":true,"href":"https:\/\/assamcongress.com\/tr\/wp-json\/wp\/v2\/tags?post=365"}],"curies":[{"name":"wp","href":"https:\/\/api.w.org\/{rel}","templated":true}]}}