{"id":941,"date":"2020-12-14T12:18:45","date_gmt":"2020-12-14T09:18:45","guid":{"rendered":"https:\/\/yeni.assamcongress.com\/iv-kongre-acis-konusmasi\/"},"modified":"2020-12-14T12:18:45","modified_gmt":"2020-12-14T09:18:45","slug":"iv-kongre-acis-konusmasi","status":"publish","type":"post","link":"https:\/\/assamcongress.com\/tr\/iv-kongre-acis-konusmasi\/","title":{"rendered":"IV. Kongre A\u00e7\u0131\u015f Konu\u015fmas\u0131"},"content":{"rendered":"<p style=\"text-align: center;\"><strong> ULUSLARARASI ASSAM \u0130SLAM B\u0130RL\u0130\u011e\u0130 KONGRES\u0130<\/strong><\/p>\n<p style=\"text-align: center;\"><strong>A\u00c7I\u015e KONU\u015eMASI<\/strong><\/p>\n<p style=\"text-align: center;\">12 ARALIK<\/p>\n<p style=\"text-align: center;\"><strong>Adnan TANRIVERD\u0130<\/strong><\/p>\n<p style=\"text-align: center;\">\u00a0<\/p>\n<p style=\"text-align: justify;\"><strong><u>SELAMLAMA: <span style=\"color: #ff0000;\">(Slayt-1 )(Slaytlar\u0131n bulundu\u011fu\u00a0a\u00e7\u0131\u015f konu\u015fmas\u0131 sunumuna ula\u015fmak i\u00e7in\u00a0<a href=\"tr\/kongre\/assam-kongre-2020\/adnan-tanriverdi-acis-konusmasi\/item\/download\/148_bf3aa12a9645c1236f76638667cf0cdf.html\" target=\"_blank\" rel=\"noopener noreferrer\">t\u0131klay\u0131n\u0131z.<\/a>)<\/span><\/u><\/strong><\/p>\n<p style=\"text-align: justify;\">Bismillahirrahmanirrahim.<\/p>\n<p style=\"text-align: justify;\">Elhamd\u00fclillahi Rabbil \u00c2lemin vel ak\u0131bet-\u00fcl m\u00fcttekiym. Vesselat\u00fc vesselam\u00fc al\u00e2 seyyidina ve nebiyyina Muhammedin ve \u00e2lihi ve sahbihi ecmain.<\/p>\n<p style=\"text-align: justify;\"><strong>ABD, <\/strong>\u00a0<strong>Banglade\u015f<\/strong>, <strong>Bosna Hersek, Burkina Faso, Filistin, \u00c7ad, Irak, Katar, KKTC, Libya, Malezya,\u00a0 M\u0131s\u0131r<\/strong> <strong>, Nijer, Pakistan, T\u00fcrkiye <\/strong>(15) ve \u0130sl\u00e2m Co\u011frafyas\u0131n\u0131n her k\u00f6\u015fesinden, dinleyici olarak kat\u0131lan misafirlerimiz, Sivil Toplum Kurulu\u015flar\u0131m\u0131z\u0131n ba\u015fkan ve temsilcileri, ASSAM, \u00dcsk\u00fcdar \u00dcniversitesi, Dumlup\u0131nar \u00dcniversitesi, \u0130DSB ve ASDER, mensubu de\u011ferli karde\u015flerim, hepinizi sayg\u0131 ve muhabbetle selamlar\u0131m.<\/p>\n<p style=\"text-align: justify;\"><span style=\"color: #ff0000;\"><strong>KATILIMLARI \u0130LE KONGREM\u0130Z\u0130 ONURLANDIRAN;<\/strong><\/span><\/p>\n<table border=\"2\" width=\"800\" cellspacing=\"2\">\n<tbody>\n<tr>\n<td width=\"45\">\n<p>S\/N<\/p>\n<\/td>\n<td colspan=\"2\" width=\"153\">\n<p>\u00dcLKES\u0130<\/p>\n<\/td>\n<td width=\"149\">\n<p>G\u00d6REV\u0130<\/p>\n<\/td>\n<td width=\"85\">\n<p>\u00dcNVN<\/p>\n<\/td>\n<td width=\"227\">\n<p>ADI SOYADI<\/p>\n<\/td>\n<\/tr>\n<tr>\n<td width=\"45\">\n<p>1<\/p>\n<\/td>\n<td colspan=\"2\" rowspan=\"4\" width=\"153\">\n<p><strong>SELAMLAMA KONU\u015eMASI<\/strong><\/p>\n<\/td>\n<td width=\"149\">\n<p><span style=\"color: #ff0000;\">\u00dc\u00dc \/ ASDER<\/span><\/p>\n<\/td>\n<td width=\"85\">\n<p>Prof. Dr.<\/p>\n<\/td>\n<td width=\"227\">\n<p>NEVZAT TARHAN<\/p>\n<\/td>\n<\/tr>\n<tr>\n<td width=\"45\">\n<p>2<\/p>\n<\/td>\n<td width=\"149\">\n<p><span style=\"color: #ff0000;\">\u00dc\u00dc Rek. V<\/span><\/p>\n<\/td>\n<td width=\"85\">\n<p>Prof Dr.<\/p>\n<\/td>\n<td width=\"227\">\n<p>Mehmet Zelka<\/p>\n<\/td>\n<\/tr>\n<tr>\n<td width=\"45\">\n<p>3<\/p>\n<\/td>\n<td width=\"149\">\n<p><span style=\"color: #ff0000;\">Dmlp. \u00dcnv. Rek.<\/span><\/p>\n<\/td>\n<td width=\"85\">\n<p>Prof. Dr.<\/p>\n<\/td>\n<td width=\"227\">\n<p>Kaz\u0131m Uysal<\/p>\n<\/td>\n<\/tr>\n<tr>\n<td width=\"45\">\n<p>4<\/p>\n<\/td>\n<td width=\"149\">\n<p><span style=\"color: #ff0000;\">\u0130DSB B\u015fk.<\/span><\/p>\n<\/td>\n<td width=\"85\">\n<p>Av.<\/p>\n<\/td>\n<td width=\"227\">\n<p>Ali Kurt<\/p>\n<\/td>\n<\/tr>\n<tr>\n<td width=\"45\">\n<p>\u00a0<\/p>\n<\/td>\n<td rowspan=\"2\" width=\"38\">\n<p><strong>\u00a0<\/strong><\/p>\n<\/td>\n<td width=\"115\">\n<p><strong>Azerbaycan<\/strong><\/p>\n<\/td>\n<td width=\"149\">\n<p><span style=\"color: #ff0000;\">M.V.\/CB DN\u015e.<\/span><\/p>\n<\/td>\n<td width=\"85\">\n<p>Prof. Dr.<\/p>\n<\/td>\n<td width=\"227\">\n<p>Elman Nesirov<\/p>\n<\/td>\n<\/tr>\n<tr>\n<td width=\"45\">\n<p>5<\/p>\n<\/td>\n<td width=\"115\">\n<p><strong>KATAR<\/strong><\/p>\n<\/td>\n<td width=\"149\">\n<p><span style=\"color: #ff0000;\">DMAB Gnl. Sek.<\/span><\/p>\n<\/td>\n<td width=\"85\">\n<p>Prof. Dr.<\/p>\n<\/td>\n<td width=\"227\">\n<p>Ali Karada\u011fi<\/p>\n<\/td>\n<\/tr>\n<tr>\n<td width=\"45\">\n<p>\u00a0<\/p>\n<\/td>\n<td colspan=\"2\" rowspan=\"4\" width=\"153\">\n<p><strong>\u00a0<\/strong><\/p>\n<p><strong>MODERAT\u00d6R<\/strong><\/p>\n<\/td>\n<td rowspan=\"4\" width=\"149\">\n<p><span style=\"color: #ff0000;\">kongremizin y\u00f6netimini \u00fcslenen de\u011ferli Hocalar\u0131m\u0131za<\/span><\/p>\n<\/td>\n<td width=\"85\">\n<p>Prof. Dr.<\/p>\n<\/td>\n<td width=\"227\">\n<p>Cengiz Toraman<\/p>\n<\/td>\n<\/tr>\n<tr>\n<td width=\"45\">\n<p>\u00a0<\/p>\n<\/td>\n<td width=\"85\">\n<p>Prof. Dr.<\/p>\n<\/td>\n<td width=\"227\">\n<p>Ensar Ni\u015fanc\u0131<\/p>\n<\/td>\n<\/tr>\n<tr>\n<td rowspan=\"2\" width=\"45\">\n<p>\u00a0<\/p>\n<\/td>\n<td width=\"85\">\n<p>Prof. Dr.<\/p>\n<\/td>\n<td width=\"227\">\n<p>Yakup Bulut<\/p>\n<\/td>\n<\/tr>\n<tr>\n<td width=\"85\">\n<p>Prof. Dr.<\/p>\n<\/td>\n<td width=\"227\">\n<p>Atilla Batur<\/p>\n<\/td>\n<\/tr>\n<tr>\n<td width=\"45\">\n<p>7<\/p>\n<\/td>\n<td colspan=\"2\" width=\"153\">\n<p><strong>ABD<\/strong><\/p>\n<\/td>\n<td rowspan=\"13\" width=\"149\">\n<p><strong>\u00a0<\/strong><\/p>\n<p><span style=\"color: #ff0000;\"><strong>B\u0130LD\u0130R\u0130LER\u0130 \u0130LE KONGREM\u0130ZE ANLAM KATAN De\u011ferli Bilim \u0130nsan\u0131 ve akademisyenlerimize,<\/strong><\/span><\/p>\n<\/td>\n<td width=\"85\">\n<p>Dr.<\/p>\n<\/td>\n<td width=\"227\">\n<p>Ghulam Nabi Fasiassam<\/p>\n<\/td>\n<\/tr>\n<tr>\n<td width=\"45\">\n<p>8<\/p>\n<\/td>\n<td colspan=\"2\" width=\"153\">\n<p><strong>BANGLADE\u015e<\/strong><\/p>\n<\/td>\n<td width=\"85\">\n<p>\u00a0<\/p>\n<\/td>\n<td width=\"227\">\n<p>A.F.M. Ataur Rahman<\/p>\n<\/td>\n<\/tr>\n<tr>\n<td width=\"45\">\n<p>9<\/p>\n<\/td>\n<td colspan=\"2\" width=\"153\">\n<p><strong>BOSNA HERSEK<\/strong><\/p>\n<\/td>\n<td width=\"85\">\n<p>Do\u00e7. Dr.<\/p>\n<\/td>\n<td width=\"227\">\n<p>Adsmir Mulaosman\u0131vi\u00e7<\/p>\n<\/td>\n<\/tr>\n<tr>\n<td width=\"45\">\n<p>10<\/p>\n<\/td>\n<td colspan=\"2\" width=\"153\">\n<p><strong>BURK\u0130NA FASO<\/strong><\/p>\n<\/td>\n<td width=\"85\">\n<p>Dr.<\/p>\n<\/td>\n<td width=\"227\">\n<p>Compoure Boucary<\/p>\n<\/td>\n<\/tr>\n<tr>\n<td width=\"45\">\n<p>11<\/p>\n<\/td>\n<td colspan=\"2\" width=\"153\">\n<p><strong>F\u0130L\u0130ST\u0130N<\/strong><\/p>\n<\/td>\n<td width=\"85\">\n<p>\u00a0<\/p>\n<\/td>\n<td width=\"227\">\n<p>Wissam A. Samarah<\/p>\n<\/td>\n<\/tr>\n<tr>\n<td width=\"45\">\n<p>12<\/p>\n<\/td>\n<td colspan=\"2\" width=\"153\">\n<p><strong>\u00c7AD<\/strong><\/p>\n<\/td>\n<td width=\"85\">\n<p>Dr.<\/p>\n<\/td>\n<td width=\"227\">\n<p>Ahmet Ojley Abd\u00fclvahid<\/p>\n<\/td>\n<\/tr>\n<tr>\n<td width=\"45\">\n<p>13<\/p>\n<\/td>\n<td colspan=\"2\" width=\"153\">\n<p><strong>IRAK<\/strong><\/p>\n<\/td>\n<td width=\"85\">\n<p>\u00a0<\/p>\n<\/td>\n<td width=\"227\">\n<p>Hossam Rashid Hadi Al-Rubaie<\/p>\n<\/td>\n<\/tr>\n<tr>\n<td width=\"45\">\n<p>14<\/p>\n<\/td>\n<td colspan=\"2\" width=\"153\">\n<p><strong>KATAR<\/strong><\/p>\n<\/td>\n<td width=\"85\">\n<p>Prof. Dr.<\/p>\n<\/td>\n<td width=\"227\">\n<p>Ali Karada\u011fi<\/p>\n<\/td>\n<\/tr>\n<tr>\n<td width=\"45\">\n<p>\u00a0<\/p>\n<\/td>\n<td colspan=\"2\" width=\"153\">\n<p><strong>KKTC<\/strong><\/p>\n<\/td>\n<td width=\"85\">\n<p>\u00a0<\/p>\n<\/td>\n<td width=\"227\">\n<p>Emete G\u00f6z\u00fcg\u00fczelli<\/p>\n<\/td>\n<\/tr>\n<tr>\n<td width=\"45\">\n<p>15<\/p>\n<\/td>\n<td colspan=\"2\" width=\"153\">\n<p><strong>L\u0130BYA<\/strong><\/p>\n<\/td>\n<td width=\"85\">\n<p>\u00a0<\/p>\n<\/td>\n<td width=\"227\">\n<p>Elmehdi El\u015fibani D\u0131\u011fman<\/p>\n<\/td>\n<\/tr>\n<tr>\n<td width=\"45\">\n<p>16<\/p>\n<\/td>\n<td colspan=\"2\" width=\"153\">\n<p><strong>MALEZYA<\/strong><\/p>\n<\/td>\n<td width=\"85\">\n<p>\u00a0<\/p>\n<\/td>\n<td width=\"227\">\n<p>Sheila Yusuf<\/p>\n<\/td>\n<\/tr>\n<tr>\n<td rowspan=\"2\" width=\"45\">\n<p>17<\/p>\n<\/td>\n<td colspan=\"2\" rowspan=\"2\" width=\"153\">\n<p><strong>MISIR<\/strong><\/p>\n<\/td>\n<td width=\"85\">\n<p>\u00a0<\/p>\n<\/td>\n<td width=\"227\">\n<p>Sahar Zaki Kabel<\/p>\n<\/td>\n<\/tr>\n<tr>\n<td width=\"85\">\n<p>Dr.<\/p>\n<\/td>\n<td width=\"227\">\n<p>Muhtar Ela\u015fri<\/p>\n<\/td>\n<\/tr>\n<tr>\n<td width=\"45\">\n<p>18<\/p>\n<\/td>\n<td colspan=\"2\" width=\"153\">\n<p><strong>N\u0130JER<\/strong><\/p>\n<\/td>\n<td rowspan=\"15\" width=\"149\">\n<p>\u00a0<\/p>\n<\/td>\n<td width=\"85\">\n<p>\u00a0<\/p>\n<\/td>\n<td width=\"227\">\n<p>Mansur Elh Amani<\/p>\n<\/td>\n<\/tr>\n<tr>\n<td width=\"45\">\n<p>19<\/p>\n<\/td>\n<td colspan=\"2\" width=\"153\">\n<p><strong>PAK\u0130STAN<\/strong><\/p>\n<\/td>\n<td width=\"85\">\n<p>\u00a0<\/p>\n<\/td>\n<td width=\"227\">\n<p>Shadid Hasmat<\/p>\n<\/td>\n<\/tr>\n<tr>\n<td rowspan=\"13\" width=\"45\">\n<p>20<\/p>\n<\/td>\n<td colspan=\"2\" rowspan=\"13\" width=\"153\">\n<p><strong>T\u00dcRK\u0130YE<\/strong><\/p>\n<\/td>\n<td width=\"85\">\n<p>\u00a0<\/p>\n<\/td>\n<td width=\"227\">\n<p>As\u0131m \u00d6zt\u00fcrk<\/p>\n<\/td>\n<\/tr>\n<tr>\n<td width=\"85\">\n<p>Do\u00e7. Dr.<\/p>\n<\/td>\n<td width=\"227\">\n<p>Mehmet Naci Efe<\/p>\n<\/td>\n<\/tr>\n<tr>\n<td width=\"85\">\n<p>Dr.<\/p>\n<\/td>\n<td width=\"227\">\n<p>\u0130brahim Karata\u015f<\/p>\n<\/td>\n<\/tr>\n<tr>\n<td width=\"85\">\n<p>Dr.<\/p>\n<\/td>\n<td width=\"227\">\n<p>Fehmi A\u011fca<\/p>\n<\/td>\n<\/tr>\n<tr>\n<td width=\"85\">\n<p>Prof. Dr.<\/p>\n<\/td>\n<td width=\"227\">\n<p>Mehmet Zelka<\/p>\n<\/td>\n<\/tr>\n<tr>\n<td width=\"85\">\n<p>Prof. Dr.<\/p>\n<\/td>\n<td width=\"227\">\n<p>Cengiz Toraman<\/p>\n<\/td>\n<\/tr>\n<tr>\n<td width=\"85\">\n<p>Prof. Dr.<\/p>\n<\/td>\n<td width=\"227\">\n<p>H\u00fcseyin Altay<\/p>\n<\/td>\n<\/tr>\n<tr>\n<td width=\"85\">\n<p>\u00a0<\/p>\n<\/td>\n<td width=\"227\">\n<p>Mehmet Emin Ko\u00e7ak<\/p>\n<\/td>\n<\/tr>\n<tr>\n<td width=\"85\">\n<p>\u00a0<\/p>\n<\/td>\n<td width=\"227\">\n<p>O\u011fuzhan Akyener<\/p>\n<\/td>\n<\/tr>\n<tr>\n<td width=\"85\">\n<p>Prof. Dr.<\/p>\n<\/td>\n<td width=\"227\">\n<p>Yakup Bulut<\/p>\n<\/td>\n<\/tr>\n<tr>\n<td width=\"85\">\n<p>Dr.<\/p>\n<\/td>\n<td width=\"227\">\n<p>Soner Ak\u0131n<\/p>\n<\/td>\n<\/tr>\n<tr>\n<td width=\"85\">\n<p>E. Alb.<\/p>\n<\/td>\n<td width=\"227\">\n<p>Ersan Erg\u00fcr<\/p>\n<\/td>\n<\/tr>\n<tr>\n<td width=\"85\">\n<p>Dr.<\/p>\n<\/td>\n<td width=\"227\">\n<p>Levent Kenar<\/p>\n<\/td>\n<\/tr>\n<tr>\n<td width=\"45\">\n<p>\u00a0<\/p>\n<\/td>\n<td colspan=\"2\" width=\"153\">\n<p><strong>\u00a0<\/strong><\/p>\n<\/td>\n<td width=\"149\">\n<p>\u00a0<\/p>\n<\/td>\n<td width=\"85\">\n<p>E. Alb.<\/p>\n<\/td>\n<td width=\"227\">\n<p>Ali Co\u015far<\/p>\n<\/td>\n<\/tr>\n<\/tbody>\n<\/table>\n<p style=\"text-align: justify;\"><span style=\"color: #ff0000;\">Kongremizin Teknik altyap\u0131s\u0131n\u0131 kurup y\u00f6neten teknik ekibimize te\u015fekk\u00fcr eder, SELAM VE MUHABBETLER\u0130M\u0130 SUNARIM.<\/span><\/p>\n<p style=\"text-align: justify;\">\u00a0<\/p>\n<p style=\"text-align: justify;\">Ho\u015f geldiniz.<\/p>\n<p style=\"text-align: justify;\">Kongremizi \u015fereflendirdiniz.<\/p>\n<p style=\"text-align: justify;\">Anlam katt\u0131n\u0131z.<\/p>\n<p style=\"text-align: justify;\">Te\u015fekk\u00fcrlerimizi sunar\u0131m.<\/p>\n<p style=\"text-align: justify;\">\u00a0<\/p>\n<p style=\"text-align: justify;\">Bu y\u0131lki Kongremizi d\u00fcnyay\u0131 tehdit eden COV\u0130D-19 salg\u0131n\u0131 nedeniyle y\u00fcz y\u00fcze yapamad\u0131k. K\u0131s\u0131tlamalara uyarak evlerimize kapansak da teknolojinin sa\u011flad\u0131\u011f\u0131 imk\u00e2nlardan istifade ile Kongremizi telekonferans y\u00f6ntemi ile yapmak zorunda kald\u0131k.<\/p>\n<p style=\"text-align: justify;\">Hen\u00fcz a\u015f\u0131s\u0131 ve ilac\u0131 yayg\u0131nla\u015ft\u0131r\u0131lamayan bu salg\u0131n dolay\u0131s\u0131 ile hayat\u0131n\u0131 kaybeden karde\u015flerimize Allahtan rahmet, sa\u011fl\u0131\u011f\u0131n\u0131 kaybeden karde\u015flerimize de \u015fifa dilerim. Rabbimin bu salg\u0131n musibetini insanl\u0131k \u00fczerinden kald\u0131rmas\u0131n\u0131 niyaz ederim.<\/p>\n<p style=\"text-align: justify;\">\u00a0<\/p>\n<p style=\"text-align: justify;\">Bu kongrede \u201cASSAM\u201d Adaleti savunanlar Stratejik Ara\u015ft\u0131rmalar Merkezi Derne\u011fini yaln\u0131z b\u0131rakmayan;<\/p>\n<p style=\"text-align: justify;\">\u00dcsk\u00fcdar ve Dumlup\u0131nar \u00dcniversitelerimize, \u0130slam D\u00fcnyas\u0131 Sivil Toplum Kurulu\u015flar\u0131 Birli\u011fine, Adaleti savunanlar Derne\u011fine \u015f\u00fckranlar\u0131m\u0131z\u0131 sunar\u0131m.<\/p>\n<p style=\"text-align: justify;\">\u00a0<\/p>\n<p style=\"text-align: justify;\">Yurt i\u00e7inden ve \u0130sl\u00e2m \u00dclkelerinden Kongremize bildirileri ile kat\u0131lan de\u011ferli hocalar\u0131m\u0131za;<\/p>\n<p style=\"text-align: justify;\"><strong>Yaz\u0131l\u0131 ve g\u00f6rsel bas\u0131n\u0131m\u0131z\u0131n<\/strong> de\u011ferli mensuplar\u0131na;<\/p>\n<p style=\"text-align: justify;\">En kalbi \u015f\u00fckranlar\u0131m\u0131 sunar\u0131m.<\/p>\n<p style=\"text-align: justify;\"><strong>\u00a0<\/strong><\/p>\n<p style=\"text-align: justify;\"><strong>KONGREM\u0130Z bir Sivil toplum inisiyatifidir. <\/strong><\/p>\n<p style=\"text-align: justify;\"><strong>Konu\u015fmam\u0131 yans\u0131da g\u00f6r\u00fclen ba\u015fl\u0131klar alt\u0131nda s\u00fcrd\u00fcrmek istiyorum.<\/strong><\/p>\n<p style=\"text-align: justify;\">\u00a0<\/p>\n<p style=\"text-align: justify;\"><strong>***<\/strong><strong> SUNUM PLANI:<span style=\"color: #ff0000;\"> (Slayt-2)<\/span><\/strong><\/p>\n<ol style=\"text-align: justify;\">\n<li><strong>KONGREN\u0130N AMACI<\/strong><\/li>\n<li><strong>\u0130SL\u00c2M CO\u011eRAFYASININ JEOPOL\u0130T\u0130K DE\u011eER\u0130<\/strong><\/li>\n<li><strong>\u0130SLAM CO\u011eRAFYASININ \u0130\u00c7\u0130NDE BULUNDU\u011eU DURUM<\/strong><\/li>\n<li><strong>\u0130CRA ED\u0130LM\u0130\u015e ASSAM KONGRELER\u0130<\/strong>\n<ol style=\"list-style-type: lower-alpha;\">\n<li><strong>DEVLET\u0130N ASL\u0130 FAAL\u0130YET ALANLARI,<\/strong><\/li>\n<li><span style=\"color: #ff0000;\"><strong>\u0130SL\u00c2M \u00dcLKELER\u0130 B\u0130RL\u0130\u011e\u0130 S\u00dcREC\u0130NDE ASSAM TASAVVURU<\/strong><\/span><\/li>\n<li><span style=\"color: #ff0000;\"><strong>B\u0130R\u0130NC\u0130<\/strong><\/span><strong><span style=\"color: #ff0000;\">, \u0130K\u0130NC\u0130<\/span> VE<span style=\"color: #ff0000;\"> \u00dc\u00c7\u00dcNC\u00dc<\/span> ULUSLARARASI \u0130SLAM B\u0130RL\u0130\u011e\u0130 KONGRES\u0130<\/strong><\/li>\n<li><span style=\"color: #ff0000;\"><strong>B\u0130R\u0130NC\u0130, \u0130K\u0130NC\u0130 VE \u00dc\u00c7\u00dcNC\u00dc <\/strong><\/span><strong>KONGRE B\u0130LD\u0130RGELER\u0130<\/strong><\/li>\n<\/ol>\n<\/li>\n<li><strong> ULUSLAR ARASI ASSAM <\/strong><span style=\"color: #ff0000;\"><strong>\u201cASR\u0130KA \u0130SLAM DEVLETLER\u0130 B\u0130RL\u0130\u011e\u0130 SAVUNMA ORGAN\u0130ZASYONU\u201d\u00a0<\/strong><\/span><strong>KONGRES\u0130, <\/strong><\/li>\n<\/ol>\n<p style=\"text-align: justify;\"><strong>\u00a0<\/strong><\/p>\n<p style=\"text-align: justify;\"><strong>De\u011ferli Kat\u0131l\u0131mc\u0131lar, <span style=\"color: #ff0000;\">(Slayt-3)<\/span><\/strong><\/p>\n<p style=\"text-align: justify;\"><strong>Uluslararas\u0131 ASSAM \u0130sl\u00e2m Birli\u011fi <span style=\"color: #ff0000;\">KONGRELER\u0130M\u0130Z\u0130N<\/span> Amac\u0131<\/strong>:<\/p>\n<p style=\"text-align: justify;\"><strong>\u0130sl\u00e2m \u00dclkelerinin ortak bir irade alt\u0131nda toplanmas\u0131 i\u00e7in gerekli <\/strong><span style=\"color: #ff0000;\"><strong>M\u00dcESSESELER<\/strong><\/span><strong> ve bu <\/strong><span style=\"color: #ff0000;\"><strong>M\u00dcESSESELER\u0130N OLMASI GEREKEN <\/strong><\/span><strong>mevzuat\u0131n\u0131 tespit ederek, \u0130SL\u00c2M D\u00dcNYASINA ve karar vericilere bir MODEL sunmakt\u0131r<\/strong>.<\/p>\n<p style=\"text-align: justify;\">\u00a0<\/p>\n<p style=\"text-align: justify;\"><span style=\"color: #ff0000;\"><strong>(SLAYT-4)<\/strong><\/span><\/p>\n<p style=\"text-align: justify;\">Bu g\u00fcn saat 18.00\u2019e kadar devam edecek olan <span style=\"color: #ff0000;\">\u201c<strong>\u0130SL\u00c2M B\u0130RL\u0130\u011e\u0130 \u0130\u00c7\u0130N ORTAK SAVUNMA S\u0130STEM\u0130 USUL VE ESASLARIN\u0130N TESP\u0130T\u0130<\/strong>\u201d<strong> BA\u015eLI\u011eINDA, \u201cASR\u0130KA KONFEDERASYONU SAVUNMA ORGAN\u0130ZASYONU<\/strong>\u201d<\/span> ana temal\u0131 D\u00d6RD\u00dcNC\u00dc Kongremizin amac\u0131 da;<\/p>\n<p style=\"text-align: justify;\"><strong>KONFEDERASYON merkezinden y\u00fcr\u00fct\u00fclecek Ortak savunma sistemi ile Konfederasyona ba\u011fl\u0131 DOKUZ FEDERAL B\u00d6LGE ve bu FEDERAL B\u00d6LGELERE BA\u011eLI M\u0130LL\u0130 DEVLETLERDE KURULACAK MUTASAVVER SAVUNMA S\u0130STEM\u0130N\u0130N <\/strong><span style=\"color: #ff0000;\"><strong>USUL VE ESASLARININ TESP\u0130T\u0130D\u0130R.<\/strong><\/span><\/p>\n<p style=\"text-align: justify;\">\u00a0<\/p>\n<p style=\"text-align: justify;\">Kongre Konusuna ge\u00e7meden \u00f6nce \u0130sl\u00e2m Co\u011frafyas\u0131n\u0131 birlikte tekrar de\u011ferlendirmekte fayda umuyorum.<\/p>\n<p style=\"text-align: justify;\"><strong>\u00a0<\/strong><\/p>\n<p style=\"text-align: justify;\"><strong><span style=\"color: #ff0000;\">(SL\u00c2YT-5)<\/span> <\/strong><\/p>\n<p style=\"text-align: justify;\"><strong>\u201c<\/strong><strong>\u0130SL\u00c2M CO\u011eRAFYASININ <\/strong><em>(ASR\u0130KA KITASININ)<\/em><strong> JEOPOL\u0130T\u0130K DE\u011eER\u0130 <\/strong><\/p>\n<p style=\"text-align: justify;\"><strong>\u00a0<\/strong><\/p>\n<p style=\"text-align: justify;\"><span style=\"color: #ff0000;\"><strong>(SL\u00c2YT-6)<\/strong><\/span><\/p>\n<p style=\"text-align: justify;\"><strong>61<\/strong> \u0130sl\u00e2m \u00dclkesinin <strong>28\u2019<\/strong>i Asya K\u0131ta\u2019s\u0131nda, <strong>27\u2019<\/strong>si Afrika K\u0131tas\u0131\u2019nda, <strong>4\u2019\u00fc<\/strong> Avrupa K\u0131ta\u2019s\u0131nda <strong>2\u2019s<\/strong>i de G\u00fcney Amerika K\u0131ta\u2019s\u0131nda bulunmaktad\u0131r<\/p>\n<p style=\"text-align: justify;\">\u0130sl\u00e2m D\u00fcnyas\u0131n\u0131n dayand\u0131\u011f\u0131 co\u011frafyay\u0131 \u0130sl\u00e2m \u00dclkelerinin a\u011f\u0131rl\u0131kl\u0131 olarak bulunduklar\u0131 <strong>As<\/strong>ya ve Af<strong>rika<\/strong> K\u0131ta\u2019lar\u0131n\u0131 dikkate alarak,<strong> bu co\u011frafyan\u0131n insanlara verdi\u011fi \u00f6zelliklere i\u015faret etmek ve AVRASYA\u2019ya alternatif bir JEOPOL\u0130T\u0130K KAVRAM olu\u015fturmak<\/strong> amac\u0131yla, \u0130sl\u00e2m Co\u011frafyas\u0131n\u0131 <strong>ASR\u0130KA olarak vas\u0131fland\u0131rmak <\/strong>ASSAM \u00e7al\u0131\u015fmalar\u0131n\u0131n kapsam\u0131 i\u00e7inde bulunmaktad\u0131r.<\/p>\n<p style=\"text-align: justify;\">\u00a0<\/p>\n<p style=\"text-align: justify;\">Birle\u015fmi\u015f Milletler Te\u015fkil\u00e2t\u0131na \u00fcye 193 Devlet\u2019in 61\u2019ini <strong><em>(\u00dcye Say\u0131s\u0131n\u0131n %31\u2019i)<\/em><\/strong> halk\u0131 M\u00fcsl\u00fcman \u00dclkeler te\u015fkil etmektedir.<\/p>\n<p style=\"text-align: justify;\">7,632 milyarl\u0131k D\u00fcnya N\u00fcfusunun 1,85 Milyar\u0131n\u0131 (<strong><em>D\u00fcnya N\u00fcfusunun %24,1\u2019i<\/em><\/strong><em>)<\/em> M\u00fcsl\u00fcman Devletlerin insanlar\u0131, <strong>150 milyon<\/strong> Km<sup>2<\/sup> olan d\u00fcnya karalar\u0131n\u0131n <strong>30,9<\/strong> milyon Km<strong><sup>2<\/sup><\/strong>\u2019sini <em>(<strong>D\u00fcnya Karalar\u0131n\u0131n %20,6\u2019s\u0131<\/strong>)<\/em> de 61 \u0130sl\u00e2m \u00dclkesinin topraklar\u0131 te\u015fkil etmektedir.<\/p>\n<p style=\"text-align: justify;\">\u00a0<\/p>\n<p style=\"text-align: justify;\"><span style=\"color: #ff0000;\">\u00a0<strong>(Sl\u00e2yt-7<\/strong>)<\/span> <strong>D\u00fcnya petrol rezervlerinin % 55,5\u2019ine, \u00fcretiminin % 65\u2019ine, do\u011falgaz rezervlerinin % 64,1\u2019ine, \u00fcretiminin % 40\u2019\u0131na<\/strong><a href=\"#_ftn1\" name=\"_ftnref1\">[1]<\/a><strong>, sahip olan<\/strong> <strong>\u0130SL\u00c2M D\u00dcNYASI;<\/strong><\/p>\n<p style=\"text-align: justify;\"><strong>Jeopolitik konumu, ortak medeniyet de\u011ferleri ve tarihi birikimi ile imk\u00e2n, gayret ve hedeflerini birle\u015ftirerek ASR\u0130KA Co\u011frafyas\u0131nda gelece\u011fin s\u00fcper g\u00fcc\u00fc olmaya namzet bir potansiyele sahiptir.<\/strong><\/p>\n<p style=\"text-align: justify;\">\u00a0<\/p>\n<p style=\"text-align: justify;\"><span style=\"color: #ff0000;\"><strong>(SL\u00c2YT-8)<\/strong><\/span> <strong>\u0130SLAM \u00dcLKELER\u0130N\u0130N \u0130\u00c7\u0130NDE BULUNDU\u011eU DURUM<\/strong><\/p>\n<p style=\"text-align: justify;\"><strong><span style=\"color: #ff0000;\">(Sl\u00e2yt-9<\/span>) <\/strong>\u0130sl\u00e2m D\u00fcnyas\u0131n\u0131 olu\u015fturan <strong>devletlerin Ger\u00e7ek potansiyeline ra\u011fmen<\/strong>;<\/p>\n<ul style=\"text-align: justify;\">\n<li><strong>Bug\u00fcn topraklar\u0131na en \u00e7ok m\u00fcdahale edilen, <\/strong><\/li>\n<li><strong>Birle\u015fmi\u015f Milletleri en fazla me\u015fgul eden, <\/strong><\/li>\n<li><strong>Ter\u00f6r ve anar\u015finin topraklar\u0131nda eksik olmad\u0131\u011f\u0131, <\/strong><\/li>\n<li><strong>Kaynaklar\u0131 yabanc\u0131 g\u00fc\u00e7ler taraf\u0131ndan y\u00f6netilen, <\/strong><\/li>\n<li><strong>\u0130nsan hak ve \u00f6zg\u00fcrl\u00fcklerinin ihlal edildi\u011fi, <\/strong><\/li>\n<\/ul>\n<p style=\"text-align: justify;\"><span style=\"color: #ff0000;\"><strong>(Sl\u00e2yt-10) <\/strong><\/span><\/p>\n<ul style=\"text-align: justify;\">\n<li><span style=\"color: #ffffff;\"><strong>Gelir da\u011f\u0131l\u0131m\u0131n\u0131n bozuk oldu\u011fu, <\/strong><\/span><\/li>\n<li><span style=\"color: #ffffff;\"><strong>Siyasi, sosyal ve ekonomik istikrars\u0131zl\u0131klar\u0131n h\u00e2kim oldu\u011fu, <\/strong><\/span><\/li>\n<li><span style=\"color: #ffffff;\"><strong>\u0130\u00e7 meselelerini \u00e7\u00f6zmek i\u00e7in d\u0131\u015f g\u00fc\u00e7 merkezlerinin yard\u0131m ve deste\u011fini talep eden ve muhta\u00e7 olan, <\/strong><\/span><\/li>\n<\/ul>\n<p style=\"text-align: justify;\"><strong>\u00dclkeler konumunda bulunmaktad\u0131r.<\/strong><\/p>\n<p style=\"text-align: justify;\"><strong>\u0130NANCIMIZ ODUR K\u0130 BUNCA ZUL\u00dcM M\u00dcSL\u00dcMAN M\u0130LLETLER\u0130 B\u0130RL\u0130\u011eE G\u00d6T\u00dcREN \u00d6NEML\u0130 B\u0130R ETKEN OLACAKTIR.<\/strong><\/p>\n<p style=\"text-align: justify;\"><strong>\u00a0<\/strong><\/p>\n<p style=\"text-align: justify;\"><strong>DEVLETLER\u0130N ASL\u0130 FAAL\u0130YET ALANLARI<span style=\"color: #ff0000;\"> (SL\u00c2YT-11)<\/span><\/strong><\/p>\n<p style=\"text-align: justify;\"><strong>Devletler ADALET\u0130N Tesisi i\u00e7in kurulur.<\/strong><\/p>\n<p style=\"text-align: justify;\"><strong>Adalet G\u00fc\u00e7 ister.<\/strong><\/p>\n<p style=\"text-align: justify;\"><strong>Bu nedenle, i\u00e7 g\u00fcvenlik ve d\u0131\u015fa kar\u015f\u0131 savunman\u0131n merkezden y\u00fcr\u00fct\u00fclmesi gerekir.<\/strong><\/p>\n<p style=\"text-align: justify;\"><strong>Devletlerin D\u0131\u015f devletler nezdinde temsili de merkezden yap\u0131lmal\u0131d\u0131r.<\/strong><\/p>\n<p style=\"text-align: justify;\"><strong>Adalet, \u0130\u00e7 G\u00fcvenlik, D\u0131\u015fa Kar\u015f\u0131 Savunma ve D\u0131\u015f i\u015flerinin merkezden y\u00f6netildi\u011fi m\u00fc\u015fterek bir iradenin h\u00e2kim oldu\u011fu co\u011frafyada devlet kurulmu\u015f demektir.<\/strong><\/p>\n<p style=\"text-align: justify;\">\u00a0<\/p>\n<p style=\"text-align: justify;\"><strong>***<\/strong><strong>\u0130SL\u00c2M \u00dcLKELER\u0130 B\u0130RL\u0130\u011e\u0130 S\u00dcREC\u0130NDE ASSAM KONGRELER\u0130 <\/strong><span style=\"color: #ff0000;\"><strong>(Sl\u00e2yt-12)<\/strong><\/span><\/p>\n<p style=\"text-align: justify;\"><strong>\u00a0<\/strong><\/p>\n<p style=\"text-align: justify;\"><strong>Uluslararas\u0131 \u0130sl\u00e2m kongrelerinin amac\u0131<\/strong>;<span style=\"color: #ff0000;\"> <strong>(SL\u00c2YT-13)<\/strong><\/span><\/p>\n<p style=\"text-align: justify;\">Halk\u0131 M\u00fcsl\u00fcman \u00fclkelerin ortak irade alt\u0131nda toplanabilmeleri i\u00e7in gereken m\u00fcesseseler ve bu m\u00fcesseselerin olmas\u0131 gereken mevzuat\u0131n\u0131n bir <strong>MODEL<\/strong> olarak ortaya \u00e7\u0131kar\u0131lmas\u0131n\u0131 sa\u011flamak i\u00e7in seri <strong>KONGRELER<\/strong> planlanm\u0131\u015ft\u0131r.<\/p>\n<p style=\"text-align: justify;\">60 \u0130sl\u00e2m \u00dclkesinin i\u00e7inde bulundu\u011fu karga\u015fadan kurtulup hak etti\u011fi g\u00fcce ula\u015farak sahip olduklar\u0131 topraklar\u0131 ve d\u00fcnyay\u0131 bar\u0131\u015f ve huzur beldesi haline getirmeleri, kendilerinin bir irade alt\u0131nda toplanmas\u0131 ile m\u00fcmk\u00fcnd\u00fcr.<\/p>\n<p style=\"text-align: justify;\"><span style=\"color: #ff0000;\"><strong>(Sl\u00e2yt-14)\u00a0<\/strong><\/span><strong>Devletlerin asl\u00ee faaliyet alanlar\u0131<\/strong> da dikkate al\u0131narak, 2017\u2019den ba\u015flayarak m\u00fcteakip her y\u0131l icra edilmesi tasavvur edilen <strong>\u201cUluslararas\u0131 ASSAM \u0130sl\u00e2m Birli\u011fi Kongreleri\u201d serisinin<\/strong> ana konular\u0131:<\/p>\n<ol style=\"list-style-type: lower-roman;\">\n<li><span style=\"color: #339966;\"><strong>\u0130slam Birli\u011fi i\u00e7in Y\u00f6netim \u015eekil ve Organlar\u0131n\u0131n Mevzuat\u0131n\u0131n Tespiti (2017),<\/strong><\/span><\/li>\n<li><span style=\"color: #339966;\"><strong>\u0130slam Birli\u011fi i\u00e7in Ekonomik \u0130\u015fbirli\u011fi Usul ve Esaslar\u0131n\u0131n Tespiti (2018),<\/strong><\/span><\/li>\n<li><span style=\"color: #339966;\"><strong>\u0130sl\u00e2m Birli\u011fi i\u00e7in Savunma Sanayi \u0130\u015fbirli\u011fi Usul ve Esaslar\u0131n\u0131n Tespiti (2019<\/strong>),<\/span><\/li>\n<li><span style=\"color: #ff0000;\"><strong>\u0130sl\u00e2m Birli\u011fi i\u00e7in Ortak Savunma Sistemi Usul ve Esaslar\u0131n\u0131n Tespiti (2020),<\/strong><\/span><\/li>\n<li>\u0130sl\u00e2m Birli\u011fi i\u00e7in <strong>M\u00fc\u015fterek D\u0131\u015f Politika Usul ve Esaslar\u0131n\u0131n<\/strong> Tespiti (2021),<\/li>\n<li>\u0130sl\u00e2m Birli\u011fi i\u00e7in <strong>M\u00fc\u015fterek Adalet Sistemi Usul ve Esaslar\u0131n\u0131n<\/strong> Tespiti (2022),<\/li>\n<li>\u0130sl\u00e2m Birli\u011fi i\u00e7in <strong>Ortak Asayi\u015f ve G\u00fcvenlik Usul ve Esaslar\u0131n\u0131n<\/strong> Tespiti (2023),<\/li>\n<\/ol>\n<p style=\"text-align: justify;\">\u015eeklinde se\u00e7ilerek, <strong>\u0130slam \u00dclkelerinin bir irade alt\u0131nda toplanmas\u0131 i\u00e7in gereken m\u00fcesseseler ve bu m\u00fcesseselerin mevzuat\u0131n\u0131n bir MODEL olarak ortaya \u00e7\u0131kar\u0131lmas\u0131<\/strong> sa\u011flanacakt\u0131r.<\/p>\n<p style=\"text-align: justify;\"><span style=\"color: #ff0000;\"><strong>(Sl\u00e2yt-15) <\/strong><\/span><strong>B\u0130R\u0130NC\u0130 ASSAM KONGRES\u0130<\/strong><\/p>\n<p style=\"text-align: justify;\"><strong>Kongrenin birincisi 23-24- Kas\u0131m 2017 tarihinde, \u201cGE\u00c7M\u0130\u015eTEN GELECE\u011eE Y\u00d6NET\u0130M B\u0130\u00c7\u0130MLER\u0130\u201d ba\u015fl\u0131\u011f\u0131 ile planlanm\u0131\u015f ve icra edilmi\u015ftir.<\/strong> Kongreye <strong>28 \u00fclkeden temsilci ve akademisyenlerin kat\u0131lm\u0131\u015f ve 31 bildiri sunulmu\u015ftur.<\/strong><\/p>\n<p style=\"text-align: justify;\"><span style=\"color: #ff0000;\"><strong>(Sl\u00e2yt-16) <\/strong><\/span><strong>Kongre Sonucunda yay\u0131nlanan B\u0130LD\u0130RGE\u2019DE \u00f6zetle;<\/strong><\/p>\n<p style=\"text-align: justify;\">M\u00fcsl\u00fcman Milletlerin refah\u0131, kurduklar\u0131 devletlerin g\u00fcvenlik ve bekas\u0131, d\u00fcnyada bar\u0131\u015f\u0131n tesisi ve idamesi, adaletin h\u00e2kimiyeti ve \u0130sl\u00e2m D\u00fcnyas\u0131n\u0131n s\u00fcper g\u00fc\u00e7 olarak tarih sahnesine yeniden \u00e7\u0131kabilmesi i\u00e7in <strong>ASYA-AFR\u0130KA<\/strong> <strong>\u201cASR\u0130KA\u201d<\/strong> Co\u011frafyas\u0131n\u0131 mihver kabul eden <strong>\u0130SL\u00c2M \u00dcLKELER\u0130N\u0130N<\/strong> bir irade alt\u0131nda toplanmas\u0131n\u0131n gerekti\u011fini ve bunun i\u00e7in de <strong>\u0130SL\u00c2M \u00dcLKELER\u0130N\u0130N KAB\u0130NELER\u0130NDE \u0130SL\u00c2M B\u0130RL\u0130\u011e\u0130 BAKANLIKLARININ \u0130HDAS edilmesinin<\/strong> ve acilen daimi faaliyet g\u00f6sterecek <strong>\u201c\u0130SL\u00c2M \u00dcLKELER\u0130 TEMS\u0130LC\u0130LER MECL\u0130S\u0130<\/strong>\u201dnin kurulmas\u0131n\u0131n gereklili\u011fi;<\/p>\n<p style=\"text-align: justify;\">\u00a0<\/p>\n<p style=\"text-align: justify;\"><strong>\u0130sl\u00e2m \u00dclkeleri Temsilciler Meclisi\u2019<\/strong>nin, \u00a0Ba\u015flang\u0131\u00e7ta;<\/p>\n<ul style=\"text-align: justify;\">\n<li>\u0130sl\u00e2m \u00dclkeleri aras\u0131ndaki meselelere ve \u0130sl\u00e2m \u00fclkelerinin i\u00e7 \u00e7at\u0131\u015fmalar\u0131na \u00e7\u00f6z\u00fcm getirerek , <strong>\u201c<\/strong><strong>\u0130SL\u00c2M \u00dcLKELER\u0130 KR\u0130Z Y\u00d6NET\u0130M ORGANI\u201d <\/strong>gibi \u00e7al\u0131\u015fmas\u0131n\u0131n gerekti\u011fi.<\/li>\n<li><strong>Hedefinin, \u0130sl\u00e2m \u00dclkelerini bir irade alt\u0131nda toplayacak m\u00fcesseseleri olu\u015fturmak olaca\u011f\u0131,<\/strong><\/li>\n<\/ul>\n<p style=\"text-align: justify;\"><strong>Beyan edilmi\u015ftir<\/strong>.<\/p>\n<p style=\"text-align: justify;\"><strong>\u00a0<\/strong><\/p>\n<p style=\"text-align: justify;\"><span style=\"color: #ff0000;\"><strong>(Sl\u00e2yt-17) <\/strong><\/span><strong>ASSAM \u0130SL\u00c2M B\u0130RL\u0130\u011e\u0130 ANAYASASI; <\/strong><\/p>\n<p style=\"text-align: justify;\"><strong>Birinci kongremiz sonunda MODEL olabilecek kapsaml\u0131 bir Anayasa kaleme al\u0131nm\u0131\u015ft\u0131r. 63 sayfa ve 181 maddeden olu\u015fan, <\/strong>T\u00fcrk\u00e7e, Arap\u00e7a ve \u0130ngilizce Dillerinde, \u201c<strong>\u0130SL\u00c2M \u00dcLKELER\u0130 KONFEDERASYONU ANAYASASI\u201d, MODEL olarak ASSAM WEB Sitesinde yay\u0131nlanm\u0131\u015ft\u0131r.<\/strong><\/p>\n<p style=\"text-align: justify;\"><strong>\u00a0<\/strong><\/p>\n<p style=\"text-align: justify;\"><strong><span style=\"color: #ff0000;\">(SL\u00c2YT-18)<\/span><\/strong><\/p>\n<p style=\"text-align: justify;\"><strong><span style=\"color: #ff0000;\">Haz\u0131rlanan<\/span> <span style=\"color: #ff0000;\">Model<\/span> <\/strong><span style=\"color: #ff0000;\"><span style=\"color: #ffffff;\"><strong>ASR\u0130KA \u0130slam Devletler Birli\u011fi<\/strong> <\/span><strong>Anayasas\u0131na G\u00f6re;<\/strong><\/span><\/p>\n<p style=\"text-align: justify;\"><span style=\"color: #ff0000;\"><strong>Konfederasyon BE\u015e Faaliyet alan\u0131nda,<\/strong><\/span><\/p>\n<p style=\"text-align: justify;\"><span style=\"color: #ff0000;\"><strong>B\u00f6lgesel \u0130slam Devletleri Federasyonlar\u0131 ALTI Faaliyet Alan\u0131nda,<\/strong><\/span><\/p>\n<p style=\"text-align: justify;\"><span style=\"color: #ff0000;\"><strong>Milli Devletler de ON Faaliyet alan\u0131nda yetkilendirilmi\u015flerdir.<\/strong><\/span><\/p>\n<p><strong>\u00a0<a href=\"https:\/\/assamcongress.com\/wp-content\/uploads\/2020\/12\/1.jpg\" target=\"_blank\" rel=\"noopener noreferrer\"><img decoding=\"async\" style=\"display: block; margin-left: auto; margin-right: auto;\" src=\"https:\/\/assamcongress.com\/wp-content\/uploads\/2020\/12\/1.jpg\" alt=\"\" \/><\/a><\/strong><\/p>\n<p style=\"text-align: center;\"><span style=\"color: #ff0000;\"><strong>(SL\u00c2YT-18)<\/strong><\/span><\/p>\n<p style=\"text-align: justify;\"><strong>ASSAM \u0130SLAM B\u0130RL\u011e\u0130 TASAVVURU <span style=\"color: #ff0000;\">(SLAYT-19)<\/span><\/strong><\/p>\n<p style=\"text-align: justify;\"><strong>\u0130SLAM \u00dcLKELER\u0130 B\u0130RL\u0130\u011e\u0130 S\u00dcREC\u0130NDE ASSAM TASAVVURU<\/strong><\/p>\n<p style=\"text-align: justify;\"><strong>ASSAM OLARAK;<span style=\"color: #ff0000;\"> (SL\u00c2YT-20) <\/span><\/strong><\/p>\n<ul style=\"text-align: justify;\">\n<li><strong>\u0130SL\u00c2M B\u0130RL\u0130\u011e\u0130N\u0130N OLU\u015eMASINI \u00c7A\u011eIN ZARURET\u0130 OLARAK G\u00d6R\u00dcYOR.<\/strong><\/li>\n<li><strong>BU ZARURET\u0130N \u0130SL\u00c2M \u00dcMMET\u0130 TARAFINDAN \u0130DRAK\u0130N\u0130N DE B\u0130RL\u0130\u011e\u0130N KURULMASININ \u0130LK \u015eARTI OLDU\u011eUNU KABUL ED\u0130YORUZ. <\/strong><\/li>\n<\/ul>\n<p style=\"text-align: justify;\"><strong>\u00a0<\/strong><\/p>\n<p style=\"text-align: justify;\"><strong>B\u0130R\u0130NC\u0130 SAFHA<span style=\"color: #ff0000;\">-(SL\u00c2YT-21)<\/span><\/strong><\/p>\n<p style=\"text-align: justify;\"><strong>ASSAM,\u00a0 haz\u0131rlad\u0131\u011f\u0131 Model Anayasa ile \u0130SLAM B\u0130RL\u0130\u011e\u0130N\u0130N TAMAMLANAB\u0130LMES\u0130 \u0130\u00c7\u0130N B\u0130R YOL HAR\u0130TASI \u00c7\u0130ZM\u0130\u015eT\u0130R VE D\u00d6RT SAFHADA \u0130SL\u00c2M \u00dcLKELER\u0130N\u0130N B\u0130R \u0130RADE ALTINDA B\u0130RLE\u015eEB\u0130LECEKLER\u0130N\u0130 DE\u011eERLEND\u0130RM\u0130\u015eT\u0130R.<\/strong><\/p>\n<p style=\"text-align: justify;\"><strong>\u00a0<\/strong><\/p>\n<p style=\"text-align: justify;\"><span style=\"color: #ff0000;\"><strong>\u00d6NCE; (Birinci Safha)<\/strong><\/span><\/p>\n<p style=\"text-align: justify;\">Yetkisi, imk\u00e2nlar\u0131, g\u00fcc\u00fc, yap\u0131s\u0131, \u00fcye say\u0131s\u0131, anayasa, yasa ve t\u00fcz\u00fcklerle belirtilmi\u015f, 61 \u0130sl\u00e2m \u00dclkesinin Ortak iradesinin temsil edildi\u011fi <strong>\u201c\u0130sl\u00e2m \u00dclkeleri Temsilciler Meclisi<\/strong>\u201d daimi olarak te\u015fekk\u00fcl ettirilmeli ve m\u00fcteakiben de \u00a0\u201c<strong>\u0130sl\u00e2m \u00dclkeleri Konfederal<\/strong>\u201d bir yap\u0131ya kavu\u015fturulmal\u0131d\u0131r.<\/p>\n<p style=\"text-align: justify;\">\u00a0<\/p>\n<p style=\"text-align: justify;\"><strong>\u0130K\u0130NC\u0130 SAFHA<\/strong> <span style=\"color: #ff0000;\"><strong>(Sl\u00e2yt-22)<\/strong><\/span><\/p>\n<p style=\"text-align: justify;\"><span style=\"color: #ff0000;\"><strong>\u0130kinci ad\u0131m olarak;<\/strong><\/span><\/p>\n<ul style=\"text-align: justify;\">\n<li><strong>\u0130sl\u00e2m \u00dclkeleri Konfederasyonunun<\/strong>, devletlerin asli g\u00f6rev alanlar\u0131 olan, <strong>adalet, g\u00fcvenlik <em>(i\u00e7 ve d\u0131\u015f)<\/em> ve m\u00fc\u015fterek d\u0131\u015f politika <\/strong>usul, esas ve prensiplerini belirleme \u00e7al\u0131\u015fmalar\u0131 s\u00fcrd\u00fcr\u00fcl\u00fcrken, etnik ve co\u011frafi bak\u0131mdan yak\u0131n \u0130slam Devletlerinin ortak iradelerinin temsil edildi\u011fi, <strong>\u201cB\u00f6lgesel \u0130sl\u00e2m \u00dclkeleri Meclisleri<\/strong>\u201d olu\u015fturulmal\u0131 ve Parlamentolar\u0131n kararlar\u0131 ile <strong>\u201cB\u00f6lgesel \u0130slam \u00dclkeleri Konfederal\u201d yap\u0131ya<\/strong> d\u00f6n\u00fc\u015ft\u00fcr\u00fclmelidir.<\/li>\n<\/ul>\n<p style=\"text-align: justify;\">\u00a0<\/p>\n<ul style=\"text-align: justify;\">\n<li><span style=\"color: #ff0000;\"><strong>(Sl\u00e2yt-23)<\/strong><\/span> <strong>B\u00f6lgesel \u0130sl\u00e2m \u00dclkeleri KONFEDERASYONLARI, Co\u011frafi ve etnik yak\u0131nl\u0131klar\u0131 dikkate al\u0131narak 9 ayr\u0131 co\u011frafyada grupland\u0131r\u0131lmal\u0131d\u0131r<em>.<\/em><\/strong><\/li>\n<\/ul>\n<p style=\"text-align: justify;\"><strong>\u00a0<\/strong><\/p>\n<ul style=\"text-align: justify;\">\n<li><strong>Bu Grupland\u0131rma yans\u0131da g\u00f6r\u00fcld\u00fc\u011f\u00fc \u00fczere; <\/strong><\/li>\n<\/ul>\n<p style=\"text-align: justify;\">\u00a0<\/p>\n<table style=\"width: 800px;\" border=\"2\" cellspacing=\"2\">\n<tbody>\n<tr>\n<td width=\"198\">\n<p>\u00d8 <strong><em>ORTA DO\u011eU<\/em><\/strong><\/p>\n<p><em>[12 DEVLET] ,<\/em><\/p>\n<p><em>\u00a0<\/em><\/p>\n<p>\u00a0<\/p>\n<p>\u00d8 <strong><em>ORTA ASYA <\/em><\/strong><\/p>\n<p><em>[8 DEVLET], <\/em><\/p>\n<p>\u00a0<\/p>\n<p>\u00a0<\/p>\n<p>\u00d8 <strong><em>YAKIN DO\u011eU<\/em><\/strong><\/p>\n<p><em>[4 DEVLET], <\/em><\/p>\n<p>\u00d8 <strong><em>G\u00dcNEY DO\u011eU ASYA<\/em><\/strong> <em>[4 DEVLET], <\/em><\/p>\n<p>\u00d8 <strong><em>KUZEY AFR\u0130KA<\/em><\/strong><\/p>\n<p><em>[6 DEVLET], <\/em><\/p>\n<p>\u00d8 <strong><em>DO\u011eU AFR\u0130KA<\/em><\/strong><\/p>\n<p><em>[6 DEVLET], <\/em><\/p>\n<p>\u00a0<\/p>\n<p>\u00d8 <strong><em>KUZEY BATI AFR\u0130KA <\/em><\/strong><em>[9 DEVLET],<\/em><\/p>\n<p>\u00a0<\/p>\n<p>\u00d8 <strong><em>G\u00dcNEY BATI AFR\u0130KA <\/em><\/strong><\/p>\n<p><em>[ 8 DEVLET]<\/em><\/p>\n<p>\u00d8 <strong><em>AVRUPA<\/em><\/strong><\/p>\n<p><em>[4 DEVLET]<\/em><\/p>\n<\/td>\n<td width=\"425\">\n<p>1.\u00a0\u00a0\u00a0 <strong>On ikisi, Orta Do\u011fu \u0130sl\u00e2m Devletleri <\/strong><em>(Bahreyn, Birle\u015fik Arap Emirlikleri, Filistin, Irak, Katar, Kuveyt, L\u00fcbnan, Suriye, Suudi Arabistan, Umman, \u00dcrd\u00fcn, Yemen), <\/em><\/p>\n<p>2.\u00a0\u00a0\u00a0 <strong>Sekizi Orta Asya \u0130slam Devletleri <\/strong><em>(Azerbaycan, Kazakistan, K\u0131rg\u0131zistan, Kuzey K\u0131br\u0131s T\u00fcrk Cumhuriyeti, \u00d6zbekistan, Tacikistan, T\u00fcrkiye, T\u00fcrkmenistan) <\/em><\/p>\n<p>3.\u00a0\u00a0\u00a0 <strong>D\u00f6rd\u00fc<\/strong>, <strong>Yak\u0131n Do\u011fu \u0130sl\u00e2m Devletleri<\/strong>, <em>(Afganistan, Banglade\u015f, \u0130ran, Pakistan), <\/em><\/p>\n<p>4.\u00a0\u00a0\u00a0 <strong>D\u00f6rd\u00fc<\/strong>, <strong>G\u00fcney Do\u011fu Asya \u0130sl\u00e2m Devletleri <\/strong><em>(Bruney, Endonezya, Malezya), <\/em><\/p>\n<p>5.\u00a0\u00a0\u00a0 <strong>Alt\u0131s\u0131<\/strong>, <strong>Kuzey Afrika \u0130sl\u00e2m devletleri <\/strong><em>(Cezayir, \u00c7ad, Fas, Libya, M\u0131s\u0131r, Tunus), <\/em><\/p>\n<p>6.\u00a0\u00a0\u00a0 <strong>Alt\u0131s\u0131, Do\u011fu Afrika (K\u0131z\u0131l Deniz Havzas\u0131) \u0130sl\u00e2m Devletleri <\/strong><em>(Cibuti, Eritre, Komor, Mozambik, Somali, Sudan), <\/em><\/p>\n<p>7.\u00a0\u00a0\u00a0 <strong>Onu, Kuzey Bat\u0131 Afrika-G\u00fcney Amerika \u0130sl\u00e2m Devletleri <\/strong><em>(<strong>Gambiya<\/strong>, <strong>Gine,<\/strong> <strong>Gine Bissau<\/strong>, <strong>Mali<\/strong>, <strong>Moritanya<\/strong>, <strong>Senegal<\/strong>, <strong>Sierra Leone<\/strong>, <strong>Guyana-GA<\/strong>, <strong>Sirunam<\/strong>,) <\/em><\/p>\n<p>8.\u00a0\u00a0\u00a0 <strong>Sekizi<\/strong>, <strong>G\u00fcney Bat\u0131 Afrika (Okyanus Havzas\u0131) \u0130slam Devletleri <\/strong><em>(<strong>Benin,<\/strong> <strong>Burkina Faso<\/strong>, <strong>Fil Di\u015fi K\u0131y\u0131s\u0131<\/strong>, <strong>Gabon, Kamerun<\/strong>, <strong>Nijer, Nijerya, Togo<\/strong>), <\/em><\/p>\n<p>9.\u00a0\u00a0\u00a0 <strong>D\u00f6rd\u00fc, Avrupa \u0130slam Devletleri <\/strong><em>(Arnavutluk, Bosna Hersek, Kosova, Makedonya), <\/em><\/p>\n<\/td>\n<\/tr>\n<\/tbody>\n<\/table>\n<p style=\"text-align: justify;\"><strong>Olacak \u015fekilde Bu safhada, \u0130slam \u00dclkeleri Konfederasyonu ve kendine ba\u011fl\u0131 9 adet B\u00f6lgesel \u0130slam \u00dclkeleri Konfederasyonu te\u015fkil edilmelidir.<\/strong><\/p>\n<p style=\"text-align: justify;\"><strong>\u00a0<\/strong><\/p>\n<p style=\"text-align: justify;\"><strong>\u00dc\u00c7\u00dcNC\u00dc SAFHA;<\/strong> <span style=\"color: #ff0000;\"><strong>(Sl\u00e2yt- 24)<\/strong><\/span><\/p>\n<p style=\"text-align: justify;\">B\u00f6lgesel \u0130sl\u00e2m \u00dclkeleri Konfederasyonlar\u0131n\u0131n te\u015fekk\u00fcl\u00fc tamamland\u0131ktan sonra;<\/p>\n<ul style=\"text-align: justify;\">\n<li><strong>\u201cB\u00f6lgesel \u0130sl\u00e2m Konfederasyonlar\u0131<\/strong>\u201dn\u0131n merkez\u00ee y\u00f6netimleri g\u00fc\u00e7lendirilerek Federasyonlara d\u00f6n\u00fc\u015fmeli ve her <strong>\u201cB\u00f6lgesel \u0130sl\u00e2m \u00dclkeleri Federasyonlar\u0131<\/strong>\u201d, \u201c<strong>\u0130sl\u00e2m \u00dclkeleri Konfederasyonuna<\/strong>\u201d <strong>Konfedere<\/strong> Birlik olarak ba\u011flanmal\u0131d\u0131r.<\/li>\n<\/ul>\n<p style=\"text-align: justify;\"><strong>\u00a0<\/strong><\/p>\n<p style=\"text-align: justify;\"><strong><span style=\"color: #ff0000;\">(SL\u00c2YT-25)<\/span> <\/strong><strong>B\u00f6ylece, ASR\u0130KA \u0130SLAM \u00dcLKELER\u0130 B\u0130RL\u0130\u011e\u0130 Konfederasyonun hiyerar\u015fik ba\u011flant\u0131s\u0131 tamamlanarak yans\u0131da g\u00f6r\u00fcld\u00fc\u011f\u00fc \u015feklide <\/strong><\/p>\n<p style=\"text-align: justify;\"><strong>ASR\u0130KA mihverindeki 61 \u0130slam \u00dclkesinin<\/strong> <em>(28\u2019si Asya, 27\u2019si Afrika, 4\u2019\u00fc Avrupa, 2\u2019si G\u00fcney Amerika)<\/em> <strong>milli s\u0131n\u0131rlar\u0131 ve yap\u0131s\u0131 de\u011fi\u015fmeden, etnik ve co\u011frafi yak\u0131nl\u0131klar\u0131na g\u00f6re DOKUZ B\u00d6LGESEL FEDERASYON ve bu b\u00f6lgesel \u0130sl\u00e2m Federasyonlar\u0131n\u0131n olu\u015fturdu\u011fu KONFEDERAL bir yap\u0131 ile bir irade alt\u0131nda toplanarak<\/strong> \u0130SL\u00c2M<strong> B\u0130RL\u0130\u011e\u0130N\u0130N<\/strong> te\u015fekk\u00fcl\u00fc sa\u011flanmas\u0131 m\u00fcmk\u00fcn g\u00f6r\u00fclmektedir.<\/p>\n<p style=\"text-align: justify;\"><strong>\u00a0<\/strong><\/p>\n<p style=\"text-align: justify;\"><strong>D\u00d6RD\u00dcNC\u00dc SAFHA (1)<\/strong>;\u00a0<span style=\"color: #ff0000;\"> <strong>(Sl\u00e2yt-26)<\/strong><\/span><\/p>\n<p style=\"text-align: justify;\"><strong>Hiyerar\u015fik yap\u0131 tamamland\u0131ktan sonra da;<\/strong><\/p>\n<ul style=\"text-align: justify;\">\n<li>Merkez\u00ee m\u00fc\u015fterek irade \u201c<strong>\u0130sl\u00e2m \u00dclkeleri Konfederasyonu Parlamentosu<\/strong>\u201dnda, b\u00f6lgesel olu\u015fumlar\u0131n m\u00fc\u015fterek iradeleri de <strong>\u201cB\u00f6lgesel \u0130sl\u00e2m \u00dclkeleri Federasyon Parlamentolar\u0131<\/strong>\u201dnda temsil edilmelidir.<\/li>\n<li>Parlamentolara ba\u011fl\u0131 \u201c<strong>icra organlar\u0131\u201d<\/strong> olu\u015fturulmal\u0131d\u0131r.<\/li>\n<li>Merkezi ve b\u00f6lgesel icra organlar\u0131n\u0131n merkezlerinde <strong>\u201cAdalet Divanlar\u0131\u201d<\/strong> ve Adalet Divanlar\u0131n\u0131n kararlar\u0131n\u0131n uygulanmas\u0131n\u0131 sa\u011flayacak, <strong>\u201cAni M\u00fcdahale Kuvvetleri<\/strong>\u201d kurulmal\u0131d\u0131r.<\/li>\n<\/ul>\n<p style=\"text-align: justify;\"><strong>\u00a0<\/strong><\/p>\n<p style=\"text-align: justify;\"><strong>D\u00d6RD\u00dcNC\u00dc SAFHA (2)- <span style=\"color: #ff0000;\">(Sl\u00e2yt-27)<\/span><\/strong><\/p>\n<ul style=\"text-align: justify;\">\n<li><strong>\u201cAsayi\u015f ve i\u00e7 g\u00fcvenli\u011fin\u201d<\/strong> temini i\u00e7in te\u015fkilatlanma yap\u0131lmal\u0131d\u0131r<\/li>\n<li>D\u0131\u015f g\u00fcvenli\u011fin sa\u011flanmas\u0131 i\u00e7in <span style=\"color: #ff0000;\">\u201c<strong>SAVUNMA<\/strong> <strong>SANAY\u0130 \u00dcRET\u0130M\u0130 \u0130\u015eB\u0130RL\u0130\u011e\u0130<\/strong><strong>\u201d<\/strong> <\/span>olu\u015fturulmal\u0131 ve<span style=\"color: #ff0000;\"> \u201c<strong>SAVUNMA \u0130TT\u0130FAKI\u201d<\/strong><\/span> organize edilmelidir.<\/li>\n<li><span style=\"color: #ff0000;\"><strong>\u201cOrtak d\u0131\u015f politikalar\u0131n\u201d<\/strong><\/span> belirlenmesi ve uygulanmas\u0131 i\u00e7in te\u015fkil\u00e2tlan\u0131lmal\u0131;<\/li>\n<li><span style=\"color: #ff0000;\"><strong>\u201cEkonomik i\u015fbirli\u011fi\u201d<\/strong> <\/span>olu\u015fturulmal\u0131,<\/li>\n<li><strong>\u0130sl\u00e2m \u00dclkeleri Konfederasyonu<\/strong> ve <strong>B\u00f6lgesel \u0130sl\u00e2m \u00dclkeleri Federasyonlar\u0131<\/strong> i\u00e7in \u00fcye devletlerin adalet sistemleri \u00fczerinde <span style=\"color: #ff0000;\"><strong>\u201c\u0130nsan Haklar\u0131\u201d<\/strong><\/span> ve<span style=\"color: #ff0000;\"> <strong>\u201cCeza Mahkemeleri<\/strong>\u201d<\/span>nden olu\u015fan ba\u011f\u0131ms\u0131z <span style=\"color: #ff0000;\">\u201c<strong>YARGI S\u0130STEM\u0130<\/strong><strong>\u201d<\/strong><\/span> kurulmal\u0131d\u0131r.<\/li>\n<\/ul>\n<p style=\"text-align: justify;\"><strong>Bu organizasyonun tamamlanmas\u0131n\u0131 m\u00fcteakip isl\u00e2m birli\u011finin sa\u011fland\u0131\u011f\u0131 s\u00f6ylenebilir.<\/strong><\/p>\n<p style=\"text-align: justify;\"><strong>Birinci Uluslar aras\u0131 ASSAM \u0130sl\u00e2m Birli\u011fi Kongresi sonucunda b\u00f6yle bir MODEL OLU\u015eTURMAK M\u00dcMK\u00dcN OLMU\u015eTUR.<\/strong><\/p>\n<p style=\"text-align: justify;\"><strong>\u00a0<\/strong><\/p>\n<p style=\"text-align: justify;\"><strong>\u00a0<\/strong><\/p>\n<p style=\"text-align: justify;\"><span style=\"color: #ff0000;\"><strong>(SL\u00c2YT-28) <\/strong><\/span><strong>\u0130K\u0130NC\u0130 ULUSLAR ARASI ASSAM \u0130SLAM B\u0130RL\u0130\u011e\u0130 KONGRES\u0130<\/strong><\/p>\n<p style=\"text-align: justify;\"><strong>\u00d6nemsedi\u011fimiz sonu\u00e7lar \u00e7\u0131kan 2. Kongremizden de \u00f6zet olarak bahsetmek istiyorum.<\/strong><\/p>\n<ol style=\"text-align: justify;\" start=\"2\">\n<li><strong> Uluslararas\u0131 ASSAM \u0130slam Birli\u011fi Kongremiz;<\/strong><\/li>\n<\/ol>\n<p style=\"text-align: justify;\"><strong>(01-02 KASIM 2018)<\/strong><strong> tarihinde<\/strong> <span style=\"color: #ff0000;\">\u201c<strong>\u0130SLAM EKONOM\u0130S\u0130 VE EKONOM\u0130K S\u0130STEMLER<\/strong>\u201d<\/span> ana temas\u0131 ile yap\u0131lm\u0131\u015f, Kongrede <strong>15 \u00dclkeden, 66 akademisyen taraf\u0131ndan 57 bildiri sunulmu\u015ftur.<\/strong><\/p>\n<p style=\"text-align: justify;\"><span style=\"color: #ff0000;\"><strong>(SL\u00c2YT -29) <\/strong><\/span><strong>KONGREN\u0130N SONUNDA YAYINLANAN B\u0130LD\u0130RGEDE;<\/strong><\/p>\n<p style=\"text-align: justify;\"><strong>\u0130sl\u00e2m \u00dclkelerinin d\u00fcnya standartlar\u0131n\u0131n \u00fczerinde refah d\u00fczeyine ula\u015fabilmeleri ve ekonomik ba\u011f\u0131ms\u0131zl\u0131klar\u0131n\u0131 kazanabilmeleri i\u00e7in; \u00c7a\u011f\u0131n teknolojisini kullanan, \u00dcretimi te\u015fvik eden, mal ve hizmet m\u00fcbadelesine dayal\u0131, faizsiz, eme\u011fi-sermayeyi-t\u00fcketiciyi koruyan, adil gelir da\u011f\u0131l\u0131m\u0131 sa\u011flayan, k\u00fcresel g\u00fc\u00e7lerin hileli y\u00f6nlendirmelerinden etkilenmeyen, \u00f6zerk para dola\u015f\u0131m sistemine sahip olan, \u0130sl\u00e2m Birli\u011fi yolunda ikinci ad\u0131m olarak, \u0130sl\u00e2mi bir ekonomik sistemin kurulmas\u0131n\u0131n zaruri g\u00f6r\u00fcld\u00fc\u011f\u00fc Bunun i\u00e7in de;<\/strong><\/p>\n<p style=\"text-align: justify;\"><strong>\u00a0<\/strong><\/p>\n<p style=\"text-align: justify;\"><span style=\"color: #ff0000;\"><strong>(SL\u00c2YT-30)<\/strong><\/span><\/p>\n<ul style=\"text-align: justify;\">\n<li>\u0130slam \u00fclkeleri aras\u0131nda <strong>g\u00fcmr\u00fck birli\u011finin<\/strong> tesisi,<\/li>\n<li>\u0130slam \u00fclkeleri aras\u0131nda <strong>ortak pazar\u0131n<\/strong> kurulmas\u0131,<\/li>\n<li>\u0130slam \u00fclkeleri aras\u0131nda <strong>p<\/strong><strong>ara birli\u011finin<\/strong> kabul edilmesi,<\/li>\n<li>Birlik \u00fcyeleri aras\u0131nda <strong>ticaret b\u00f6lgelerinin<\/strong> kurulmas\u0131,<\/li>\n<li><strong>Zek\u00e2t m\u00fcessesine, ortak bir fon halinde<\/strong> devletlerin kontrol\u00fcnde kurumsal bir h\u00fcviyet kazand\u0131r\u0131lmas\u0131,<\/li>\n<li>Birli\u011fe ba\u011fl\u0131 <strong>Ticaret Odas\u0131n\u0131n<\/strong>, <strong>Ticaret mahkemelerinin<\/strong>, <strong>Vak\u0131flar\u0131n<\/strong> kurulmas\u0131,<\/li>\n<li><strong>\u0130slami elektronik dinar para biriminin<\/strong> <strong>(ASR\u0130KA Dinar\u0131)<\/strong> olu\u015fturulmas\u0131,<\/li>\n<\/ul>\n<p style=\"text-align: justify;\"><strong>\u00a0<\/strong><\/p>\n<p style=\"text-align: justify;\"><span style=\"color: #ff0000;\"><strong>(SL\u00c2YT-31)<\/strong><\/span><\/p>\n<ul style=\"text-align: justify;\">\n<li><strong>Ortak Pazar ve ortak \u00fcretim ve AR-GE te\u015fvik fonu<\/strong> olu\u015fturulmas\u0131,<\/li>\n<li><strong>Ortak yat\u0131r\u0131m fonu<\/strong> ile kaynak planlama \u00e7al\u0131\u015fmas\u0131 yap\u0131lmas\u0131,<\/li>\n<li><strong>AR-GE ve \u0130novasyon<\/strong> faaliyetleri i\u00e7in ortak bir kurulu\u015fun olu\u015fturulmas\u0131,<\/li>\n<li>\u0130slam <strong>\u00fclkelerinin maden, enerji, tar\u0131m, ula\u015f\u0131m ve telekom\u00fcnikasyon ile g\u0131da sekt\u00f6rlerinde \u0130slam \u00fclkeleri aras\u0131nda kooperatiflerin-el birli\u011fi sistemlerinin kurulmas\u0131<\/strong> ve <strong>\u0130slami finans<\/strong> kurulu\u015flar\u0131n\u0131n desteklenmesi,<\/li>\n<li><strong>ASR\u0130KA,<\/strong> <strong>BANKALAR ARASI F\u0130NANSAL AKTARMA MERKEZ\u0130<\/strong> (<strong>ASR\u0130KA-BAFAM<\/strong>)\u2019nin kurulmas\u0131,<\/li>\n<\/ul>\n<p style=\"text-align: justify;\"><strong>\u00a0<\/strong><\/p>\n<p style=\"text-align: justify;\"><span style=\"color: #ff0000;\"><strong>(SL\u00c2YT-32)<\/strong><\/span><\/p>\n<ul style=\"text-align: justify;\">\n<li>\u00dcye \u00fclkeler aras\u0131nda <strong>d\u0131\u015f ticaret hacmini artt\u0131rmaya y\u00f6nelik<\/strong> tedbirlerin al\u0131nmas\u0131,<\/li>\n<li>\u0130slam \u00fclkeleri aras\u0131nda, <strong>Ticaret merkezlerinin<\/strong> kurulmas\u0131, <strong>tercihli ticaret anla\u015fmalar\u0131n\u0131n<\/strong> yap\u0131lmas\u0131,<\/li>\n<li>\u0130sl\u00e2m \u00dclkeleri <strong>aras\u0131nda dil, din, tarih bile\u015fkesinde olu\u015fan k\u00fclt\u00fcrel yak\u0131nl\u0131\u011f\u0131n geli\u015ftirilmesi, g\u00fc\u00e7l\u00fc bir siyasi iradenin<\/strong> olu\u015fturulmas\u0131,<\/li>\n<\/ul>\n<p style=\"text-align: justify;\">Gerekti\u011fi deklare edilmi\u015f ve Bildirge<strong>,<\/strong> ASSAM WEB Sitesinde D\u00fcnya Kamuoyunun hizmetine sunulmu\u015ftur.<\/p>\n<p style=\"text-align: justify;\">\u00a0<\/p>\n<p style=\"text-align: justify;\"><strong>\u00a0<\/strong><\/p>\n<p style=\"text-align: justify;\"><span style=\"color: #ff0000;\"><strong>(SL\u00c2YT-33) <\/strong><\/span><strong>\u00dc\u00c7\u00dcNC\u00dc ULUSLAR ARASI ASSAM \u0130SL\u00c2M B\u0130RL\u0130\u011e\u0130 KONGRES\u0130<\/strong><\/p>\n<p style=\"text-align: justify;\"><strong>\u00a0\u00d6nemli sonu\u00e7lara vesile olan 3. Kongremizden de \u00f6zet olarak bahsetmek istiyorum. <\/strong><\/p>\n<p style=\"text-align: justify;\">Kongremiz;<\/p>\n<p style=\"text-align: justify;\"><strong>(19-20 Aral\u0131k 2019) tarihinde <\/strong><span style=\"color: #ff0000;\">\u201c<strong>\u0130SL\u00c2M B\u0130RL\u0130\u011e\u0130 \u0130\u00c7\u0130N ORTAK SAVUNMA SANAY\u0130 \u00dcRET\u0130M\u0130N\u0130N USUL VE ESASLARIN\u0130N TESP\u0130T\u0130<\/strong>\u201d<\/span><strong> ba\u015fl\u0131\u011f\u0131nda, <span style=\"color: #ff0000;\">\u201cASR\u0130KA ORTAK SAVUNMA SANAY\u0130 \u00dcRET\u0130M\u0130<\/span><\/strong><span style=\"color: #ff0000;\">\u201d<\/span> ana temas\u0131nda, 45 \u0130sl\u00e2m \u00fclkesinden temsilcilerin kat\u0131l\u0131m\u0131yla icra edilmi\u015f ve Kongrede <strong>10 \u00fclkeden 45 akademisyen taraf\u0131ndan 44 <\/strong><strong>bildiri sunulmu\u015ftur.<\/strong><\/p>\n<p style=\"text-align: justify;\">\u00a0<\/p>\n<p style=\"text-align: justify;\"><span style=\"color: #ff0000;\"><strong>(SL\u00c2YT-34) <\/strong><\/span><strong>KONGRE SONUNDA, Ba\u011f\u0131ms\u0131zl\u0131\u011f\u0131n ve egemen g\u00fc\u00e7 olman\u0131n ba\u015fta gelen \u015fartlar\u0131ndan birinin de \u00dcLKELER\u0130N KULLANDIKLARI S\u0130LAHLARIN KEND\u0130LER\u0130 taraf\u0131ndan \u00fcretilme zaruretinden hareketle; <\/strong><\/p>\n<ul style=\"text-align: justify;\">\n<li><strong>ASR\u0130KA \u0130slam Devletleri Konfederasyonu Kabinesinde<\/strong>, <strong>SAVUNMA SANAY\u0130 BAKANLI\u011eI\u2019NIN be\u015f bakanl\u0131ktan birisi olmas\u0131n\u0131n ve merkeze ba\u011fl\u0131 yans\u0131da g\u00f6r\u00fclen 9 alt bitimden olu\u015fmas\u0131n\u0131n,<\/strong><\/li>\n<\/ul>\n<p style=\"text-align: justify;\">\u00a0<\/p>\n<ul style=\"text-align: justify;\">\n<li><strong>SAVUNMA SANAY\u0130 \u0130LE \u0130LG\u0130L\u0130;<span style=\"color: #ff0000;\"> (SL\u00c2YT-35)<\/span><\/strong>\n<ul>\n<li><strong>\u00dcr\u00fcn envanterleri, <\/strong><\/li>\n<li><strong>\u0130htiya\u00e7lar\u0131n tespiti, <\/strong><\/li>\n<li><strong>Depolama ve Da\u011f\u0131t\u0131m\u0131, <\/strong><\/li>\n<li><strong>Yenile\u015ftirme, <\/strong><\/li>\n<li><strong>Modernizasyon, <\/strong><\/li>\n<li><strong>HEK-\u2019e <\/strong><em>(Hurda \u2013 Enkaz \u2013 K\u00f6hne Malzemeye)<\/em><strong> ay\u0131rma, <\/strong><\/li>\n<li><strong>Geri Kazan\u0131m ve D\u00f6n\u00fc\u015f\u00fcm <\/strong><\/li>\n<\/ul>\n<\/li>\n<\/ul>\n<p style=\"text-align: justify;\"><strong>Faaliyetlerinin Savunma Sanayi Bakanl\u0131\u011f\u0131nca yap\u0131lmas\u0131n\u0131n;<\/strong><\/p>\n<ul style=\"text-align: justify;\">\n<li><span style=\"color: #ff0000;\"><strong>(SL\u00c2YT-36)<\/strong><\/span><strong> SAVUNMA SANAY\u0130 BAKANLI\u011eI<\/strong>\u2019na ba\u011fl\u0131 olarak<strong>, Dokuz<\/strong> <strong>B\u00f6lgesel \u0130sl\u00e2m \u00dclkeleri Federasyonlar\u0131nda <span style=\"color: #ff0000;\">\u201cSAVUNMA SANAY\u0130 BA\u015eKANLIKLARI\u201d<\/span>, bu ba\u015fkanl\u0131klara ba\u011fl\u0131 olarak Milli Devletlerin b\u00fcnyesinde de <span style=\"color: #ff0000;\">\u201cSAVUNMA SANAY\u0130 BA\u015eKANLIKLARI\u201d<\/span> Kurulmas\u0131n\u0131n,<\/strong><\/li>\n<li><strong>Kara, Deniz, Hava, Hava Savunma, Uzay, Siber ve Elektronik Savunma Sanayi \u00fcr\u00fcnlerinin \u00fcretimi ile ilgili; <\/strong>\n<ul>\n<li><strong>ANA Y\u00dcKLEN\u0130C\u0130LER\u0130N \u201cB\u00f6lgesel \u0130sl\u00e2m Devletleri Federasyonlar\u0131\u201dna; <\/strong><\/li>\n<li><strong>ALT Y\u00dcKLEN\u0130C\u0130LER\u0130N de, Milli Devletlere taksim edilmesinin,<\/strong><\/li>\n<\/ul>\n<\/li>\n<\/ul>\n<p style=\"text-align: justify;\"><strong>\u00a0<\/strong><\/p>\n<ul style=\"text-align: justify;\">\n<li><strong><span style=\"color: #ff0000;\">(SL\u00c2YT-37<\/span>)<\/strong><strong> Savunma Sanayi \u00dcretimi ANA VE ALT Y\u00dcKLEN\u0130C\u0130LER\u0130N\u0130N B\u00d6LGELER\u0130NDE, \u00fcretimini yapt\u0131\u011f\u0131 Savunma Sanayi \u00dcr\u00fcn\u00fc ile ilgili; <\/strong>\n<ul>\n<li><strong>AR-GE, <\/strong><\/li>\n<li><strong>STANDARD\u0130ZASYON, <\/strong><\/li>\n<li><strong>SERT\u0130F\u0130KASYON, <\/strong><\/li>\n<li><strong>AKRED\u0130TASYON, <\/strong><\/li>\n<li><strong>KOD\u0130F\u0130KASYON ve <\/strong><\/li>\n<li><strong>BAKIM ONARIM<\/strong><\/li>\n<\/ul>\n<\/li>\n<\/ul>\n<p style=\"text-align: justify;\"><strong>Merkezlerinin te\u015fkil edilmesinin, <\/strong><\/p>\n<p style=\"text-align: justify;\"><strong>\u00a0<\/strong><\/p>\n<ul style=\"text-align: justify;\">\n<li><strong><span style=\"color: #ff0000;\">(SL\u00c2YT-38)<\/span> Savunma Sanayi Ana ve Alt y\u00fcklenici g\u00f6revi verilen B\u00f6lgesel \u0130sl\u00e2m Federasyonlar\u0131na ve Milli Devletlere tahsis edilen Savunma Sanayi \u00fcr\u00fcnleri ile ilgili Meslek Liseleri, Meslek Y\u00fcksek Okullar\u0131 ve \u00dcniversitelerde Ana Bilim Dallar\u0131 ihdas edilmesinin,<\/strong><\/li>\n<\/ul>\n<p style=\"text-align: justify;\"><strong>Uygun oldu\u011fu belirtilmi\u015f VE HAZIRLANAN B\u0130LD\u0130RGELER ASSAM WEB S\u0130TES\u0130NDE D\u00fcnya Kamuoyunun hizmetine sunulmu\u015ftur.<\/strong><\/p>\n<p style=\"text-align: justify;\">\u00a0<\/p>\n<p style=\"text-align: justify;\">*************************************************************************<\/p>\n<p style=\"text-align: justify;\">\u00a0<\/p>\n<p style=\"text-align: justify;\"><strong>D\u00d6RD\u00dcNC\u00dc KONGRE HAKKINDA B\u0130LG\u0130<\/strong><\/p>\n<p style=\"text-align: justify;\"><strong>\u0130lk \u00fc\u00e7 Kongremiz hakk\u0131nda bilgi sunduktan sonra 4. Kongremizden beklentilerimizi de ifade etmek isterim, <\/strong><\/p>\n<p style=\"text-align: justify;\"><strong>Kongremiz; <\/strong><span style=\"color: #ff0000;\"><strong>(SLAYT-39)<\/strong><\/span><\/p>\n<p style=\"text-align: justify;\"><strong>\u00a0<\/strong><\/p>\n<p style=\"text-align: justify;\"><strong>\u0130SL\u00c2M B\u0130RL\u0130\u011e\u0130 \u0130\u00c7\u0130N ORTAK SAVUNMA S\u0130STEM\u0130 USUL VE ESASLARI<\/strong><\/p>\n<p style=\"text-align: justify;\"><strong>Ana konusunda<\/strong><\/p>\n<p style=\"text-align: justify;\"><strong>\u00ab<\/strong><strong> ASR\u0130KA KONFEDERASYONU SAVUNMA S\u0130STEM\u0130 \u00bb<\/strong><\/p>\n<p style=\"text-align: justify;\"><strong>Ba\u015fl\u0131\u011f\u0131 alt\u0131nda incelenecektir.<\/strong><\/p>\n<p style=\"text-align: justify;\">\u00a0<\/p>\n<p style=\"text-align: justify;\"><strong>Kongremiz; <span style=\"color: #ff0000;\">(SL\u00c2YT-40)<\/span><\/strong><\/p>\n<ul style=\"text-align: justify;\">\n<li><strong>Online<\/strong> olarak <strong>telekonferans<\/strong> y\u00f6ntemi ile yap\u0131lmaktad\u0131r,<\/li>\n<li><strong>T\u00fcrk\u00e7e, \u0130ngilizce ve Arap\u00e7a<\/strong> dillerinde yay\u0131nlanmaktad\u0131r.<\/li>\n<li>Bildiri sunumlar\u0131 an\u0131nda (sim\u00fcltane) terc\u00fcme edilmektedir.<\/li>\n<li><strong>Bildiri \u00f6zetleri ve bildiriler<\/strong> kitap haline getirilerek <strong>ASSAM WEB<\/strong> Sitesine yerle\u015ftirilecektir.<\/li>\n<li>Bildiriler de ayr\u0131ca <strong>ASSAM Uluslararas\u0131<\/strong> <strong>Hakemli Dergide<\/strong> (ASSAM-UHAD), elektronik ortamda yay\u0131nlanacakt\u0131r.<\/li>\n<li>\u0130craya d\u00f6n\u00fck olarak haz\u0131rlanacak <strong>Kongre Sonu\u00e7 Raporlar\u0131<\/strong> da <strong>karar verici mekanizmalara<\/strong> ve \u0130sl\u00e2m D\u00fcnyas\u0131ndan t\u00fcm <strong>davetli ve kat\u0131l\u0131mc\u0131lara<\/strong> g\u00f6nderilecek ve <strong>ASSAM WEB Sitesinde<\/strong> konulacakt\u0131r.<\/li>\n<\/ul>\n<p style=\"text-align: justify;\">\u00a0<\/p>\n<p style=\"text-align: justify;\"><strong>Kongrenin Amac\u0131;<span style=\"color: #ff0000;\"> (SL\u00c2YT-41)<\/span><\/strong><\/p>\n<p style=\"text-align: justify;\"><strong>KONFEDERASYON merkezinden y\u00fcr\u00fct\u00fclecek Ortak savunma sistemi ile Konfederasyona ba\u011fl\u0131 DOKUZ FEDERAL B\u00d6LGE ve bu FEDERAL B\u00d6LGELERE BA\u011eLI M\u0130LL\u0130 DEVLETLERDE KURULACAK MUTASAVVER SAVUNMA S\u0130STEM\u0130N\u0130N <\/strong><span style=\"color: #ff0000;\"><strong>USUL VE ESASLARINI TESP\u0130T <\/strong><\/span><strong>etmektir.<\/strong><\/p>\n<p style=\"text-align: justify;\"><strong>\u00a0<\/strong><\/p>\n<p style=\"text-align: justify;\"><strong>KONGREDE; <span style=\"color: #ff0000;\">(SL\u00c2YT-42)<\/span><\/strong><\/p>\n<ol style=\"text-align: justify;\">\n<li><strong>ASR\u0130KA \u0130slam \u00dclkelerinin Jeopolitik Durumunun De\u011ferlendirilmesi <\/strong><\/li>\n<li><strong>K\u00fcresel G\u00fc\u00e7lerin <\/strong><em>(ABD, Rusya, \u00c7in, \u0130ngiltere, Fransa)<\/em><strong> Savunma Organizasyonlar\u0131 ve \u0130slam \u00dclkelerindeki Faaliyetleri <\/strong>\n<ol style=\"list-style-type: lower-alpha;\">\n<li><strong> Askeri \u00dcsler, <\/strong><\/li>\n<li><strong>\u00d6zel Askeri \u015eirketler (\u00d6A\u015e),<\/strong><\/li>\n<li><strong>Kulland\u0131\u011f\u0131 \u00d6rg\u00fctler ve Vek\u00e2let Sava\u015flar\u0131<\/strong><\/li>\n<\/ol>\n<\/li>\n<li><strong>\u0130slam \u00dclkelerinin<\/strong>\n<ol style=\"list-style-type: lower-alpha;\">\n<li><strong>Savunma Organizasyonlar\u0131, <\/strong><\/li>\n<li><strong>Askeri G\u00fc\u00e7leri<\/strong>\n<ol style=\"list-style-type: lower-roman;\">\n<li>Kara Kuvvetleri<\/li>\n<li>Deniz Kuvvetleri<\/li>\n<li>Hava Kuvvetleri<\/li>\n<li>Hava Savunma Kuvvetleri<\/li>\n<li>\u00d6zel Kuvvetler<\/li>\n<li>Siber G\u00fcvenlik<\/li>\n<li>Havac\u0131l\u0131k ve Uzay Kuvvetleri<\/li>\n<\/ol>\n<\/li>\n<li><strong>Envanterlerindeki Harp \u2013 Silah \u2013 Ara\u00e7lar\u0131n\u0131n men\u015fei.<\/strong><\/li>\n<\/ol>\n<\/li>\n<li><strong>Osmanl\u0131 D\u00f6nemi Savunma Organizasyonu,<\/strong><\/li>\n<li><strong>D\u00fcnya \u00dczerindeki Savunma \u0130ttifaklar\u0131n\u0131n \u0130ncelenmesi<\/strong>\n<ol style=\"list-style-type: lower-alpha;\">\n<li>NATO,<\/li>\n<li>Ba\u011f\u0131ms\u0131z Devletler Toplulu\u011fu<\/li>\n<li>AB Savunma Organizasyonu<\/li>\n<li>Afrika Birli\u011fi Savunma Organizasyonu<\/li>\n<\/ol>\n<\/li>\n<li><strong>ASR\u0130KA \u0130slam \u00dclkeleri Konfederasyonu \u0130deal Savunma Organizasyon Modeli (Bir Hal Tarz\u0131)<\/strong>\n<ol style=\"list-style-type: lower-alpha;\">\n<li><strong>ASR\u0130KA Savunma Bakanl\u0131\u011f\u0131n\u0131n Organizasyonu<\/strong> <em>(Kara Kuvvetleri, Deniz Kuvvetleri, Hava Kuvvetleri, Hava Savunma Kuvvetleri, \u00d6zel Kuvvetler, Siber G\u00fcvenlik, Havac\u0131l\u0131k ve Uzay Kuvvetleri)<\/em><\/li>\n<li><strong>Konfederasyon Savunma Bakanl\u0131\u011f\u0131n\u0131n, B\u00f6lgesel \u0130slam \u00dclkelerindeki Savunma Organizasyonlar\u0131<\/strong> <em>(Kara Kuvvetleri, Deniz Kuvvetleri, Hava Kuvvetleri, Hava Savunma Kuvvetleri, \u00d6zel Kuvvetler Siber G\u00fcvenlik, Havac\u0131l\u0131k ve Uzay Kuvvetleri)<\/em><\/li>\n<li><strong>Milli Devletlerin, Konfederasyon Savunma Bakanl\u0131\u011f\u0131na Ba\u011fl\u0131 Savunma Organizasyonlar\u0131<\/strong> <em>(Kara Kuvvetleri, Deniz Kuvvetleri, Hava Kuvvetleri, Hava Savunma Kuvvetleri, \u00d6zel Kuvvetler, Siber G\u00fcvenlik, Havac\u0131l\u0131k ve Uzay Kuvvetleri)<\/em><\/li>\n<\/ol>\n<\/li>\n<\/ol>\n<p style=\"text-align: justify;\"><strong><span style=\"color: #ff0000;\">Konular\u0131nda \u0130ncelenme ve de\u011ferlendirmeler yap\u0131larak,\u00a0 KONGRE sonunda ASR\u0130KA \u0130sl\u00e2m \u00dclkeleri Konfederasyonu i\u00e7in ideal bir model ortaya \u00e7\u0131karmakt\u0131r.<\/span> <\/strong><\/p>\n<p style=\"text-align: justify;\"><strong>\u00a0<\/strong><\/p>\n<p style=\"text-align: justify;\"><span style=\"color: #ff0000;\"><strong>(SL\u00c2YT-43) <\/strong><\/span><strong>4. UUSLARARASI ASSAM \u0130SL\u00c2M B\u0130R\u0130\u011e\u0130 KONGREM\u0130ZDEN SONRA TAK\u0130P EDEN HER YIL;<\/strong><\/p>\n<ul style=\"text-align: justify;\">\n<li><strong>M\u00fc\u015fterek D\u0131\u015f Politika, <\/strong><\/li>\n<li><strong>M\u00fc\u015fterek Adalet Sistemi, <\/strong><\/li>\n<li><strong>Ortak Asayi\u015f ve G\u00fcvenlik,<\/strong><\/li>\n<\/ul>\n<p style=\"text-align: justify;\">Konular\u0131n\u0131 s\u0131ra ile i\u015fleyerek <strong>2023 y\u0131l\u0131 sonunda \u0130SL\u00c2M \u00dcLKELER\u0130N\u0130 B\u0130R \u0130RADE ALTINDA TOPLAYACAK B\u0130R MODEL\u0130 ORTAYA KOYMAYI HEDEFLEMEKTEY\u0130Z<\/strong>.<\/p>\n<p style=\"text-align: justify;\">\u00a0<\/p>\n<p style=\"text-align: justify;\">Bizi bu etkinli\u011fimizde yaln\u0131z b\u0131rakmayarak destek veren Siz de\u011ferli konuklar\u0131m\u0131za, bilimsel katk\u0131 veren \u00dcniversitelerimiz ve Sivil Toplum Kurulu\u015flar\u0131m\u0131za, tekrar te\u015fekk\u00fcr eder, Kongremizin hay\u0131rlara vesile olmas\u0131n\u0131 diler, selam ve sayg\u0131lar\u0131m\u0131 sunar\u0131m.<\/p>\n<p style=\"text-align: justify;\">\u00a0<\/p>\n<p style=\"text-align: justify;\">\u00a0<\/p>\n<p style=\"text-align: right;\">Adnan Tanr\u0131verdi<\/p>\n<p style=\"text-align: right;\">ASSAM Ynt. Krl. B\u015fk.<\/p>\n<p style=\"text-align: justify;\">\u00a0<\/p>\n<p style=\"text-align: justify;\">\u00a0<\/p>\n<p style=\"text-align: justify;\">ASSAM Y\u00f6netim Kurulu Ba\u015fkan\u0131 Adnan Tanr\u0131verdi&#8217;nin A\u00e7\u0131\u015f Konu\u015fmas\u0131na ula\u015fmak i\u00e7in <a href=\"tr\/kongre\/assam-kongre-2020\/adnan-tanriverdi-acis-konusmasi\/item\/download\/148_bf3aa12a9645c1236f76638667cf0cdf.html\" target=\"_blank\" rel=\"noopener noreferrer\">t\u0131klay\u0131n\u0131z.<\/a><\/p>\n<p style=\"text-align: justify;\">\u00a0<\/p>\n<p style=\"text-align: justify;\">\u00a0<\/p>\n<p style=\"text-align: justify;\"><a href=\"#_ftnref1\" name=\"_ftn1\">[1]<\/a> <a href=\"http:\/\/www.pigm.gov.tr\/dunya_ham_petrol_ve_dogalgaz_rezervleri.php\" target=\"_blank\" rel=\"noopener noreferrer\">http:\/\/www.pigm.gov.tr\/dunya_ham_petrol_ve_dogalgaz_rezervleri.php<\/a><\/p>\n","protected":false},"excerpt":{"rendered":"<p>ULUSLARARASI ASSAM \u0130SLAM B\u0130RL\u0130\u011e\u0130 KONGRES\u0130 A\u00c7I\u015e KONU\u015eMASI 12 ARALIK Adnan TANRIVERD\u0130 \u00a0 SELAMLAMA: (Slayt-1 )(Slaytlar\u0131n bulundu\u011fu\u00a0a\u00e7\u0131\u015f konu\u015fmas\u0131 sunumuna ula\u015fmak i\u00e7in\u00a0t\u0131klay\u0131n\u0131z.) Bismillahirrahmanirrahim. Elhamd\u00fclillahi Rabbil \u00c2lemin vel ak\u0131bet-\u00fcl m\u00fcttekiym. Vesselat\u00fc vesselam\u00fc al\u00e2 seyyidina ve nebiyyina Muhammedin ve \u00e2lihi ve sahbihi ecmain. ABD, \u00a0Banglade\u015f, Bosna Hersek, Burkina Faso, Filistin, \u00c7ad, Irak, Katar, KKTC, Libya, Malezya,\u00a0 M\u0131s\u0131r , Nijer, [&hellip;]<\/p>\n","protected":false},"author":13,"featured_media":938,"comment_status":"open","ping_status":"open","sticky":false,"template":"","format":"standard","meta":{"_acf_changed":false,"footnotes":""},"categories":[298],"tags":[350,509,507,404,508,506,505,504],"class_list":["post-941","post","type-post","status-publish","format-standard","has-post-thumbnail","hentry","category-4th-congress-tr","tag-adnan-tanriverdi","tag-ali-karadagi","tag-ali-kurt","tag-asrika","tag-elman-nesirov","tag-kazim-uysal","tag-mehmet-zelka","tag-nevzat-tarhan"],"acf":[],"yoast_head":"<!-- This site is optimized with the Yoast SEO plugin v26.0 - https:\/\/yoast.com\/wordpress\/plugins\/seo\/ -->\n<title>IV. Kongre A\u00e7\u0131\u015f Konu\u015fmas\u0131 - ASSAM Congress<\/title>\n<meta name=\"robots\" content=\"index, follow, max-snippet:-1, max-image-preview:large, max-video-preview:-1\" \/>\n<link rel=\"canonical\" href=\"https:\/\/assamcongress.com\/tr\/iv-kongre-acis-konusmasi\/\" \/>\n<meta property=\"og:locale\" content=\"tr_TR\" \/>\n<meta property=\"og:type\" content=\"article\" \/>\n<meta property=\"og:title\" content=\"IV. Kongre A\u00e7\u0131\u015f Konu\u015fmas\u0131 - ASSAM Congress\" \/>\n<meta property=\"og:description\" content=\"ULUSLARARASI ASSAM \u0130SLAM B\u0130RL\u0130\u011e\u0130 KONGRES\u0130 A\u00c7I\u015e KONU\u015eMASI 12 ARALIK Adnan TANRIVERD\u0130 \u00a0 SELAMLAMA: (Slayt-1 )(Slaytlar\u0131n bulundu\u011fu\u00a0a\u00e7\u0131\u015f konu\u015fmas\u0131 sunumuna ula\u015fmak i\u00e7in\u00a0t\u0131klay\u0131n\u0131z.) Bismillahirrahmanirrahim. Elhamd\u00fclillahi Rabbil \u00c2lemin vel ak\u0131bet-\u00fcl m\u00fcttekiym. Vesselat\u00fc vesselam\u00fc al\u00e2 seyyidina ve nebiyyina Muhammedin ve \u00e2lihi ve sahbihi ecmain. ABD, \u00a0Banglade\u015f, Bosna Hersek, Burkina Faso, Filistin, \u00c7ad, Irak, Katar, KKTC, Libya, Malezya,\u00a0 M\u0131s\u0131r , Nijer, [&hellip;]\" \/>\n<meta property=\"og:url\" content=\"https:\/\/assamcongress.com\/tr\/iv-kongre-acis-konusmasi\/\" \/>\n<meta property=\"og:site_name\" content=\"ASSAM Congress\" \/>\n<meta property=\"article:publisher\" content=\"https:\/\/facebook.com\/assamcongresses\" \/>\n<meta property=\"article:published_time\" content=\"2020-12-14T09:18:45+00:00\" \/>\n<meta property=\"og:image\" content=\"https:\/\/assamcongress.com\/wp-content\/uploads\/2020\/12\/1.jpg\" \/>\n\t<meta property=\"og:image:width\" content=\"616\" \/>\n\t<meta property=\"og:image:height\" content=\"371\" \/>\n\t<meta property=\"og:image:type\" content=\"image\/jpeg\" \/>\n<meta name=\"author\" content=\"ASSAM Web Admin\" \/>\n<meta name=\"twitter:card\" content=\"summary_large_image\" \/>\n<meta name=\"twitter:creator\" content=\"@assamcongresses\" \/>\n<meta name=\"twitter:site\" content=\"@assamcongresses\" \/>\n<meta name=\"twitter:label1\" content=\"Yazan:\" \/>\n\t<meta name=\"twitter:data1\" content=\"ASSAM Web Admin\" \/>\n\t<meta name=\"twitter:label2\" content=\"Tahmini okuma s\u00fcresi\" \/>\n\t<meta name=\"twitter:data2\" content=\"20 dakika\" \/>\n<script type=\"application\/ld+json\" class=\"yoast-schema-graph\">{\"@context\":\"https:\/\/schema.org\",\"@graph\":[{\"@type\":\"Article\",\"@id\":\"https:\/\/assamcongress.com\/tr\/iv-kongre-acis-konusmasi\/#article\",\"isPartOf\":{\"@id\":\"https:\/\/assamcongress.com\/tr\/iv-kongre-acis-konusmasi\/\"},\"author\":{\"name\":\"ASSAM Web Admin\",\"@id\":\"https:\/\/assamcongress.com\/tr\/#\/schema\/person\/88ab876df3f064629243273a9d94ceed\"},\"headline\":\"IV. Kongre A\u00e7\u0131\u015f Konu\u015fmas\u0131\",\"datePublished\":\"2020-12-14T09:18:45+00:00\",\"mainEntityOfPage\":{\"@id\":\"https:\/\/assamcongress.com\/tr\/iv-kongre-acis-konusmasi\/\"},\"wordCount\":4026,\"commentCount\":0,\"publisher\":{\"@id\":\"https:\/\/assamcongress.com\/tr\/#organization\"},\"image\":{\"@id\":\"https:\/\/assamcongress.com\/tr\/iv-kongre-acis-konusmasi\/#primaryimage\"},\"thumbnailUrl\":\"https:\/\/assamcongress.com\/download\/2020\/12\/1.jpg\",\"keywords\":[\"adnan tanr\u0131verdi\",\"Ali Karada\u011fi\",\"Ali Kurt\",\"asrika\",\"Elman Nesirov\",\"Kaz\u0131m Uysal\",\"Mehmet Zelka\",\"NEVZAT TARHAN\"],\"articleSection\":[\"4th Congress\"],\"inLanguage\":\"tr\"},{\"@type\":\"WebPage\",\"@id\":\"https:\/\/assamcongress.com\/tr\/iv-kongre-acis-konusmasi\/\",\"url\":\"https:\/\/assamcongress.com\/tr\/iv-kongre-acis-konusmasi\/\",\"name\":\"IV. Kongre A\u00e7\u0131\u015f Konu\u015fmas\u0131 - ASSAM Congress\",\"isPartOf\":{\"@id\":\"https:\/\/assamcongress.com\/tr\/#website\"},\"primaryImageOfPage\":{\"@id\":\"https:\/\/assamcongress.com\/tr\/iv-kongre-acis-konusmasi\/#primaryimage\"},\"image\":{\"@id\":\"https:\/\/assamcongress.com\/tr\/iv-kongre-acis-konusmasi\/#primaryimage\"},\"thumbnailUrl\":\"https:\/\/assamcongress.com\/download\/2020\/12\/1.jpg\",\"datePublished\":\"2020-12-14T09:18:45+00:00\",\"breadcrumb\":{\"@id\":\"https:\/\/assamcongress.com\/tr\/iv-kongre-acis-konusmasi\/#breadcrumb\"},\"inLanguage\":\"tr\",\"potentialAction\":[{\"@type\":\"ReadAction\",\"target\":[\"https:\/\/assamcongress.com\/tr\/iv-kongre-acis-konusmasi\/\"]}]},{\"@type\":\"ImageObject\",\"inLanguage\":\"tr\",\"@id\":\"https:\/\/assamcongress.com\/tr\/iv-kongre-acis-konusmasi\/#primaryimage\",\"url\":\"https:\/\/assamcongress.com\/download\/2020\/12\/1.jpg\",\"contentUrl\":\"https:\/\/assamcongress.com\/download\/2020\/12\/1.jpg\",\"width\":616,\"height\":371},{\"@type\":\"BreadcrumbList\",\"@id\":\"https:\/\/assamcongress.com\/tr\/iv-kongre-acis-konusmasi\/#breadcrumb\",\"itemListElement\":[{\"@type\":\"ListItem\",\"position\":1,\"name\":\"Home\",\"item\":\"https:\/\/assamcongress.com\/tr\/\"},{\"@type\":\"ListItem\",\"position\":2,\"name\":\"IV. Kongre A\u00e7\u0131\u015f Konu\u015fmas\u0131\"}]},{\"@type\":\"WebSite\",\"@id\":\"https:\/\/assamcongress.com\/tr\/#website\",\"url\":\"https:\/\/assamcongress.com\/tr\/\",\"name\":\"ASSAM International Congresses\",\"description\":\"Adaleti Savunanlar Stratejik Ara\u015ft\u0131rmalar Merkezi\",\"publisher\":{\"@id\":\"https:\/\/assamcongress.com\/tr\/#organization\"},\"potentialAction\":[{\"@type\":\"SearchAction\",\"target\":{\"@type\":\"EntryPoint\",\"urlTemplate\":\"https:\/\/assamcongress.com\/tr\/?s={search_term_string}\"},\"query-input\":{\"@type\":\"PropertyValueSpecification\",\"valueRequired\":true,\"valueName\":\"search_term_string\"}}],\"inLanguage\":\"tr\"},{\"@type\":\"Organization\",\"@id\":\"https:\/\/assamcongress.com\/tr\/#organization\",\"name\":\"ASSAM - Justice Defenders Strategic Studies Center\",\"url\":\"https:\/\/assamcongress.com\/tr\/\",\"logo\":{\"@type\":\"ImageObject\",\"inLanguage\":\"tr\",\"@id\":\"https:\/\/assamcongress.com\/tr\/#\/schema\/logo\/image\/\",\"url\":\"https:\/\/assamcongress.com\/download\/2025\/09\/ASSAM-Logo-2023-1-scaled.png\",\"contentUrl\":\"https:\/\/assamcongress.com\/download\/2025\/09\/ASSAM-Logo-2023-1-scaled.png\",\"width\":2560,\"height\":2560,\"caption\":\"ASSAM - Justice Defenders Strategic Studies Center\"},\"image\":{\"@id\":\"https:\/\/assamcongress.com\/tr\/#\/schema\/logo\/image\/\"},\"sameAs\":[\"https:\/\/facebook.com\/assamcongresses\",\"https:\/\/x.com\/assamcongresses\",\"https:\/\/linkedin.com\/showcase\/assamcongresses\",\"http:\/\/youtube.com\/ASSAMCongress\",\"https:\/\/sosyal.teknofest.app\/@assam_der\"]},{\"@type\":\"Person\",\"@id\":\"https:\/\/assamcongress.com\/tr\/#\/schema\/person\/88ab876df3f064629243273a9d94ceed\",\"name\":\"ASSAM Web Admin\",\"image\":{\"@type\":\"ImageObject\",\"inLanguage\":\"tr\",\"@id\":\"https:\/\/assamcongress.com\/tr\/#\/schema\/person\/image\/\",\"url\":\"https:\/\/secure.gravatar.com\/avatar\/b64b9f9a11c3402664510c42229973ea79f05e8f86997d5123fb1c02cf533ea4?s=96&d=mm&r=g\",\"contentUrl\":\"https:\/\/secure.gravatar.com\/avatar\/b64b9f9a11c3402664510c42229973ea79f05e8f86997d5123fb1c02cf533ea4?s=96&d=mm&r=g\",\"caption\":\"ASSAM Web Admin\"},\"url\":\"https:\/\/assamcongress.com\/tr\/author\/assamkongre\/\"}]}<\/script>\n<!-- \/ Yoast SEO plugin. -->","yoast_head_json":{"title":"IV. Kongre A\u00e7\u0131\u015f Konu\u015fmas\u0131 - ASSAM Congress","robots":{"index":"index","follow":"follow","max-snippet":"max-snippet:-1","max-image-preview":"max-image-preview:large","max-video-preview":"max-video-preview:-1"},"canonical":"https:\/\/assamcongress.com\/tr\/iv-kongre-acis-konusmasi\/","og_locale":"tr_TR","og_type":"article","og_title":"IV. Kongre A\u00e7\u0131\u015f Konu\u015fmas\u0131 - ASSAM Congress","og_description":"ULUSLARARASI ASSAM \u0130SLAM B\u0130RL\u0130\u011e\u0130 KONGRES\u0130 A\u00c7I\u015e KONU\u015eMASI 12 ARALIK Adnan TANRIVERD\u0130 \u00a0 SELAMLAMA: (Slayt-1 )(Slaytlar\u0131n bulundu\u011fu\u00a0a\u00e7\u0131\u015f konu\u015fmas\u0131 sunumuna ula\u015fmak i\u00e7in\u00a0t\u0131klay\u0131n\u0131z.) Bismillahirrahmanirrahim. Elhamd\u00fclillahi Rabbil \u00c2lemin vel ak\u0131bet-\u00fcl m\u00fcttekiym. Vesselat\u00fc vesselam\u00fc al\u00e2 seyyidina ve nebiyyina Muhammedin ve \u00e2lihi ve sahbihi ecmain. ABD, \u00a0Banglade\u015f, Bosna Hersek, Burkina Faso, Filistin, \u00c7ad, Irak, Katar, KKTC, Libya, Malezya,\u00a0 M\u0131s\u0131r , Nijer, [&hellip;]","og_url":"https:\/\/assamcongress.com\/tr\/iv-kongre-acis-konusmasi\/","og_site_name":"ASSAM Congress","article_publisher":"https:\/\/facebook.com\/assamcongresses","article_published_time":"2020-12-14T09:18:45+00:00","og_image":[{"width":616,"height":371,"url":"https:\/\/assamcongress.com\/wp-content\/uploads\/2020\/12\/1.jpg","type":"image\/jpeg"}],"author":"ASSAM Web Admin","twitter_card":"summary_large_image","twitter_creator":"@assamcongresses","twitter_site":"@assamcongresses","twitter_misc":{"Yazan:":"ASSAM Web Admin","Tahmini okuma s\u00fcresi":"20 dakika"},"schema":{"@context":"https:\/\/schema.org","@graph":[{"@type":"Article","@id":"https:\/\/assamcongress.com\/tr\/iv-kongre-acis-konusmasi\/#article","isPartOf":{"@id":"https:\/\/assamcongress.com\/tr\/iv-kongre-acis-konusmasi\/"},"author":{"name":"ASSAM Web Admin","@id":"https:\/\/assamcongress.com\/tr\/#\/schema\/person\/88ab876df3f064629243273a9d94ceed"},"headline":"IV. Kongre A\u00e7\u0131\u015f Konu\u015fmas\u0131","datePublished":"2020-12-14T09:18:45+00:00","mainEntityOfPage":{"@id":"https:\/\/assamcongress.com\/tr\/iv-kongre-acis-konusmasi\/"},"wordCount":4026,"commentCount":0,"publisher":{"@id":"https:\/\/assamcongress.com\/tr\/#organization"},"image":{"@id":"https:\/\/assamcongress.com\/tr\/iv-kongre-acis-konusmasi\/#primaryimage"},"thumbnailUrl":"https:\/\/assamcongress.com\/download\/2020\/12\/1.jpg","keywords":["adnan tanr\u0131verdi","Ali Karada\u011fi","Ali Kurt","asrika","Elman Nesirov","Kaz\u0131m Uysal","Mehmet Zelka","NEVZAT TARHAN"],"articleSection":["4th Congress"],"inLanguage":"tr"},{"@type":"WebPage","@id":"https:\/\/assamcongress.com\/tr\/iv-kongre-acis-konusmasi\/","url":"https:\/\/assamcongress.com\/tr\/iv-kongre-acis-konusmasi\/","name":"IV. Kongre A\u00e7\u0131\u015f Konu\u015fmas\u0131 - ASSAM Congress","isPartOf":{"@id":"https:\/\/assamcongress.com\/tr\/#website"},"primaryImageOfPage":{"@id":"https:\/\/assamcongress.com\/tr\/iv-kongre-acis-konusmasi\/#primaryimage"},"image":{"@id":"https:\/\/assamcongress.com\/tr\/iv-kongre-acis-konusmasi\/#primaryimage"},"thumbnailUrl":"https:\/\/assamcongress.com\/download\/2020\/12\/1.jpg","datePublished":"2020-12-14T09:18:45+00:00","breadcrumb":{"@id":"https:\/\/assamcongress.com\/tr\/iv-kongre-acis-konusmasi\/#breadcrumb"},"inLanguage":"tr","potentialAction":[{"@type":"ReadAction","target":["https:\/\/assamcongress.com\/tr\/iv-kongre-acis-konusmasi\/"]}]},{"@type":"ImageObject","inLanguage":"tr","@id":"https:\/\/assamcongress.com\/tr\/iv-kongre-acis-konusmasi\/#primaryimage","url":"https:\/\/assamcongress.com\/download\/2020\/12\/1.jpg","contentUrl":"https:\/\/assamcongress.com\/download\/2020\/12\/1.jpg","width":616,"height":371},{"@type":"BreadcrumbList","@id":"https:\/\/assamcongress.com\/tr\/iv-kongre-acis-konusmasi\/#breadcrumb","itemListElement":[{"@type":"ListItem","position":1,"name":"Home","item":"https:\/\/assamcongress.com\/tr\/"},{"@type":"ListItem","position":2,"name":"IV. Kongre A\u00e7\u0131\u015f Konu\u015fmas\u0131"}]},{"@type":"WebSite","@id":"https:\/\/assamcongress.com\/tr\/#website","url":"https:\/\/assamcongress.com\/tr\/","name":"ASSAM International Congresses","description":"Adaleti Savunanlar Stratejik Ara\u015ft\u0131rmalar Merkezi","publisher":{"@id":"https:\/\/assamcongress.com\/tr\/#organization"},"potentialAction":[{"@type":"SearchAction","target":{"@type":"EntryPoint","urlTemplate":"https:\/\/assamcongress.com\/tr\/?s={search_term_string}"},"query-input":{"@type":"PropertyValueSpecification","valueRequired":true,"valueName":"search_term_string"}}],"inLanguage":"tr"},{"@type":"Organization","@id":"https:\/\/assamcongress.com\/tr\/#organization","name":"ASSAM - Justice Defenders Strategic Studies Center","url":"https:\/\/assamcongress.com\/tr\/","logo":{"@type":"ImageObject","inLanguage":"tr","@id":"https:\/\/assamcongress.com\/tr\/#\/schema\/logo\/image\/","url":"https:\/\/assamcongress.com\/download\/2025\/09\/ASSAM-Logo-2023-1-scaled.png","contentUrl":"https:\/\/assamcongress.com\/download\/2025\/09\/ASSAM-Logo-2023-1-scaled.png","width":2560,"height":2560,"caption":"ASSAM - Justice Defenders Strategic Studies Center"},"image":{"@id":"https:\/\/assamcongress.com\/tr\/#\/schema\/logo\/image\/"},"sameAs":["https:\/\/facebook.com\/assamcongresses","https:\/\/x.com\/assamcongresses","https:\/\/linkedin.com\/showcase\/assamcongresses","http:\/\/youtube.com\/ASSAMCongress","https:\/\/sosyal.teknofest.app\/@assam_der"]},{"@type":"Person","@id":"https:\/\/assamcongress.com\/tr\/#\/schema\/person\/88ab876df3f064629243273a9d94ceed","name":"ASSAM Web Admin","image":{"@type":"ImageObject","inLanguage":"tr","@id":"https:\/\/assamcongress.com\/tr\/#\/schema\/person\/image\/","url":"https:\/\/secure.gravatar.com\/avatar\/b64b9f9a11c3402664510c42229973ea79f05e8f86997d5123fb1c02cf533ea4?s=96&d=mm&r=g","contentUrl":"https:\/\/secure.gravatar.com\/avatar\/b64b9f9a11c3402664510c42229973ea79f05e8f86997d5123fb1c02cf533ea4?s=96&d=mm&r=g","caption":"ASSAM Web Admin"},"url":"https:\/\/assamcongress.com\/tr\/author\/assamkongre\/"}]}},"_links":{"self":[{"href":"https:\/\/assamcongress.com\/tr\/wp-json\/wp\/v2\/posts\/941","targetHints":{"allow":["GET"]}}],"collection":[{"href":"https:\/\/assamcongress.com\/tr\/wp-json\/wp\/v2\/posts"}],"about":[{"href":"https:\/\/assamcongress.com\/tr\/wp-json\/wp\/v2\/types\/post"}],"author":[{"embeddable":true,"href":"https:\/\/assamcongress.com\/tr\/wp-json\/wp\/v2\/users\/13"}],"replies":[{"embeddable":true,"href":"https:\/\/assamcongress.com\/tr\/wp-json\/wp\/v2\/comments?post=941"}],"version-history":[{"count":0,"href":"https:\/\/assamcongress.com\/tr\/wp-json\/wp\/v2\/posts\/941\/revisions"}],"wp:featuredmedia":[{"embeddable":true,"href":"https:\/\/assamcongress.com\/tr\/wp-json\/wp\/v2\/media\/938"}],"wp:attachment":[{"href":"https:\/\/assamcongress.com\/tr\/wp-json\/wp\/v2\/media?parent=941"}],"wp:term":[{"taxonomy":"category","embeddable":true,"href":"https:\/\/assamcongress.com\/tr\/wp-json\/wp\/v2\/categories?post=941"},{"taxonomy":"post_tag","embeddable":true,"href":"https:\/\/assamcongress.com\/tr\/wp-json\/wp\/v2\/tags?post=941"}],"curies":[{"name":"wp","href":"https:\/\/api.w.org\/{rel}","templated":true}]}}